{"id":192575,"date":"2021-11-11T12:24:00","date_gmt":"2021-11-11T18:24:00","guid":{"rendered":"http:\/\/vertienteglobal.com\/?p=192575"},"modified":"2021-11-11T13:02:45","modified_gmt":"2021-11-11T19:02:45","slug":"agenda-verde-prioritaria-para-el-prd","status":"publish","type":"post","link":"http:\/\/vertienteglobal.com\/?p=192575","title":{"rendered":"Agenda verde, prioritaria para el PRD"},"content":{"rendered":"\n<div class=\"twitterbutton\" style=\"float: right; padding-left: 5px;\"><a href=\"http:\/\/twitter.com\/share\" class=\"twitter-share-button\" data-count=\"horizontal\" data-text=\"Agenda verde, prioritaria para el PRD\" data-via=\"https:\/\/twitter.com\/VertienteGloba1\" data-url=\"http:\/\/vertienteglobal.com\/?p=192575\" data-lang=\"es\" data-related=\"Informaci\u00f3n general:S\u00edguenos para que est\u00e9ss informado\"><\/a><\/div>\n<figure class=\"wp-block-image size-large\"><img loading=\"lazy\" decoding=\"async\" width=\"720\" height=\"480\" src=\"http:\/\/vertienteglobal.com\/wp-content\/uploads\/2021\/11\/FB_IMG_1636656723286.jpg\" alt=\"\" class=\"wp-image-192576\" srcset=\"http:\/\/vertienteglobal.com\/wp-content\/uploads\/2021\/11\/FB_IMG_1636656723286.jpg 720w, http:\/\/vertienteglobal.com\/wp-content\/uploads\/2021\/11\/FB_IMG_1636656723286-300x200.jpg 300w, http:\/\/vertienteglobal.com\/wp-content\/uploads\/2021\/11\/FB_IMG_1636656723286-150x100.jpg 150w\" sizes=\"auto, (max-width: 720px) 100vw, 720px\" \/><\/figure>\n\n\n\n<p>(Redacci\u00f3n)<\/p>\n\n\n\n<p>El presidente del PRD estatal, Leobardo Rojas L\u00f3pez, afirm\u00f3 que para el PRD nacional Quintana Roo es una prioridad y, en este sentido, se realiza ese foro para ir delimitando la l\u00ednea de acci\u00f3n<\/p>\n\n\n\n<p>Canc\u00fan, Quintama Roo a 11 de noviembre de 2021.- Con la participaci\u00f3n de Luis Fueyo Mac Donald, coordinador de Red Mexicana-Agenda 2030 y Objetivos de Desarrollo Sustentable de la Organizaci\u00f3n de las Naciones Unidas (ONU) y de la ex diputada federal, Graciela Salda\u00f1a, el Partido de la Revoluci\u00f3n Democr\u00e1tica realiz\u00f3 en este centro vacacional el panel, \u00bfPor qu\u00e9 urge una agenda verde en M\u00e9xico?, como parte de los foros tem\u00e1ticos que se llevan a cabo en el marco del XVIII Congreso Nacional en todo el pa\u00eds.<\/p>\n\n\n\n<p>Roxana Luna Porquillo, presidente del Consejo Nacional del Sol Azteca, explic\u00f3 que en cumplimiento a las tareas mandatadas por el Congreso Nacional para discutir una nueva plataforma y l\u00ednea pol\u00edtica que debe establecerse rumbo al mes de diciembre discutiendo todas las nuevas formas de organizaci\u00f3n del PRD, se realiza este evento.<\/p>\n\n\n\n<p>\u201cEsta tarea cumple con la realizaci\u00f3n de algunos foros que tienen el objetivo a nivel nacional de integrar un programa de acci\u00f3n. Nosotros hemos discutido la necesidad de crear una agenda que pueda cumplir con la l\u00ednea de izquierda libertaria, democr\u00e1tica, progresista y liberal que pueda encausar las nuevas demandas que el pa\u00eds y los ciudadanos demandan para un partido social dem\u00f3crata\u201d.<\/p>\n\n\n\n<p>Es por eso, a\u00f1adi\u00f3, que cumpliendo con la agenda nacional se han iniciado diversos foros para discutir esta agenda que pueda recopilar las necesidades de toda la ciudadan\u00eda y que pueda discutirse e incluirse en el mes de diciembre en el programa nacional perredista.<\/p>\n\n\n\n<p>Luna Porquillo destac\u00f3 la realizaci\u00f3n del foro \u201cPor qu\u00e9 urge una agenda verde\u201d en el PRD a fin de saber que se requiere incorporar a fin de poder representar la demanda de los mexicanos. \u201cNosotros hemos planteado la necesidad de retomar este asunto de la agenda verde que se ha convertido en un solo discurso que no se ha logrado implementar una agenda que salvaguarde a nuestra fauna, mares, agua y que \u00fanicamente ha sido una plataforma electoral y que no se ha logrado dar una alternativa a todos los ciudadanos de este pa\u00eds\u201d.<\/p>\n\n\n\n<p>Por su parte, el presidente del PRD estatal, Leobardo Rojas L\u00f3pez, afirm\u00f3 que para el PRD nacional Quintana Roo es una prioridad y, en este sentido, se realiza ese foro para ir delimitando la l\u00ednea de acci\u00f3n.<\/p>\n\n\n\n<p>Cabe destacar que al evento asistieron el consejero nacional, Isa\u00edas Villa Gonz\u00e1lez, Karla Quintero Moreno, sub comisionada de Principioos, Deborah Romero V\u00e1zquez, de la Organizaci\u00f3n Nacional de Mujeres, el secretario general del PRD en la entidad, Rafael Esquivel Lemus, la diputada local, Iris Mora Vallejo, la consejera nacional Hayd\u00e9 Salda\u00f1a, Jes\u00fas Pool Moo, coordinador de Autoridades Locales en Quintana Roo, as\u00ed como integrantes de la Direcci\u00f3n Estatal Ejecutiva.<\/p>\n\n\n\n<figure class=\"wp-block-image size-large\"><img loading=\"lazy\" decoding=\"async\" width=\"1024\" height=\"768\" src=\"http:\/\/vertienteglobal.com\/wp-content\/uploads\/2021\/11\/20211111_131905-1024x768.jpg\" alt=\"\" class=\"wp-image-192577\" srcset=\"http:\/\/vertienteglobal.com\/wp-content\/uploads\/2021\/11\/20211111_131905-1024x768.jpg 1024w, http:\/\/vertienteglobal.com\/wp-content\/uploads\/2021\/11\/20211111_131905-300x225.jpg 300w, http:\/\/vertienteglobal.com\/wp-content\/uploads\/2021\/11\/20211111_131905-150x113.jpg 150w, http:\/\/vertienteglobal.com\/wp-content\/uploads\/2021\/11\/20211111_131905-768x576.jpg 768w, http:\/\/vertienteglobal.com\/wp-content\/uploads\/2021\/11\/20211111_131905.jpg 1200w\" sizes=\"auto, (max-width: 1024px) 100vw, 1024px\" \/><\/figure>\n\n\n\n<figure class=\"wp-block-image size-large\"><img loading=\"lazy\" decoding=\"async\" width=\"1024\" height=\"768\" src=\"http:\/\/vertienteglobal.com\/wp-content\/uploads\/2021\/11\/20211111_131900-1024x768.jpg\" alt=\"\" class=\"wp-image-192578\" srcset=\"http:\/\/vertienteglobal.com\/wp-content\/uploads\/2021\/11\/20211111_131900-1024x768.jpg 1024w, http:\/\/vertienteglobal.com\/wp-content\/uploads\/2021\/11\/20211111_131900-300x225.jpg 300w, http:\/\/vertienteglobal.com\/wp-content\/uploads\/2021\/11\/20211111_131900-150x113.jpg 150w, http:\/\/vertienteglobal.com\/wp-content\/uploads\/2021\/11\/20211111_131900-768x576.jpg 768w, http:\/\/vertienteglobal.com\/wp-content\/uploads\/2021\/11\/20211111_131900.jpg 1200w\" sizes=\"auto, (max-width: 1024px) 100vw, 1024px\" \/><\/figure>\n\n\n\n<figure class=\"wp-block-image size-large\"><img loading=\"lazy\" decoding=\"async\" width=\"720\" height=\"480\" src=\"http:\/\/vertienteglobal.com\/wp-content\/uploads\/2021\/11\/FB_IMG_1636656736973.jpg\" alt=\"\" class=\"wp-image-192579\" srcset=\"http:\/\/vertienteglobal.com\/wp-content\/uploads\/2021\/11\/FB_IMG_1636656736973.jpg 720w, http:\/\/vertienteglobal.com\/wp-content\/uploads\/2021\/11\/FB_IMG_1636656736973-300x200.jpg 300w, http:\/\/vertienteglobal.com\/wp-content\/uploads\/2021\/11\/FB_IMG_1636656736973-150x100.jpg 150w\" sizes=\"auto, (max-width: 720px) 100vw, 720px\" \/><\/figure>\n","protected":false},"excerpt":{"rendered":"<p>(Redacci\u00f3n) El presidente del PRD estatal, Leobardo Rojas L\u00f3pez, afirm\u00f3 que para el PRD nacional Quintana Roo es una prioridad y, en este sentido, se realiza ese foro para ir delimitando la l\u00ednea de acci\u00f3n Canc\u00fan, Quintama Roo a 11 de noviembre de 2021.- Con la participaci\u00f3n de Luis Fueyo Mac Donald, coordinador de Red [&hellip;]<\/p>\n","protected":false},"author":1,"featured_media":192578,"comment_status":"open","ping_status":"open","sticky":false,"template":"","format":"standard","meta":{"footnotes":""},"categories":[8,3],"tags":[],"class_list":["post-192575","post","type-post","status-publish","format-standard","has-post-thumbnail","hentry","category-pais","category-quintana-roo","entry","has-media"],"jetpack_featured_media_url":"http:\/\/vertienteglobal.com\/wp-content\/uploads\/2021\/11\/20211111_131900.jpg","_links":{"self":[{"href":"http:\/\/vertienteglobal.com\/index.php?rest_route=\/wp\/v2\/posts\/192575","targetHints":{"allow":["GET"]}}],"collection":[{"href":"http:\/\/vertienteglobal.com\/index.php?rest_route=\/wp\/v2\/posts"}],"about":[{"href":"http:\/\/vertienteglobal.com\/index.php?rest_route=\/wp\/v2\/types\/post"}],"author":[{"embeddable":true,"href":"http:\/\/vertienteglobal.com\/index.php?rest_route=\/wp\/v2\/users\/1"}],"replies":[{"embeddable":true,"href":"http:\/\/vertienteglobal.com\/index.php?rest_route=%2Fwp%2Fv2%2Fcomments&post=192575"}],"version-history":[{"count":0,"href":"http:\/\/vertienteglobal.com\/index.php?rest_route=\/wp\/v2\/posts\/192575\/revisions"}],"wp:featuredmedia":[{"embeddable":true,"href":"http:\/\/vertienteglobal.com\/index.php?rest_route=\/wp\/v2\/media\/192578"}],"wp:attachment":[{"href":"http:\/\/vertienteglobal.com\/index.php?rest_route=%2Fwp%2Fv2%2Fmedia&parent=192575"}],"wp:term":[{"taxonomy":"category","embeddable":true,"href":"http:\/\/vertienteglobal.com\/index.php?rest_route=%2Fwp%2Fv2%2Fcategories&post=192575"},{"taxonomy":"post_tag","embeddable":true,"href":"http:\/\/vertienteglobal.com\/index.php?rest_route=%2Fwp%2Fv2%2Ftags&post=192575"}],"curies":[{"name":"wp","href":"https:\/\/api.w.org\/{rel}","templated":true}]}}