{"id":192442,"date":"2021-11-09T02:35:50","date_gmt":"2021-11-09T08:35:50","guid":{"rendered":"http:\/\/vertienteglobal.com\/?p=192442"},"modified":"2021-11-10T07:38:01","modified_gmt":"2021-11-10T13:38:01","slug":"amlo-propone-en-la-onu-plan-mundial-contra-la-pobreza-con-aportaciones-de-ricos-y-grandes-corporaciones","status":"publish","type":"post","link":"http:\/\/vertienteglobal.com\/?p=192442","title":{"rendered":"AMLO propone en la ONU plan mundial contra la pobreza con aportaciones de ricos y grandes corporaciones"},"content":{"rendered":"\n<div class=\"twitterbutton\" style=\"float: right; padding-left: 5px;\"><a href=\"http:\/\/twitter.com\/share\" class=\"twitter-share-button\" data-count=\"horizontal\" data-text=\"AMLO propone en la ONU plan mundial contra la pobreza con aportaciones de ricos ...\" data-via=\"https:\/\/twitter.com\/VertienteGloba1\" data-url=\"http:\/\/vertienteglobal.com\/?p=192442\" data-lang=\"es\" data-related=\"Informaci\u00f3n general:S\u00edguenos para que est\u00e9ss informado\"><\/a><\/div>\n<figure class=\"wp-block-image size-large\"><img loading=\"lazy\" decoding=\"async\" width=\"660\" height=\"330\" src=\"http:\/\/vertienteglobal.com\/wp-content\/uploads\/2021\/11\/amlo-onu-propone-plan-1-660x330-1.jpg\" alt=\"\" class=\"wp-image-192443\" srcset=\"http:\/\/vertienteglobal.com\/wp-content\/uploads\/2021\/11\/amlo-onu-propone-plan-1-660x330-1.jpg 660w, http:\/\/vertienteglobal.com\/wp-content\/uploads\/2021\/11\/amlo-onu-propone-plan-1-660x330-1-300x150.jpg 300w, http:\/\/vertienteglobal.com\/wp-content\/uploads\/2021\/11\/amlo-onu-propone-plan-1-660x330-1-150x75.jpg 150w\" sizes=\"auto, (max-width: 660px) 100vw, 660px\" \/><\/figure>\n\n\n\n<p>(Redacci\u00f3n)<\/p>\n\n\n\n<p>El fondo contar\u00eda con aportaciones de las mil personas m\u00e1s ricas del planeta, de similar n\u00famero de grandes corporaciones empresariales y el 0.2% del PIB de los pa\u00edses del G20<\/p>\n\n\n\n<p>Nueva York, EEUU, 09 de noviembre de 2021.-El presidente de M\u00e9xico, Andr\u00e9s Manuel L\u00f3pez Obrador (AMLO), propuso hoy, 9 de noviembre de 2021, en el Consejo de Seguridad de la ONU la creaci\u00f3n de un mecanismo mundial que permita acabar con la pobreza que aqueja a 750 millones de personas que hoy sobreviven con menos de dos d\u00f3lares al d\u00eda.<\/p>\n\n\n\n<p>El mecanismo, que ser\u00e1 expuesto con detalle por M\u00e9xico ante la Asamblea General de la ONU en los pr\u00f3ximos d\u00edas, se financiar\u00eda con un fondo que se alimentar\u00eda de tres fuentes: una contribuci\u00f3n \u201cvoluntaria\u201d anual del 4% de las mil fortunas m\u00e1s grandes de la tierra, un porcentaje similar de las mil empresas m\u00e1s grandes y un 0.2% del PIB de cada uno de los pa\u00edses ricos agrupados en el llamado G20.<\/p>\n\n\n\n<p>El nombre que propuso ser\u00eda el de Programa Mundial por la Fraternidad y el Bienestar, y si los aludidos por el proyecto mexicano accedieran, L\u00f3pez Obrador calcula que recaudar\u00eda \u201cun bill\u00f3n de d\u00f3lares\u201d.<\/p>\n\n\n\n<p>Seg\u00fan el presidente mexicano, este fondo deber\u00e1 distribuirse directamente y sin intermediaci\u00f3n a los beneficiaros, con el fin de evitar la burocracia, mediante la presentaci\u00f3n de \u201cuna tarjeta o monedero electr\u00f3nico\u201d creado ad hoc, y sugiri\u00f3 que sea el Banco Mundial o el Fondo Monetario Internacional los que se encarguen de crear este \u201ccenso de los m\u00e1s pobres del mundo\u201d.<\/p>\n\n\n\n<p>El destino inmediato de esos fondos -precis\u00f3- ir\u00eda a pagas a los m\u00e1s ancianos y a ni\u00f1os con discapacidades, becas de estudio, programas de apoyo para el aprendizaje profesional y distribuci\u00f3n de vacunas y medicamentos gratuitos.<\/p>\n\n\n\n<p>\u201cNo creo que los miembros permanentes del Consejo de Seguridad (que tienen derechos de veto a las resoluciones del Consejo) se opongan, pues no estamos hablando de armas nucleares ni de poner en riesgo la seguridad del mundo\u201d, razon\u00f3. (Fuente: Noticieros Televisa)<\/p>\n","protected":false},"excerpt":{"rendered":"<p>(Redacci\u00f3n) El fondo contar\u00eda con aportaciones de las mil personas m\u00e1s ricas del planeta, de similar n\u00famero de grandes corporaciones empresariales y el 0.2% del PIB de los pa\u00edses del G20 Nueva York, EEUU, 09 de noviembre de 2021.-El presidente de M\u00e9xico, Andr\u00e9s Manuel L\u00f3pez Obrador (AMLO), propuso hoy, 9 de noviembre de 2021, en [&hellip;]<\/p>\n","protected":false},"author":1,"featured_media":192443,"comment_status":"open","ping_status":"open","sticky":false,"template":"","format":"standard","meta":{"footnotes":""},"categories":[8],"tags":[],"class_list":["post-192442","post","type-post","status-publish","format-standard","has-post-thumbnail","hentry","category-pais","entry","has-media"],"jetpack_featured_media_url":"http:\/\/vertienteglobal.com\/wp-content\/uploads\/2021\/11\/amlo-onu-propone-plan-1-660x330-1.jpg","_links":{"self":[{"href":"http:\/\/vertienteglobal.com\/index.php?rest_route=\/wp\/v2\/posts\/192442","targetHints":{"allow":["GET"]}}],"collection":[{"href":"http:\/\/vertienteglobal.com\/index.php?rest_route=\/wp\/v2\/posts"}],"about":[{"href":"http:\/\/vertienteglobal.com\/index.php?rest_route=\/wp\/v2\/types\/post"}],"author":[{"embeddable":true,"href":"http:\/\/vertienteglobal.com\/index.php?rest_route=\/wp\/v2\/users\/1"}],"replies":[{"embeddable":true,"href":"http:\/\/vertienteglobal.com\/index.php?rest_route=%2Fwp%2Fv2%2Fcomments&post=192442"}],"version-history":[{"count":0,"href":"http:\/\/vertienteglobal.com\/index.php?rest_route=\/wp\/v2\/posts\/192442\/revisions"}],"wp:featuredmedia":[{"embeddable":true,"href":"http:\/\/vertienteglobal.com\/index.php?rest_route=\/wp\/v2\/media\/192443"}],"wp:attachment":[{"href":"http:\/\/vertienteglobal.com\/index.php?rest_route=%2Fwp%2Fv2%2Fmedia&parent=192442"}],"wp:term":[{"taxonomy":"category","embeddable":true,"href":"http:\/\/vertienteglobal.com\/index.php?rest_route=%2Fwp%2Fv2%2Fcategories&post=192442"},{"taxonomy":"post_tag","embeddable":true,"href":"http:\/\/vertienteglobal.com\/index.php?rest_route=%2Fwp%2Fv2%2Ftags&post=192442"}],"curies":[{"name":"wp","href":"https:\/\/api.w.org\/{rel}","templated":true}]}}