{"id":192191,"date":"2021-11-05T16:42:00","date_gmt":"2021-11-05T22:42:00","guid":{"rendered":"http:\/\/vertienteglobal.com\/?p=192191"},"modified":"2021-11-05T22:43:42","modified_gmt":"2021-11-06T04:43:42","slug":"firma-de-convenio-entre-conalep-quintana-roo-y-el-grupo-vidanta","status":"publish","type":"post","link":"http:\/\/vertienteglobal.com\/?p=192191","title":{"rendered":"Firma de convenio entre Conalep Quintana Roo y el grupo Vidanta"},"content":{"rendered":"\n<div class=\"twitterbutton\" style=\"float: right; padding-left: 5px;\"><a href=\"http:\/\/twitter.com\/share\" class=\"twitter-share-button\" data-count=\"horizontal\" data-text=\"Firma de convenio entre Conalep Quintana Roo y el grupo Vidanta\" data-via=\"https:\/\/twitter.com\/VertienteGloba1\" data-url=\"http:\/\/vertienteglobal.com\/?p=192191\" data-lang=\"es\" data-related=\"Informaci\u00f3n general:S\u00edguenos para que est\u00e9ss informado\"><\/a><\/div>\n<figure class=\"wp-block-image size-large\"><img loading=\"lazy\" decoding=\"async\" width=\"692\" height=\"360\" src=\"http:\/\/vertienteglobal.com\/wp-content\/uploads\/2021\/11\/FB_IMG_1636173721778.jpg\" alt=\"\" class=\"wp-image-192192\" srcset=\"http:\/\/vertienteglobal.com\/wp-content\/uploads\/2021\/11\/FB_IMG_1636173721778.jpg 692w, http:\/\/vertienteglobal.com\/wp-content\/uploads\/2021\/11\/FB_IMG_1636173721778-300x156.jpg 300w, http:\/\/vertienteglobal.com\/wp-content\/uploads\/2021\/11\/FB_IMG_1636173721778-150x78.jpg 150w\" sizes=\"auto, (max-width: 692px) 100vw, 692px\" \/><\/figure>\n\n\n\n<p>(Redacci\u00f3n)<\/p>\n\n\n\n<p>El subsistema media superior es el \u00fanico en el estado en involucrar a sus estudiantes con empresas nacionales e internacionales para brindar una mayor formaci\u00f3n acad\u00e9mica<\/p>\n\n\n\n<p>Playa del Carmen, Solidaridad, Quintana Roo a 05 de noviembre de 2021.- El Colegio Nacional de Educaci\u00f3n Profesional T\u00e9cnica (Conalep) Quintana Roo llev\u00f3 a cabo la firma de convenio de colaboraci\u00f3n con Grupo Vidanta, en busca de mayores oportunidades para los estudiantes del subsistema media superior, quienes podr\u00e1n realizar sus pr\u00e1cticas profesionales en el resort.<\/p>\n\n\n\n<p>An\u00edbal Jos\u00e9 Montalvo P\u00e9rez, director General del Conalep Quintana Roo, destac\u00f3 el compromiso del subsistema que es buscar las mejores oportunidades para los estudiantes y que su formaci\u00f3n acad\u00e9mica sea competitiva, es por ello que se busca la colaboraci\u00f3n con empresas nacionales e internacionales m\u00e1s importantes, como es el caso de Grupo Vidanta.<\/p>\n\n\n\n<p>\u201cSomos el \u00fanico subsistema de media superior en el estado en ofrecer estar oportunidades a los chicos para su formaci\u00f3n acad\u00e9mica con las empresas m\u00e1s importantes a nivel mundial, es nuestro compromiso seguir abri\u00e9ndoles camino en sus respectivas \u00e1reas\u201d, extern\u00f3 el director general.<\/p>\n\n\n\n<p>Dentro de los beneficios con esta firma de convenio que se realiz\u00f3 en Resort Vidanta, es la formaci\u00f3n integral de estudiantes y la capacitaci\u00f3n de calidad de docentes del subsistema.<\/p>\n\n\n\n<p>Que los alumnos del Conalep Quintana Roo, que estudien carreras pertinentes y acordes a las necesidades del sector tur\u00edstico, puedan incorporarse al Resort Vidanta en calidad de aprendices al optar por el sistema de educaci\u00f3n dual como modalidad de estudios.<\/p>\n\n\n\n<p>Desarrollar pr\u00e1cticas profesionales a trav\u00e9s de los diferentes programas de formaci\u00f3n que opera el Resort Vidanta y siguiendo los est\u00e1ndares de calidad de orden mundial que promueve la empresa.<\/p>\n\n\n\n<p>Adem\u00e1s de identificar el talento que existe en los estudiantes del Conalep Quintana Roo, para sumarlo a las necesidades laborales del sector tur\u00edstico y que de esta forma se contribuye como instituci\u00f3n educativa a la recuperaci\u00f3n econ\u00f3mica de Quintana Roo.<\/p>\n\n\n\n<p>Dentro de la firma de convenio de Grupo Vidanta estuvieron presente: El\u00edas Hern\u00e1ndez, gerente General de Desarrollo; Rub\u00e9n Alanis, gerente Ejecutivo de Recursos Humanos; Carlos Eduardo Rodr\u00edguez, gerente de Entrenamiento y Desarrollo; Y\u00e9ssica P\u00e9rez y Arida\u00ed Ram\u00edrez, jefa y coordinadora de Entrenamiento, respectivamente.<\/p>\n\n\n\n<p>Acompa\u00f1ando a An\u00edbal Montalvo P\u00e9rez, asisti\u00f3 su equipo acad\u00e9mico y de Vinculaci\u00f3n de la Direcci\u00f3n General y directivos del plantel Conalep de Playa del Carmen.<\/p>\n","protected":false},"excerpt":{"rendered":"<p>(Redacci\u00f3n) El subsistema media superior es el \u00fanico en el estado en involucrar a sus estudiantes con empresas nacionales e internacionales para brindar una mayor formaci\u00f3n acad\u00e9mica Playa del Carmen, Solidaridad, Quintana Roo a 05 de noviembre de 2021.- El Colegio Nacional de Educaci\u00f3n Profesional T\u00e9cnica (Conalep) Quintana Roo llev\u00f3 a cabo la firma de [&hellip;]<\/p>\n","protected":false},"author":1,"featured_media":192192,"comment_status":"open","ping_status":"open","sticky":false,"template":"","format":"standard","meta":{"footnotes":""},"categories":[9,3],"tags":[],"class_list":["post-192191","post","type-post","status-publish","format-standard","has-post-thumbnail","hentry","category-educacion","category-quintana-roo","entry","has-media"],"jetpack_featured_media_url":"http:\/\/vertienteglobal.com\/wp-content\/uploads\/2021\/11\/FB_IMG_1636173721778.jpg","_links":{"self":[{"href":"http:\/\/vertienteglobal.com\/index.php?rest_route=\/wp\/v2\/posts\/192191","targetHints":{"allow":["GET"]}}],"collection":[{"href":"http:\/\/vertienteglobal.com\/index.php?rest_route=\/wp\/v2\/posts"}],"about":[{"href":"http:\/\/vertienteglobal.com\/index.php?rest_route=\/wp\/v2\/types\/post"}],"author":[{"embeddable":true,"href":"http:\/\/vertienteglobal.com\/index.php?rest_route=\/wp\/v2\/users\/1"}],"replies":[{"embeddable":true,"href":"http:\/\/vertienteglobal.com\/index.php?rest_route=%2Fwp%2Fv2%2Fcomments&post=192191"}],"version-history":[{"count":0,"href":"http:\/\/vertienteglobal.com\/index.php?rest_route=\/wp\/v2\/posts\/192191\/revisions"}],"wp:featuredmedia":[{"embeddable":true,"href":"http:\/\/vertienteglobal.com\/index.php?rest_route=\/wp\/v2\/media\/192192"}],"wp:attachment":[{"href":"http:\/\/vertienteglobal.com\/index.php?rest_route=%2Fwp%2Fv2%2Fmedia&parent=192191"}],"wp:term":[{"taxonomy":"category","embeddable":true,"href":"http:\/\/vertienteglobal.com\/index.php?rest_route=%2Fwp%2Fv2%2Fcategories&post=192191"},{"taxonomy":"post_tag","embeddable":true,"href":"http:\/\/vertienteglobal.com\/index.php?rest_route=%2Fwp%2Fv2%2Ftags&post=192191"}],"curies":[{"name":"wp","href":"https:\/\/api.w.org\/{rel}","templated":true}]}}