{"id":192093,"date":"2021-11-04T20:28:00","date_gmt":"2021-11-05T02:28:00","guid":{"rendered":"http:\/\/vertienteglobal.com\/?p=192093"},"modified":"2021-11-04T21:32:55","modified_gmt":"2021-11-05T03:32:55","slug":"inicia-fge-carpeta-de-investigacion-por-los-hechos-ocurridos-en-una-playa-en-bahia-petempich-de-puerto-morelos-donde-dos-personas-perdieron-la-vida-por-presuntos-integrantes-de-un-grupo-de-narcomenudi","status":"publish","type":"post","link":"http:\/\/vertienteglobal.com\/?p=192093","title":{"rendered":"Inicia FGE carpeta de investigaci\u00f3n por los hechos ocurridos en una playa en Bah\u00eda Petempich de Puerto Morelos donde dos personas perdieron la vida por presuntos integrantes de un grupo de narcomenudistas"},"content":{"rendered":"\n<div class=\"twitterbutton\" style=\"float: right; padding-left: 5px;\"><a href=\"http:\/\/twitter.com\/share\" class=\"twitter-share-button\" data-count=\"horizontal\" data-text=\"Inicia FGE carpeta de investigaci\u00f3n por los hechos ocurridos en una playa en Ba...\" data-via=\"https:\/\/twitter.com\/VertienteGloba1\" data-url=\"http:\/\/vertienteglobal.com\/?p=192093\" data-lang=\"es\" data-related=\"Informaci\u00f3n general:S\u00edguenos para que est\u00e9ss informado\"><\/a><\/div>\n<figure class=\"wp-block-image size-large\"><img loading=\"lazy\" decoding=\"async\" width=\"664\" height=\"379\" src=\"http:\/\/vertienteglobal.com\/wp-content\/uploads\/2021\/11\/FB_IMG_16360646475652.jpg\" alt=\"\" class=\"wp-image-192094\" srcset=\"http:\/\/vertienteglobal.com\/wp-content\/uploads\/2021\/11\/FB_IMG_16360646475652.jpg 664w, http:\/\/vertienteglobal.com\/wp-content\/uploads\/2021\/11\/FB_IMG_16360646475652-300x171.jpg 300w, http:\/\/vertienteglobal.com\/wp-content\/uploads\/2021\/11\/FB_IMG_16360646475652-150x86.jpg 150w\" sizes=\"auto, (max-width: 664px) 100vw, 664px\" \/><\/figure>\n\n\n\n<p>(Redacci\u00f3n)<\/p>\n\n\n\n<p>La Fiscal\u00eda General del Estado de Quintana Roo practicar\u00e1 todos los actos de investigaci\u00f3n para perseguir y capturar a los probables participantes de este hecho il\u00edcito<\/p>\n\n\n\n<p>Puerto Morelos, Quintana Roo a 04 de noviembre de 2021.- La Fiscal\u00eda General del Estado de Quintana Roo informa que inici\u00f3 la carpeta de investigaci\u00f3n relacionada a los hechos ocurridos en una zona arenal de Bah\u00eda Petempich, en el municipio de Puerto Morelos en donde dos personas del sexo masculino perdieron la vida tras recibir impactos de bala por integrantes de un grupo delictivo dedicado al narcomenudeo y con quienes -de acuerdo a datos preliminares-, se disputaban espacios para la venta de sustancias t\u00f3xicas.<\/p>\n\n\n\n<p>Del resultado de las primeras investigaciones, se logr\u00f3 conocer que a las 11 horas con 30 minutos se present\u00f3 un grupo de 4 a 5 personas y mencionaron que ellos iban a ser los encargados de la venta de droga en esa zona de la playa, qued\u00e1ndose en el lugar dos de ellos. Sin que se haya reportado a la autoridad.<\/p>\n\n\n\n<p>A las 14 horas con 10 minutos -aproximadamente- se present\u00f3 un grupo de 15 sujetos quienes se dirigieron directamente a las dos personas que permanec\u00edan en la zona de playas, capturando a uno de ellos, mientras que otro corri\u00f3 hacia el interior de un centro de hospedaje donde finalmente qued\u00f3 sin vida, mientras que al otro sujeto lo privaron de la libertad y metros adelante de la vida, d\u00e1ndose a la fuga.<\/p>\n\n\n\n<p>De estos hechos, result\u00f3 una persona lesionada que fue trasladada a un hospital con lesiones que no representan un riesgo para su vida.<\/p>\n\n\n\n<p>Inmediatamente a lo anterior se presentaron peritos de diversas especialidades y polic\u00edas de investigaci\u00f3n para recolectar la evidencia del lugar de los hechos.<\/p>\n\n\n\n<p>Los cuerpos fueron trasladados al Servicio M\u00e9dico Forense donde se espera sean identificados por sus familiares.<\/p>\n\n\n\n<p>La Fiscal\u00eda General del Estado de Quintana Roo practicar\u00e1 todos los actos de investigaci\u00f3n para perseguir y capturar a los probables participantes de este hecho il\u00edcito.<\/p>\n","protected":false},"excerpt":{"rendered":"<p>(Redacci\u00f3n) La Fiscal\u00eda General del Estado de Quintana Roo practicar\u00e1 todos los actos de investigaci\u00f3n para perseguir y capturar a los probables participantes de este hecho il\u00edcito Puerto Morelos, Quintana Roo a 04 de noviembre de 2021.- La Fiscal\u00eda General del Estado de Quintana Roo informa que inici\u00f3 la carpeta de investigaci\u00f3n relacionada a los [&hellip;]<\/p>\n","protected":false},"author":1,"featured_media":192094,"comment_status":"open","ping_status":"open","sticky":false,"template":"","format":"standard","meta":{"footnotes":""},"categories":[3],"tags":[],"class_list":["post-192093","post","type-post","status-publish","format-standard","has-post-thumbnail","hentry","category-quintana-roo","entry","has-media"],"jetpack_featured_media_url":"http:\/\/vertienteglobal.com\/wp-content\/uploads\/2021\/11\/FB_IMG_16360646475652.jpg","_links":{"self":[{"href":"http:\/\/vertienteglobal.com\/index.php?rest_route=\/wp\/v2\/posts\/192093","targetHints":{"allow":["GET"]}}],"collection":[{"href":"http:\/\/vertienteglobal.com\/index.php?rest_route=\/wp\/v2\/posts"}],"about":[{"href":"http:\/\/vertienteglobal.com\/index.php?rest_route=\/wp\/v2\/types\/post"}],"author":[{"embeddable":true,"href":"http:\/\/vertienteglobal.com\/index.php?rest_route=\/wp\/v2\/users\/1"}],"replies":[{"embeddable":true,"href":"http:\/\/vertienteglobal.com\/index.php?rest_route=%2Fwp%2Fv2%2Fcomments&post=192093"}],"version-history":[{"count":0,"href":"http:\/\/vertienteglobal.com\/index.php?rest_route=\/wp\/v2\/posts\/192093\/revisions"}],"wp:featuredmedia":[{"embeddable":true,"href":"http:\/\/vertienteglobal.com\/index.php?rest_route=\/wp\/v2\/media\/192094"}],"wp:attachment":[{"href":"http:\/\/vertienteglobal.com\/index.php?rest_route=%2Fwp%2Fv2%2Fmedia&parent=192093"}],"wp:term":[{"taxonomy":"category","embeddable":true,"href":"http:\/\/vertienteglobal.com\/index.php?rest_route=%2Fwp%2Fv2%2Fcategories&post=192093"},{"taxonomy":"post_tag","embeddable":true,"href":"http:\/\/vertienteglobal.com\/index.php?rest_route=%2Fwp%2Fv2%2Ftags&post=192093"}],"curies":[{"name":"wp","href":"https:\/\/api.w.org\/{rel}","templated":true}]}}