{"id":192052,"date":"2021-11-04T08:50:00","date_gmt":"2021-11-04T14:50:00","guid":{"rendered":"http:\/\/vertienteglobal.com\/?p=192052"},"modified":"2021-11-04T14:03:12","modified_gmt":"2021-11-04T20:03:12","slug":"conoce-los-productos-de-temporada-de-noviembre","status":"publish","type":"post","link":"http:\/\/vertienteglobal.com\/?p=192052","title":{"rendered":"Conoce los productos de temporada de noviembre"},"content":{"rendered":"\n<div class=\"twitterbutton\" style=\"float: right; padding-left: 5px;\"><a href=\"http:\/\/twitter.com\/share\" class=\"twitter-share-button\" data-count=\"horizontal\" data-text=\"Conoce los productos de temporada de noviembre\" data-via=\"https:\/\/twitter.com\/VertienteGloba1\" data-url=\"http:\/\/vertienteglobal.com\/?p=192052\" data-lang=\"es\" data-related=\"Informaci\u00f3n general:S\u00edguenos para que est\u00e9ss informado\"><\/a><\/div>\n<figure class=\"wp-block-image size-large\"><img loading=\"lazy\" decoding=\"async\" width=\"798\" height=\"585\" src=\"http:\/\/vertienteglobal.com\/wp-content\/uploads\/2021\/11\/20211104_0919422.jpg\" alt=\"\" class=\"wp-image-192058\" srcset=\"http:\/\/vertienteglobal.com\/wp-content\/uploads\/2021\/11\/20211104_0919422.jpg 798w, http:\/\/vertienteglobal.com\/wp-content\/uploads\/2021\/11\/20211104_0919422-300x220.jpg 300w, http:\/\/vertienteglobal.com\/wp-content\/uploads\/2021\/11\/20211104_0919422-150x110.jpg 150w, http:\/\/vertienteglobal.com\/wp-content\/uploads\/2021\/11\/20211104_0919422-768x563.jpg 768w\" sizes=\"auto, (max-width: 798px) 100vw, 798px\" \/><\/figure>\n\n\n\n<p>(Redacci\u00f3n)<\/p>\n\n\n\n<p>Con noviembre comienza una \u00e9poca de frutas y verduras frescas y nutritivas, que llenan a este mes de sabores \u00fanicos<\/p>\n\n\n\n<p>Ciudad de M\u00e9xico a 04 de noviembre de 2021.-En noviembre y su tradicional fiesta de D\u00eda de Muertos, comenzamos una temporada ligada a la comida y a sus diferentes productos que llegan a nuestra mesa.<\/p>\n\n\n\n<p>Este mes comenzamos a ver en los mercados de M\u00e9xico, productos que van ligados a las festividades de d\u00eda de muertos y todos aquellos que colocamos en nuestras ofrendas.<\/p>\n\n\n\n<p>Algunos de ellos son:<\/p>\n\n\n\n<p>Mandarina. Es sin duda la joya de esta \u00e9poca, pues es un c\u00edtrico que adem\u00e1s de nutritivo, llena de su sabor nuestras ofrendas. Su producci\u00f3n nacional es de 302 mil 720 toneladas.<\/p>\n\n\n\n<p>Fresa. Es una fruta \u00fanica, se utiliza en diversas preparaciones y en estos meses es su temporada fuerte. Su producci\u00f3n nacional es de 557 mil 514 toneladas.<\/p>\n\n\n\n<p>Guayaba. Con un sabor y olor particular, la guayaba es un fruto ideal para esta \u00e9poca. Su producci\u00f3n en el 2020 es de 287 mil 243 toneladas.<\/p>\n\n\n\n<p>Zarzamora. Es un fruto de color negro, arom\u00e1tico y \u00e1cido que se consume generalmente crudo o procesado. El principal productor de zarzamora es Michoac\u00e1n, con una producci\u00f3n de 201 mil 346 toneladas.<\/p>\n\n\n\n<p>Pera. La pera es la fruta dulce y \u00fanica que acompa\u00f1a a esta temporada, siendo su principal productor el estado de Puebla con 12 mil 337 toneladas.<\/p>\n\n\n\n<p>Zapote. Es una fruta tropical que tiene muchas variedades. Su producci\u00f3n anual es de 18 mil 310 toneladas.<\/p>\n\n\n\n<p>Berenjena. Es una hortaliza que se encuentra en diferentes formas, tama\u00f1os y diversos colores. Su producci\u00f3n nacional es de 112 mil 195 toneladas.<\/p>\n\n\n\n<figure class=\"wp-block-image size-large\"><img loading=\"lazy\" decoding=\"async\" width=\"1024\" height=\"683\" src=\"http:\/\/vertienteglobal.com\/wp-content\/uploads\/2021\/11\/Citricos__6_-1024x683.jpg\" alt=\"\" class=\"wp-image-192055\" srcset=\"http:\/\/vertienteglobal.com\/wp-content\/uploads\/2021\/11\/Citricos__6_-1024x683.jpg 1024w, http:\/\/vertienteglobal.com\/wp-content\/uploads\/2021\/11\/Citricos__6_-300x200.jpg 300w, http:\/\/vertienteglobal.com\/wp-content\/uploads\/2021\/11\/Citricos__6_-150x100.jpg 150w, http:\/\/vertienteglobal.com\/wp-content\/uploads\/2021\/11\/Citricos__6_-768x512.jpg 768w, http:\/\/vertienteglobal.com\/wp-content\/uploads\/2021\/11\/Citricos__6_-1536x1024.jpg 1536w, http:\/\/vertienteglobal.com\/wp-content\/uploads\/2021\/11\/Citricos__6_-2048x1365.jpg 2048w\" sizes=\"auto, (max-width: 1024px) 100vw, 1024px\" \/><\/figure>\n\n\n\n<figure class=\"wp-block-image size-large\"><img loading=\"lazy\" decoding=\"async\" width=\"410\" height=\"1024\" src=\"http:\/\/vertienteglobal.com\/wp-content\/uploads\/2021\/11\/20211104_091942-410x1024.jpg\" alt=\"\" class=\"wp-image-192056\" srcset=\"http:\/\/vertienteglobal.com\/wp-content\/uploads\/2021\/11\/20211104_091942-410x1024.jpg 410w, http:\/\/vertienteglobal.com\/wp-content\/uploads\/2021\/11\/20211104_091942-120x300.jpg 120w, http:\/\/vertienteglobal.com\/wp-content\/uploads\/2021\/11\/20211104_091942-60x150.jpg 60w, http:\/\/vertienteglobal.com\/wp-content\/uploads\/2021\/11\/20211104_091942-768x1920.jpg 768w, http:\/\/vertienteglobal.com\/wp-content\/uploads\/2021\/11\/20211104_091942.jpg 800w\" sizes=\"auto, (max-width: 410px) 100vw, 410px\" \/><\/figure>\n\n\n\n<figure class=\"wp-block-image size-large\"><img loading=\"lazy\" decoding=\"async\" width=\"1024\" height=\"572\" src=\"http:\/\/vertienteglobal.com\/wp-content\/uploads\/2021\/11\/20211104_092005-1024x572.jpg\" alt=\"\" class=\"wp-image-192057\" srcset=\"http:\/\/vertienteglobal.com\/wp-content\/uploads\/2021\/11\/20211104_092005-1024x572.jpg 1024w, http:\/\/vertienteglobal.com\/wp-content\/uploads\/2021\/11\/20211104_092005-300x168.jpg 300w, http:\/\/vertienteglobal.com\/wp-content\/uploads\/2021\/11\/20211104_092005-150x84.jpg 150w, http:\/\/vertienteglobal.com\/wp-content\/uploads\/2021\/11\/20211104_092005-768x429.jpg 768w, http:\/\/vertienteglobal.com\/wp-content\/uploads\/2021\/11\/20211104_092005.jpg 1200w\" sizes=\"auto, (max-width: 1024px) 100vw, 1024px\" \/><\/figure>\n","protected":false},"excerpt":{"rendered":"<p>(Redacci\u00f3n) Con noviembre comienza una \u00e9poca de frutas y verduras frescas y nutritivas, que llenan a este mes de sabores \u00fanicos Ciudad de M\u00e9xico a 04 de noviembre de 2021.-En noviembre y su tradicional fiesta de D\u00eda de Muertos, comenzamos una temporada ligada a la comida y a sus diferentes productos que llegan a nuestra [&hellip;]<\/p>\n","protected":false},"author":1,"featured_media":192058,"comment_status":"open","ping_status":"open","sticky":false,"template":"","format":"standard","meta":{"footnotes":""},"categories":[8],"tags":[],"class_list":["post-192052","post","type-post","status-publish","format-standard","has-post-thumbnail","hentry","category-pais","entry","has-media"],"jetpack_featured_media_url":"http:\/\/vertienteglobal.com\/wp-content\/uploads\/2021\/11\/20211104_0919422.jpg","_links":{"self":[{"href":"http:\/\/vertienteglobal.com\/index.php?rest_route=\/wp\/v2\/posts\/192052","targetHints":{"allow":["GET"]}}],"collection":[{"href":"http:\/\/vertienteglobal.com\/index.php?rest_route=\/wp\/v2\/posts"}],"about":[{"href":"http:\/\/vertienteglobal.com\/index.php?rest_route=\/wp\/v2\/types\/post"}],"author":[{"embeddable":true,"href":"http:\/\/vertienteglobal.com\/index.php?rest_route=\/wp\/v2\/users\/1"}],"replies":[{"embeddable":true,"href":"http:\/\/vertienteglobal.com\/index.php?rest_route=%2Fwp%2Fv2%2Fcomments&post=192052"}],"version-history":[{"count":0,"href":"http:\/\/vertienteglobal.com\/index.php?rest_route=\/wp\/v2\/posts\/192052\/revisions"}],"wp:featuredmedia":[{"embeddable":true,"href":"http:\/\/vertienteglobal.com\/index.php?rest_route=\/wp\/v2\/media\/192058"}],"wp:attachment":[{"href":"http:\/\/vertienteglobal.com\/index.php?rest_route=%2Fwp%2Fv2%2Fmedia&parent=192052"}],"wp:term":[{"taxonomy":"category","embeddable":true,"href":"http:\/\/vertienteglobal.com\/index.php?rest_route=%2Fwp%2Fv2%2Fcategories&post=192052"},{"taxonomy":"post_tag","embeddable":true,"href":"http:\/\/vertienteglobal.com\/index.php?rest_route=%2Fwp%2Fv2%2Ftags&post=192052"}],"curies":[{"name":"wp","href":"https:\/\/api.w.org\/{rel}","templated":true}]}}