{"id":192015,"date":"2021-11-03T20:51:00","date_gmt":"2021-11-04T02:51:00","guid":{"rendered":"http:\/\/vertienteglobal.com\/?p=192015"},"modified":"2021-11-03T22:01:02","modified_gmt":"2021-11-04T04:01:02","slug":"exitoso-primer-festival-de-dia-de-muertos-del-mas-alla-a-la-vida-en-uman","status":"publish","type":"post","link":"http:\/\/vertienteglobal.com\/?p=192015","title":{"rendered":"Exitoso Primer Festival de D\u00eda de Muertos \u201cDel M\u00e1s All\u00e1, a la Vida\u201d en Um\u00e1n"},"content":{"rendered":"\n<div class=\"twitterbutton\" style=\"float: right; padding-left: 5px;\"><a href=\"http:\/\/twitter.com\/share\" class=\"twitter-share-button\" data-count=\"horizontal\" data-text=\"Exitoso Primer Festival de D\u00eda de Muertos \u201cDel M\u00e1s All\u00e1, a la Vida\u201d en Um...\" data-via=\"https:\/\/twitter.com\/VertienteGloba1\" data-url=\"http:\/\/vertienteglobal.com\/?p=192015\" data-lang=\"es\" data-related=\"Informaci\u00f3n general:S\u00edguenos para que est\u00e9ss informado\"><\/a><\/div>\n<figure class=\"wp-block-image size-large\"><img loading=\"lazy\" decoding=\"async\" width=\"660\" height=\"330\" src=\"http:\/\/vertienteglobal.com\/wp-content\/uploads\/2021\/11\/3-660x330-1.jpg\" alt=\"\" class=\"wp-image-192016\" srcset=\"http:\/\/vertienteglobal.com\/wp-content\/uploads\/2021\/11\/3-660x330-1.jpg 660w, http:\/\/vertienteglobal.com\/wp-content\/uploads\/2021\/11\/3-660x330-1-300x150.jpg 300w, http:\/\/vertienteglobal.com\/wp-content\/uploads\/2021\/11\/3-660x330-1-150x75.jpg 150w\" sizes=\"auto, (max-width: 660px) 100vw, 660px\" \/><\/figure>\n\n\n\n<p>(Redacci\u00f3n)<\/p>\n\n\n\n<p>Lourdes Xool, vecina de la colonia San L\u00e1zaro agradeci\u00f3 al Presidente Municipal por no olvidarse de estas fechas que son significativas para todos y crear actividades que permiten transmitir las tradiciones a las nuevas generaciones<\/p>\n\n\n\n<p>Um\u00e1n, Yucat\u00e1n a 3 de noviembre de 2021.- Con la participaci\u00f3n de decenas de personas que se dieron cita a las afueras del Cementerio General Santa Matilde, concluy\u00f3 el Primer Festival de D\u00eda de Muertos \u201cDel M\u00e1s All\u00e1, a la Vida\u201d realizado por el Ayuntamiento de Um\u00e1n para mantener viva la tradici\u00f3n del Janal Pix\u00e1n.<\/p>\n\n\n\n<p>Lourdes Xool, vecina de la colonia San L\u00e1zaro agradeci\u00f3 al Presidente Municipal por no olvidarse de estas fechas que son significativas para todos y crear actividades que permiten transmitir las tradiciones a las nuevas generaciones.<\/p>\n\n\n\n<p>Por su parte, Fernando Tinal, vecino del fraccionamiento San Lorenzo destac\u00f3 la buena organizaci\u00f3n de todo el personal que colabor\u00f3 en esta actividad: \u201cnunca antes hab\u00edamos visto algo igual aqu\u00ed, estamos agradecidos porque antes ten\u00edamos que viajar hasta M\u00e9rida para disfrutar de este tipo de espect\u00e1culos, vemos muy bien que ahora el Ayuntamiento genere estos espacios que fomentan la convivencia familiar y conservan nuestras tradiciones\u201d, dijo.<\/p>\n\n\n\n<p>La Directora de Educaci\u00f3n y Cultura del Ayuntamiento de Um\u00e1n, Elmi Montero G\u00f3mez, se\u00f1al\u00f3 que estas actividades son un escaparate creado para honrar el Janal Pix\u00e1n (comida de las \u00e1nimas), una de las tradiciones m\u00e1s emblem\u00e1ticas y genuinas del estado, y que, en esta primera edici\u00f3n consider\u00f3 numerosas actividades como musicales, culturales, bailables, exposiciones y muestras gastron\u00f3micas dirigidas al p\u00fablico de todas las edades.<\/p>\n\n\n\n<p>El presidente municipal Gaspar Ventura Cisneros Polanco agradeci\u00f3 a los ciudadanos por participar en el Primer Festival de D\u00eda de Muertos \u201cDel M\u00e1s All\u00e1, a la Vida\u201d como parte de las costumbres y tradiciones dedicadas a los fieles difuntos.<\/p>\n\n\n\n<p>\u201cLo que buscamos es que a\u00f1o con a\u00f1o vayamos mejorando este festival con el objetivo de que Um\u00e1n sea reconocida m\u00e1s all\u00e1 de las fronteras y atraer turismo Nacional e Internacional que genere una derrama econ\u00f3mica que beneficie principalmente a los comerciantes y negocios locales del municipio\u201d, indic\u00f3.<\/p>\n\n\n\n<p>El \u00faltimo d\u00eda del Festival de D\u00eda de Muertos comenz\u00f3 con una misa en memoria de los Fieles Difuntos, oficiada por el P\u00e1rroco Pbro. Francisco Mukul Dom\u00ednguez.<\/p>\n\n\n\n<p>Posteriormente los asistentes pudieron apreciar el monumental altar que se instal\u00f3 a la entrada del Cementerio General contando con todos los elementos que debe de llevar como las fotograf\u00edas, velas, dulces, comida, flores, bebidas, entre otros m\u00e1s.<\/p>\n\n\n\n<p>Tambi\u00e9n se premi\u00f3 a los participantes del Concurso de Calaveritas, efectuado por la Jefatura de Educaci\u00f3n que puso a prueba la creatividad e imaginaci\u00f3n de los concursantes, quienes ilustraron de manera literaria el patrimonio del municipio y quedando de la siguiente manera: Nadia Mart\u00ednez Quintal (1er lugar), Irlanda Romina G\u00f3mez Mart\u00edn (2do lugar) y Pamela Garc\u00eda Montero (3er lugar).<\/p>\n\n\n\n<p>Asimismo, con la finalidad de dar a conocer las diferentes formas que se vive esta tradici\u00f3n en las distintas partes del pa\u00eds, la Jefatura de Juventud realiz\u00f3 el Concurso de Catrinas en el que participaron 6 j\u00f3venes del municipio, quienes portaron coloridos trajes tradicionales de material reciclado, evalu\u00e1ndoles originalidad, desenvolvimiento esc\u00e9nico, vestuario, maquillaje y expresi\u00f3n oral.<\/p>\n\n\n\n<p>Los resultados quedaron de la siguiente forma: Andrea Montserrat Paredes Cisneros (1er lugar); Edith Alejandra Cisneros Ortiz (2do lugar); Paola Abigail Zapata Pech (3er lugar); Luc\u00eda Guadalupe Guzm\u00e1n Montero (4to lugar); Yeseli Abigail Castillo Herrera (5to lugar) y Erika Guadalupe G\u00f3ngora Poot (6to lugar)<\/p>\n\n\n\n<p>Finalmente, el miedo lleg\u00f3 e invadi\u00f3 la atm\u00f3sfera del Festival de D\u00eda de Muertos con la Noche de Leyendas a cargo de la Jefatura de Cultura que puso a temblar a chicos y grandes al escuchar los relatos de la Xtabay y Llorona que fueron traducidos en espa\u00f1ol y maya.<\/p>\n\n\n\n<figure class=\"wp-block-image\"><img decoding=\"async\" src=\"https:\/\/www.yucatanalinstante.com\/wp-content\/uploads\/2021\/11\/1-1024x682.jpg\" alt=\"\" class=\"wp-image-354609\"\/><\/figure>\n\n\n\n<p>De igual modo estuvieron presentes Bella Margarita Poot Chab, S\u00edndico Municipal; Armando Quintal Rosado, Secretario Municipal; Herminio Mena Eu\u00e1n, Regidor; Yajaira Manzanero Mendoza, Regidora; Geni Uc Castillo, Regidora; Adonay Poot Uitz, Regidor; Patricia Pech Canch\u00e9, Regidora; Francisco Uc Estrella, Regidor; Jes\u00fas Flores Sol\u00eds, Jefe de Cultura; Jorge Valencia Ru\u00edz, Jefe de Calidad Educativa y Desarrollo Humano; Paulina Moreno Ru\u00edz, Jefa de Juventud y Marisol Correa, Directora de Panteones.<\/p>\n\n\n\n<figure class=\"wp-block-image\"><img decoding=\"async\" src=\"https:\/\/www.yucatanalinstante.com\/wp-content\/uploads\/2021\/11\/2-1024x683.jpg\" alt=\"\" class=\"wp-image-354610\"\/><\/figure>\n\n\n\n<h4 class=\"wp-block-heading\"><\/h4>\n","protected":false},"excerpt":{"rendered":"<p>(Redacci\u00f3n) Lourdes Xool, vecina de la colonia San L\u00e1zaro agradeci\u00f3 al Presidente Municipal por no olvidarse de estas fechas que son significativas para todos y crear actividades que permiten transmitir las tradiciones a las nuevas generaciones Um\u00e1n, Yucat\u00e1n a 3 de noviembre de 2021.- Con la participaci\u00f3n de decenas de personas que se dieron cita [&hellip;]<\/p>\n","protected":false},"author":1,"featured_media":192016,"comment_status":"open","ping_status":"open","sticky":false,"template":"","format":"standard","meta":{"footnotes":""},"categories":[10,2],"tags":[],"class_list":["post-192015","post","type-post","status-publish","format-standard","has-post-thumbnail","hentry","category-espectaculos","category-yucatan","entry","has-media"],"jetpack_featured_media_url":"http:\/\/vertienteglobal.com\/wp-content\/uploads\/2021\/11\/3-660x330-1.jpg","_links":{"self":[{"href":"http:\/\/vertienteglobal.com\/index.php?rest_route=\/wp\/v2\/posts\/192015","targetHints":{"allow":["GET"]}}],"collection":[{"href":"http:\/\/vertienteglobal.com\/index.php?rest_route=\/wp\/v2\/posts"}],"about":[{"href":"http:\/\/vertienteglobal.com\/index.php?rest_route=\/wp\/v2\/types\/post"}],"author":[{"embeddable":true,"href":"http:\/\/vertienteglobal.com\/index.php?rest_route=\/wp\/v2\/users\/1"}],"replies":[{"embeddable":true,"href":"http:\/\/vertienteglobal.com\/index.php?rest_route=%2Fwp%2Fv2%2Fcomments&post=192015"}],"version-history":[{"count":0,"href":"http:\/\/vertienteglobal.com\/index.php?rest_route=\/wp\/v2\/posts\/192015\/revisions"}],"wp:featuredmedia":[{"embeddable":true,"href":"http:\/\/vertienteglobal.com\/index.php?rest_route=\/wp\/v2\/media\/192016"}],"wp:attachment":[{"href":"http:\/\/vertienteglobal.com\/index.php?rest_route=%2Fwp%2Fv2%2Fmedia&parent=192015"}],"wp:term":[{"taxonomy":"category","embeddable":true,"href":"http:\/\/vertienteglobal.com\/index.php?rest_route=%2Fwp%2Fv2%2Fcategories&post=192015"},{"taxonomy":"post_tag","embeddable":true,"href":"http:\/\/vertienteglobal.com\/index.php?rest_route=%2Fwp%2Fv2%2Ftags&post=192015"}],"curies":[{"name":"wp","href":"https:\/\/api.w.org\/{rel}","templated":true}]}}