{"id":191901,"date":"2021-10-31T20:35:24","date_gmt":"2021-11-01T02:35:24","guid":{"rendered":"http:\/\/vertienteglobal.com\/?p=191901"},"modified":"2021-11-02T15:33:09","modified_gmt":"2021-11-02T21:33:09","slug":"colorido-programa-de-actividades-por-dia-de-muertos-en-benito-juarez","status":"publish","type":"post","link":"http:\/\/vertienteglobal.com\/?p=191901","title":{"rendered":"Colorido programa de actividades por D\u00eda de Muertos en Benito Ju\u00e1rez"},"content":{"rendered":"\n<div class=\"twitterbutton\" style=\"float: right; padding-left: 5px;\"><a href=\"http:\/\/twitter.com\/share\" class=\"twitter-share-button\" data-count=\"horizontal\" data-text=\"Colorido programa de actividades por D\u00eda de Muertos en Benito Ju\u00e1rez\" data-via=\"https:\/\/twitter.com\/VertienteGloba1\" data-url=\"http:\/\/vertienteglobal.com\/?p=191901\" data-lang=\"es\" data-related=\"Informaci\u00f3n general:S\u00edguenos para que est\u00e9ss informado\"><\/a><\/div>\n<figure class=\"wp-block-image size-large\"><img loading=\"lazy\" decoding=\"async\" width=\"720\" height=\"331\" src=\"http:\/\/vertienteglobal.com\/wp-content\/uploads\/2021\/11\/FB_IMG_1635874506876.jpg\" alt=\"\" class=\"wp-image-191902\" srcset=\"http:\/\/vertienteglobal.com\/wp-content\/uploads\/2021\/11\/FB_IMG_1635874506876.jpg 720w, http:\/\/vertienteglobal.com\/wp-content\/uploads\/2021\/11\/FB_IMG_1635874506876-300x138.jpg 300w, http:\/\/vertienteglobal.com\/wp-content\/uploads\/2021\/11\/FB_IMG_1635874506876-150x69.jpg 150w\" sizes=\"auto, (max-width: 720px) 100vw, 720px\" \/><\/figure>\n\n\n\n<p>(Redacci\u00f3n)<\/p>\n\n\n\n<p>El Instituto de la Cultura y las Artes de la administraci\u00f3n 2021-2024 encabezada por la Presidenta Municipal Mara Lezama, llev\u00f3 a cabo este 30 y 31 de octubre su habitual desfile de catrinas y catrines, con motivo de la 11\u00aa Cena de \u00c1nimas<\/p>\n\n\n\n<p>Canc\u00fan, Quintana Roo, a 31 de octubre de 2021.- Con el principal objetivo de preservar las costumbres y tradiciones mexicanas a trav\u00e9s del tiempo como en estas fechas de D\u00eda de Muertos, el Ayuntamiento de Benito Ju\u00e1rez realiza diferentes actividades culturales, art\u00edsticas y gastron\u00f3micas gratuitas desde el 31 de octubre al 02 de noviembre en la subdelegaci\u00f3n de Puerto Ju\u00e1rez, en el centro de la ciudad y en panteones municipales, para que las familias recuerden a sus fieles difuntos.<\/p>\n\n\n\n<p>El Instituto de la Cultura y las Artes de la administraci\u00f3n 2021-2024 encabezada por la Presidenta Municipal Mara Lezama, llev\u00f3 a cabo este 30 y 31 de octubre su habitual desfile de catrinas y catrines, con motivo de la 11\u00aa Cena de \u00c1nimas.<\/p>\n\n\n\n<p>El contingente parti\u00f3 desde la Avenida Tulum, a un costado de la estaci\u00f3n central de Bomberos y del Teatro 8 de Octubre, hasta el andador Tulipanes hacia el Parque de las Palapas, con personas de todas edades caracterizadas como el personaje creado en 1912 por el ilustrador mexicano Jos\u00e9 Guadalupe Posada y que es representativo de M\u00e9xico en esta temporada.<\/p>\n\n\n\n<p>En ese recinto, los asistentes y participantes, as\u00ed como turistas nacionales o extranjeros, apreciaron una exhibici\u00f3n de altares de muertos de distintas asociaciones, adem\u00e1s de disfrutar de un amplio programa en el que se incluyen presentaciones de academias de baile, cantantes y m\u00fasicos locales, junto con un concurso de catrinas y catrines, en el cual el p\u00fablico decidi\u00f3 a los ganadores que recibieron premios y sorpresas.<\/p>\n\n\n\n<p>Cabe mencionar, que esta actividad cultural se realiz\u00f3 con el protocolo sanitario marcado por las autoridades pertinentes y con el apoyo de distintas direcciones y dependencias de seguridad, para garantizar el sano esparcimiento de los benitojuarenses.<\/p>\n\n\n\n<p>En ambos d\u00edas, se cont\u00f3 con la participaci\u00f3n de los coros de la Universidad Tecnol\u00f3gica (UT) de Playa del Carmen, Quantum Beat By Coralcun, el Cedemusica Ecuador, V\u00f3zarez, Luz aeterna y Resurrexit, as\u00ed como los n\u00fameros de baile por parte de: Studio Dance Latino, Acadanz, Pasi\u00f3n y Baile, TDG, Innova Dance, Fonteyn Studio, junto con el Ballet Folcl\u00f3rico del Instituto de la Cultura y las Artes de Benito Ju\u00e1rez, por mencionar algunos de los n\u00fameros que deleitaron a la audiencia.<\/p>\n\n\n\n<p>Para facilitar a los ciudadanos el acceso a recordar con cari\u00f1o a sus familiares que partieron de esta vida a un plano espiritual, la gesti\u00f3n actual permitir\u00e1 el ingreso con un 80 por ciento de aforo las 24 horas a los panteones municipales \u201cLos Olivos\u201d y \u201cLos \u201c\u00c1lamos\u201d, adem\u00e1s del Parque Funerario.<\/p>\n\n\n\n<p>A trav\u00e9s de la Operadora y Administradora de Bienes Municipales (OPABIEM), en coordinaci\u00f3n con otras dependencias como Servicios P\u00fablicos, se cumpli\u00f3 anticipadamente con acciones como pintura de guarniciones, limpieza y poda, embellecimiento general del interior y exterior de los camposantos, por lo que en estos d\u00edas de mayor afluencia adem\u00e1s de un dispositivo de cuerpos de emergencia, se proporcionar\u00e1 gel antibacterial en las entradas y se promover\u00e1 el cumplimiento de las medidas sanitarias como uso de cubrebocas y respeto a la sana distancia entre los asistentes.<\/p>\n\n\n\n<p>Para este lunes 1 y martes 2 de noviembre, el gobierno municipal realizar\u00e1 el evento \u201cHanal Pix\u00e1n Puerto Ju\u00e1rez\u201d, que adem\u00e1s busca promover el potencial tur\u00edstico de la primera comunidad de pescadores fundadora de Benito Ju\u00e1rez.<br>Desde las 18:00 horas se tendr\u00e1n de forma gratuita presentaciones culturales y art\u00edsticas gratuitas para ciudadanos y turistas que acudan a la calle principal de acceso, junto con exposiciones, ceremonia maya, altares, artesan\u00edas, show de videomapping y kioscos de maquillaje, entre otras.<\/p>\n\n\n\n<figure class=\"wp-block-image size-large\"><img loading=\"lazy\" decoding=\"async\" width=\"720\" height=\"482\" src=\"http:\/\/vertienteglobal.com\/wp-content\/uploads\/2021\/11\/FB_IMG_1635874514500.jpg\" alt=\"\" class=\"wp-image-191903\" srcset=\"http:\/\/vertienteglobal.com\/wp-content\/uploads\/2021\/11\/FB_IMG_1635874514500.jpg 720w, http:\/\/vertienteglobal.com\/wp-content\/uploads\/2021\/11\/FB_IMG_1635874514500-300x201.jpg 300w, http:\/\/vertienteglobal.com\/wp-content\/uploads\/2021\/11\/FB_IMG_1635874514500-150x100.jpg 150w\" sizes=\"auto, (max-width: 720px) 100vw, 720px\" \/><\/figure>\n","protected":false},"excerpt":{"rendered":"<p>(Redacci\u00f3n) El Instituto de la Cultura y las Artes de la administraci\u00f3n 2021-2024 encabezada por la Presidenta Municipal Mara Lezama, llev\u00f3 a cabo este 30 y 31 de octubre su habitual desfile de catrinas y catrines, con motivo de la 11\u00aa Cena de \u00c1nimas Canc\u00fan, Quintana Roo, a 31 de octubre de 2021.- Con el [&hellip;]<\/p>\n","protected":false},"author":1,"featured_media":191903,"comment_status":"open","ping_status":"open","sticky":false,"template":"","format":"standard","meta":{"footnotes":""},"categories":[10,3],"tags":[],"class_list":["post-191901","post","type-post","status-publish","format-standard","has-post-thumbnail","hentry","category-espectaculos","category-quintana-roo","entry","has-media"],"jetpack_featured_media_url":"http:\/\/vertienteglobal.com\/wp-content\/uploads\/2021\/11\/FB_IMG_1635874514500.jpg","_links":{"self":[{"href":"http:\/\/vertienteglobal.com\/index.php?rest_route=\/wp\/v2\/posts\/191901","targetHints":{"allow":["GET"]}}],"collection":[{"href":"http:\/\/vertienteglobal.com\/index.php?rest_route=\/wp\/v2\/posts"}],"about":[{"href":"http:\/\/vertienteglobal.com\/index.php?rest_route=\/wp\/v2\/types\/post"}],"author":[{"embeddable":true,"href":"http:\/\/vertienteglobal.com\/index.php?rest_route=\/wp\/v2\/users\/1"}],"replies":[{"embeddable":true,"href":"http:\/\/vertienteglobal.com\/index.php?rest_route=%2Fwp%2Fv2%2Fcomments&post=191901"}],"version-history":[{"count":0,"href":"http:\/\/vertienteglobal.com\/index.php?rest_route=\/wp\/v2\/posts\/191901\/revisions"}],"wp:featuredmedia":[{"embeddable":true,"href":"http:\/\/vertienteglobal.com\/index.php?rest_route=\/wp\/v2\/media\/191903"}],"wp:attachment":[{"href":"http:\/\/vertienteglobal.com\/index.php?rest_route=%2Fwp%2Fv2%2Fmedia&parent=191901"}],"wp:term":[{"taxonomy":"category","embeddable":true,"href":"http:\/\/vertienteglobal.com\/index.php?rest_route=%2Fwp%2Fv2%2Fcategories&post=191901"},{"taxonomy":"post_tag","embeddable":true,"href":"http:\/\/vertienteglobal.com\/index.php?rest_route=%2Fwp%2Fv2%2Ftags&post=191901"}],"curies":[{"name":"wp","href":"https:\/\/api.w.org\/{rel}","templated":true}]}}