{"id":191375,"date":"2021-10-21T12:51:00","date_gmt":"2021-10-21T17:51:00","guid":{"rendered":"http:\/\/vertienteglobal.com\/?p=191375"},"modified":"2021-10-21T23:20:29","modified_gmt":"2021-10-22T04:20:29","slug":"yucatan-pasaria-a-semaforo-verde","status":"publish","type":"post","link":"http:\/\/vertienteglobal.com\/?p=191375","title":{"rendered":"Yucat\u00e1n pasar\u00eda a sem\u00e1foro verde"},"content":{"rendered":"\n<div class=\"twitterbutton\" style=\"float: right; padding-left: 5px;\"><a href=\"http:\/\/twitter.com\/share\" class=\"twitter-share-button\" data-count=\"horizontal\" data-text=\"Yucat\u00e1n pasar\u00eda a sem\u00e1foro verde\" data-via=\"https:\/\/twitter.com\/VertienteGloba1\" data-url=\"http:\/\/vertienteglobal.com\/?p=191375\" data-lang=\"es\" data-related=\"Informaci\u00f3n general:S\u00edguenos para que est\u00e9ss informado\"><\/a><\/div>\n<figure class=\"wp-block-image size-large\"><img loading=\"lazy\" decoding=\"async\" width=\"660\" height=\"330\" src=\"http:\/\/vertienteglobal.com\/wp-content\/uploads\/2021\/10\/31c46a98-2ff7-4367-a718-0fd342aed2f6-660x330-1.jpg\" alt=\"\" class=\"wp-image-191376\" srcset=\"http:\/\/vertienteglobal.com\/wp-content\/uploads\/2021\/10\/31c46a98-2ff7-4367-a718-0fd342aed2f6-660x330-1.jpg 660w, http:\/\/vertienteglobal.com\/wp-content\/uploads\/2021\/10\/31c46a98-2ff7-4367-a718-0fd342aed2f6-660x330-1-300x150.jpg 300w, http:\/\/vertienteglobal.com\/wp-content\/uploads\/2021\/10\/31c46a98-2ff7-4367-a718-0fd342aed2f6-660x330-1-150x75.jpg 150w\" sizes=\"auto, (max-width: 660px) 100vw, 660px\" \/><\/figure>\n\n\n\n<p>(Redacci\u00f3n)<\/p>\n\n\n\n<p>Sauri Vivas explic\u00f3 que la pr\u00f3xima semana el Gobierno Federal pasar\u00e1 a Yucat\u00e1n a sem\u00e1foro verde \u201cno es un indicativo de que tenemos que bajar la guardia<\/p>\n\n\n\n<p>M\u00e9rida, Yucat\u00e1n., a 21 de octubre 2021.- El secretario de salud de Yucat\u00e1n, Mauricio Sauri Vivas adelant\u00f3 que de acuerdo al \u00faltimo reporte que emiti\u00f3 el Gobierno Federal, Yucat\u00e1n pasar\u00eda a sem\u00e1foro verde la pr\u00f3xima semana en el sem\u00e1foro nacional debido a la baja de contagios y de ingresos hospitalarios en los \u00faltimos d\u00edas.<\/p>\n\n\n\n<p>Sauri Vivas explic\u00f3 que la pr\u00f3xima semana el Gobierno Federal pasar\u00e1 a Yucat\u00e1n a sem\u00e1foro verde \u201cno es un indicativo de que tenemos que bajar la guardia, sino al contrario tenemos que seguirnos cuidando con las medidas de higiene que se han implementado en el estado como los son; sana distancia, uso de cubre bocas y gel antibacterial\u201d, record\u00f3.<\/p>\n\n\n\n<p>La baja en los contagios y ocupaci\u00f3n hospitalaria por Covid 19 en Yucat\u00e1n es debido al buen comportamiento ciudadano qui\u00e9n se ha vacunado en tiempo y forma, muestra de ello la vacunaci\u00f3n a avanzado con \u00e9xito en el estado, y en los pr\u00f3ximos d\u00edas se estar\u00e1n aplicando las segundas dosis de la poblaci\u00f3n de 30 a 39 y 18 a 29 a\u00f1os en el interior del estado, y se concluir\u00e1 en la capital yucateca con las segundas dosis a j\u00f3venes de 18 a\u00f1os en adelante.<\/p>\n\n\n\n<p>Sin embargo, record\u00f3 que hoy jueves se dan las cifras de contagios y ocupaci\u00f3n hospitalaria por lo que se determinar\u00e1 s\u00ed Yucat\u00e1n pasa a verde en el sem\u00e1foro estatal.<\/p>\n\n\n\n<p>\u201cTodos los indicadores est\u00e1n a la baja, desde ocupaci\u00f3n hospitalaria, ingresos, \u00edndices de positividad, ocupaci\u00f3n de camas de terapia intensiva. Lo que es una buena noticia y eso habla de buen trabajo que est\u00e1n haciendo todos los yucatecos respetando las medidas de sana distancia aunado al buen resultado que est\u00e1n teniendo las vacunas\u201d, enfatiz\u00f3.<\/p>\n","protected":false},"excerpt":{"rendered":"<p>(Redacci\u00f3n) Sauri Vivas explic\u00f3 que la pr\u00f3xima semana el Gobierno Federal pasar\u00e1 a Yucat\u00e1n a sem\u00e1foro verde \u201cno es un indicativo de que tenemos que bajar la guardia M\u00e9rida, Yucat\u00e1n., a 21 de octubre 2021.- El secretario de salud de Yucat\u00e1n, Mauricio Sauri Vivas adelant\u00f3 que de acuerdo al \u00faltimo reporte que emiti\u00f3 el Gobierno [&hellip;]<\/p>\n","protected":false},"author":1,"featured_media":191376,"comment_status":"open","ping_status":"open","sticky":false,"template":"","format":"standard","meta":{"footnotes":""},"categories":[2],"tags":[],"class_list":["post-191375","post","type-post","status-publish","format-standard","has-post-thumbnail","hentry","category-yucatan","entry","has-media"],"jetpack_featured_media_url":"http:\/\/vertienteglobal.com\/wp-content\/uploads\/2021\/10\/31c46a98-2ff7-4367-a718-0fd342aed2f6-660x330-1.jpg","_links":{"self":[{"href":"http:\/\/vertienteglobal.com\/index.php?rest_route=\/wp\/v2\/posts\/191375","targetHints":{"allow":["GET"]}}],"collection":[{"href":"http:\/\/vertienteglobal.com\/index.php?rest_route=\/wp\/v2\/posts"}],"about":[{"href":"http:\/\/vertienteglobal.com\/index.php?rest_route=\/wp\/v2\/types\/post"}],"author":[{"embeddable":true,"href":"http:\/\/vertienteglobal.com\/index.php?rest_route=\/wp\/v2\/users\/1"}],"replies":[{"embeddable":true,"href":"http:\/\/vertienteglobal.com\/index.php?rest_route=%2Fwp%2Fv2%2Fcomments&post=191375"}],"version-history":[{"count":0,"href":"http:\/\/vertienteglobal.com\/index.php?rest_route=\/wp\/v2\/posts\/191375\/revisions"}],"wp:featuredmedia":[{"embeddable":true,"href":"http:\/\/vertienteglobal.com\/index.php?rest_route=\/wp\/v2\/media\/191376"}],"wp:attachment":[{"href":"http:\/\/vertienteglobal.com\/index.php?rest_route=%2Fwp%2Fv2%2Fmedia&parent=191375"}],"wp:term":[{"taxonomy":"category","embeddable":true,"href":"http:\/\/vertienteglobal.com\/index.php?rest_route=%2Fwp%2Fv2%2Fcategories&post=191375"},{"taxonomy":"post_tag","embeddable":true,"href":"http:\/\/vertienteglobal.com\/index.php?rest_route=%2Fwp%2Fv2%2Ftags&post=191375"}],"curies":[{"name":"wp","href":"https:\/\/api.w.org\/{rel}","templated":true}]}}