{"id":191289,"date":"2021-10-20T15:42:00","date_gmt":"2021-10-20T20:42:00","guid":{"rendered":"http:\/\/vertienteglobal.com\/?p=191289"},"modified":"2021-10-20T18:08:33","modified_gmt":"2021-10-20T23:08:33","slug":"sorpresivamente-mc-nacional-destituye-a-jose-luis-chanito-toledo-de-la-coordinacion-estatal-de-movimiento-ciudadano-en-quintana-roo","status":"publish","type":"post","link":"http:\/\/vertienteglobal.com\/?p=191289","title":{"rendered":"Sorpresivamente MC Nacional, destituye a Jose Luis \u00abChanito\u00bb Toledo de la Coordinaci\u00f3n estatal de Movimiento Ciudadano en Quintana Roo"},"content":{"rendered":"\n<div class=\"twitterbutton\" style=\"float: right; padding-left: 5px;\"><a href=\"http:\/\/twitter.com\/share\" class=\"twitter-share-button\" data-count=\"horizontal\" data-text=\"Sorpresivamente MC Nacional, destituye a Jose Luis \u00abChanito\u00bb Toledo de la Coor...\" data-via=\"https:\/\/twitter.com\/VertienteGloba1\" data-url=\"http:\/\/vertienteglobal.com\/?p=191289\" data-lang=\"es\" data-related=\"Informaci\u00f3n general:S\u00edguenos para que est\u00e9ss informado\"><\/a><\/div>\n<figure class=\"wp-block-image size-large\"><img loading=\"lazy\" decoding=\"async\" width=\"720\" height=\"455\" src=\"http:\/\/vertienteglobal.com\/wp-content\/uploads\/2021\/10\/FB_IMG_1634770271251.jpg\" alt=\"\" class=\"wp-image-191290\" srcset=\"http:\/\/vertienteglobal.com\/wp-content\/uploads\/2021\/10\/FB_IMG_1634770271251.jpg 720w, http:\/\/vertienteglobal.com\/wp-content\/uploads\/2021\/10\/FB_IMG_1634770271251-300x190.jpg 300w, http:\/\/vertienteglobal.com\/wp-content\/uploads\/2021\/10\/FB_IMG_1634770271251-150x95.jpg 150w\" sizes=\"auto, (max-width: 720px) 100vw, 720px\" \/><\/figure>\n\n\n\n<p>(Redacci\u00f3n)<\/p>\n\n\n\n<p>Mujeres en Movimiento, celebraron la apertura de m\u00e1s espacios para las mujeres j\u00f3venes de nuestro movimiento al frente de la toma de decisiones<\/p>\n\n\n\n<p>Ciudad de M\u00e9xico a 20 de octubre de 2021.- La coordinadora nacional de Mujeres en movimiento, dieron a conocer que la Delegada Lidia Rojas Fabro recibi\u00f3 el nombramiento como Coordinadora Estatal de la Comisi\u00f3n Operativa de Movimiento Ciudadano Quintana Roo.<\/p>\n\n\n\n<p>Y es que sorpresivamente, en la sede de MC, se dio a conocer la destitucion de Jos\u00e9 Luis Toledo Medina como el coordinador estatal en el estado de Quintana Roo.<\/p>\n\n\n\n<p>Mientras que Mujeres en Movimiento, celebraron la apertura de m\u00e1s espacios para las mujeres j\u00f3venes de nuestro movimiento al frente de la toma de decisiones.<\/p>\n\n\n\n<p>Cabe destacar que el tambi\u00e9n diputado local, Chanito Toledo, no ha dado a conocer su postura en cuanto a su salida de la coordinar\u00e1 estatal.<\/p>\n\n\n\n<figure class=\"wp-block-image size-large\"><img loading=\"lazy\" decoding=\"async\" width=\"720\" height=\"538\" src=\"http:\/\/vertienteglobal.com\/wp-content\/uploads\/2021\/10\/FB_IMG_1634770275159.jpg\" alt=\"\" class=\"wp-image-191291\" srcset=\"http:\/\/vertienteglobal.com\/wp-content\/uploads\/2021\/10\/FB_IMG_1634770275159.jpg 720w, http:\/\/vertienteglobal.com\/wp-content\/uploads\/2021\/10\/FB_IMG_1634770275159-300x224.jpg 300w, http:\/\/vertienteglobal.com\/wp-content\/uploads\/2021\/10\/FB_IMG_1634770275159-150x112.jpg 150w\" sizes=\"auto, (max-width: 720px) 100vw, 720px\" \/><\/figure>\n","protected":false},"excerpt":{"rendered":"<p>(Redacci\u00f3n) Mujeres en Movimiento, celebraron la apertura de m\u00e1s espacios para las mujeres j\u00f3venes de nuestro movimiento al frente de la toma de decisiones Ciudad de M\u00e9xico a 20 de octubre de 2021.- La coordinadora nacional de Mujeres en movimiento, dieron a conocer que la Delegada Lidia Rojas Fabro recibi\u00f3 el nombramiento como Coordinadora Estatal [&hellip;]<\/p>\n","protected":false},"author":1,"featured_media":191290,"comment_status":"open","ping_status":"open","sticky":false,"template":"","format":"standard","meta":{"footnotes":""},"categories":[8,3],"tags":[],"class_list":["post-191289","post","type-post","status-publish","format-standard","has-post-thumbnail","hentry","category-pais","category-quintana-roo","entry","has-media"],"jetpack_featured_media_url":"http:\/\/vertienteglobal.com\/wp-content\/uploads\/2021\/10\/FB_IMG_1634770271251.jpg","_links":{"self":[{"href":"http:\/\/vertienteglobal.com\/index.php?rest_route=\/wp\/v2\/posts\/191289","targetHints":{"allow":["GET"]}}],"collection":[{"href":"http:\/\/vertienteglobal.com\/index.php?rest_route=\/wp\/v2\/posts"}],"about":[{"href":"http:\/\/vertienteglobal.com\/index.php?rest_route=\/wp\/v2\/types\/post"}],"author":[{"embeddable":true,"href":"http:\/\/vertienteglobal.com\/index.php?rest_route=\/wp\/v2\/users\/1"}],"replies":[{"embeddable":true,"href":"http:\/\/vertienteglobal.com\/index.php?rest_route=%2Fwp%2Fv2%2Fcomments&post=191289"}],"version-history":[{"count":0,"href":"http:\/\/vertienteglobal.com\/index.php?rest_route=\/wp\/v2\/posts\/191289\/revisions"}],"wp:featuredmedia":[{"embeddable":true,"href":"http:\/\/vertienteglobal.com\/index.php?rest_route=\/wp\/v2\/media\/191290"}],"wp:attachment":[{"href":"http:\/\/vertienteglobal.com\/index.php?rest_route=%2Fwp%2Fv2%2Fmedia&parent=191289"}],"wp:term":[{"taxonomy":"category","embeddable":true,"href":"http:\/\/vertienteglobal.com\/index.php?rest_route=%2Fwp%2Fv2%2Fcategories&post=191289"},{"taxonomy":"post_tag","embeddable":true,"href":"http:\/\/vertienteglobal.com\/index.php?rest_route=%2Fwp%2Fv2%2Ftags&post=191289"}],"curies":[{"name":"wp","href":"https:\/\/api.w.org\/{rel}","templated":true}]}}