{"id":191279,"date":"2021-10-20T10:40:00","date_gmt":"2021-10-20T15:40:00","guid":{"rendered":"http:\/\/vertienteglobal.com\/?p=191279"},"modified":"2021-10-20T11:42:43","modified_gmt":"2021-10-20T16:42:43","slug":"facebook-cambiara-de-nombre-mark-zuckerberg-anunciara-cambios","status":"publish","type":"post","link":"http:\/\/vertienteglobal.com\/?p=191279","title":{"rendered":"\u00bfFacebook cambiar\u00e1 de nombre? Mark Zuckerberg anunciar\u00e1 cambios"},"content":{"rendered":"\n<div class=\"twitterbutton\" style=\"float: right; padding-left: 5px;\"><a href=\"http:\/\/twitter.com\/share\" class=\"twitter-share-button\" data-count=\"horizontal\" data-text=\"\u00bfFacebook cambiar\u00e1 de nombre? Mark Zuckerberg anunciar\u00e1 cambios\" data-via=\"https:\/\/twitter.com\/VertienteGloba1\" data-url=\"http:\/\/vertienteglobal.com\/?p=191279\" data-lang=\"es\" data-related=\"Informaci\u00f3n general:S\u00edguenos para que est\u00e9ss informado\"><\/a><\/div>\n<figure class=\"wp-block-image size-large\"><img loading=\"lazy\" decoding=\"async\" width=\"1024\" height=\"563\" src=\"http:\/\/vertienteglobal.com\/wp-content\/uploads\/2021\/10\/158462.jpg\" alt=\"\" class=\"wp-image-191280\" srcset=\"http:\/\/vertienteglobal.com\/wp-content\/uploads\/2021\/10\/158462.jpg 1024w, http:\/\/vertienteglobal.com\/wp-content\/uploads\/2021\/10\/158462-300x165.jpg 300w, http:\/\/vertienteglobal.com\/wp-content\/uploads\/2021\/10\/158462-150x82.jpg 150w, http:\/\/vertienteglobal.com\/wp-content\/uploads\/2021\/10\/158462-768x422.jpg 768w\" sizes=\"auto, (max-width: 1024px) 100vw, 1024px\" \/><\/figure>\n\n\n\n<p>(Redacci\u00f3n)<\/p>\n\n\n\n<p>El anuncio lo har\u00eda el propio director ejecutivo de Facebook, Mark Zuckerberg, aunque podr\u00eda adelantarse. Con \u00e9l, buscar\u00eda desvincular la empresa de la popularidad de la red social hom\u00f3nima, que pasar\u00eda a ser otro servicio m\u00e1s de los que actualmente alberga, como Instagram u Oculus<\/p>\n\n\n\n<p>Ciudad de M\u00e9xico a 20 de octubre de 2021. -Con la finalidad de desvincular el nombre de la compa\u00f1\u00eda del de su red social principal, Facebook Inc anunciar\u00eda la pr\u00f3xima semana cambios en su nombre.<\/p>\n\n\n\n<p>De acuerdo con el sitio The Verge, la empresa habr\u00eda decidido ya un cambio de nombre y el anuncio ser\u00e1 durante la celebraci\u00f3n de la conferencia anual Connect, el d\u00eda 28 de octubre.<\/p>\n\n\n\n<p>El anuncio lo har\u00eda el propio director ejecutivo de Facebook, Mark Zuckerberg, aunque podr\u00eda adelantarse. Con \u00e9l, buscar\u00eda desvincular la empresa de la popularidad de la red social hom\u00f3nima, que pasar\u00eda a ser otro servicio m\u00e1s de los que actualmente alberga, como Instagram u Oculus.<\/p>\n\n\n\n<p>Los planes de la compa\u00f1\u00eda pasan por centrar sus esfuerzos en el desarrollo del metaverso, una nueva fase de experiencias virtuales interconectadas mediante el uso de tecnolog\u00edas como la realidad virtual y la aumentada. Un entorno donde se puede estar presente con la gente en espacios digitales, y en el que adquirir\u00e1 gran importancia la sensaci\u00f3n de presencialidad.<\/p>\n\n\n\n<p>\u2018Horizon\u2019 y \u2018Meta\u2019 ser\u00edan algunas opciones, seg\u00fan el sitio. (Fuente: EuropaPress)<\/p>\n","protected":false},"excerpt":{"rendered":"<p>(Redacci\u00f3n) El anuncio lo har\u00eda el propio director ejecutivo de Facebook, Mark Zuckerberg, aunque podr\u00eda adelantarse. Con \u00e9l, buscar\u00eda desvincular la empresa de la popularidad de la red social hom\u00f3nima, que pasar\u00eda a ser otro servicio m\u00e1s de los que actualmente alberga, como Instagram u Oculus Ciudad de M\u00e9xico a 20 de octubre de 2021. [&hellip;]<\/p>\n","protected":false},"author":1,"featured_media":191280,"comment_status":"open","ping_status":"open","sticky":false,"template":"","format":"standard","meta":{"footnotes":""},"categories":[8],"tags":[],"class_list":["post-191279","post","type-post","status-publish","format-standard","has-post-thumbnail","hentry","category-pais","entry","has-media"],"jetpack_featured_media_url":"http:\/\/vertienteglobal.com\/wp-content\/uploads\/2021\/10\/158462.jpg","_links":{"self":[{"href":"http:\/\/vertienteglobal.com\/index.php?rest_route=\/wp\/v2\/posts\/191279","targetHints":{"allow":["GET"]}}],"collection":[{"href":"http:\/\/vertienteglobal.com\/index.php?rest_route=\/wp\/v2\/posts"}],"about":[{"href":"http:\/\/vertienteglobal.com\/index.php?rest_route=\/wp\/v2\/types\/post"}],"author":[{"embeddable":true,"href":"http:\/\/vertienteglobal.com\/index.php?rest_route=\/wp\/v2\/users\/1"}],"replies":[{"embeddable":true,"href":"http:\/\/vertienteglobal.com\/index.php?rest_route=%2Fwp%2Fv2%2Fcomments&post=191279"}],"version-history":[{"count":0,"href":"http:\/\/vertienteglobal.com\/index.php?rest_route=\/wp\/v2\/posts\/191279\/revisions"}],"wp:featuredmedia":[{"embeddable":true,"href":"http:\/\/vertienteglobal.com\/index.php?rest_route=\/wp\/v2\/media\/191280"}],"wp:attachment":[{"href":"http:\/\/vertienteglobal.com\/index.php?rest_route=%2Fwp%2Fv2%2Fmedia&parent=191279"}],"wp:term":[{"taxonomy":"category","embeddable":true,"href":"http:\/\/vertienteglobal.com\/index.php?rest_route=%2Fwp%2Fv2%2Fcategories&post=191279"},{"taxonomy":"post_tag","embeddable":true,"href":"http:\/\/vertienteglobal.com\/index.php?rest_route=%2Fwp%2Fv2%2Ftags&post=191279"}],"curies":[{"name":"wp","href":"https:\/\/api.w.org\/{rel}","templated":true}]}}