{"id":191210,"date":"2021-10-19T10:42:00","date_gmt":"2021-10-19T15:42:00","guid":{"rendered":"http:\/\/vertienteglobal.com\/?p=191210"},"modified":"2021-10-19T19:45:39","modified_gmt":"2021-10-20T00:45:39","slug":"vacunacion-de-adolescentes-de-12-a-17-anos-de-edad-iniciara-el-proximo-lunes-25-de-octubre-en-merida","status":"publish","type":"post","link":"http:\/\/vertienteglobal.com\/?p=191210","title":{"rendered":"Vacunaci\u00f3n de adolescentes de 12 a 17 a\u00f1os de edad iniciar\u00e1 el pr\u00f3ximo lunes 25 de octubre en M\u00e9rida"},"content":{"rendered":"\n<div class=\"twitterbutton\" style=\"float: right; padding-left: 5px;\"><a href=\"http:\/\/twitter.com\/share\" class=\"twitter-share-button\" data-count=\"horizontal\" data-text=\"Vacunaci\u00f3n de adolescentes de 12 a 17 a\u00f1os de edad iniciar\u00e1 el pr\u00f3ximo lunes...\" data-via=\"https:\/\/twitter.com\/VertienteGloba1\" data-url=\"http:\/\/vertienteglobal.com\/?p=191210\" data-lang=\"es\" data-related=\"Informaci\u00f3n general:S\u00edguenos para que est\u00e9ss informado\"><\/a><\/div>\n<figure class=\"wp-block-image size-large\"><img loading=\"lazy\" decoding=\"async\" width=\"660\" height=\"330\" src=\"http:\/\/vertienteglobal.com\/wp-content\/uploads\/2021\/10\/\u00bfCuales-son-los-requisitos-para-la-vacunacion-anticovid-en-adolescentes-de-12-a-17-anos-660x330-1.jpg\" alt=\"\" class=\"wp-image-191211\" srcset=\"http:\/\/vertienteglobal.com\/wp-content\/uploads\/2021\/10\/\u00bfCuales-son-los-requisitos-para-la-vacunacion-anticovid-en-adolescentes-de-12-a-17-anos-660x330-1.jpg 660w, http:\/\/vertienteglobal.com\/wp-content\/uploads\/2021\/10\/\u00bfCuales-son-los-requisitos-para-la-vacunacion-anticovid-en-adolescentes-de-12-a-17-anos-660x330-1-300x150.jpg 300w, http:\/\/vertienteglobal.com\/wp-content\/uploads\/2021\/10\/\u00bfCuales-son-los-requisitos-para-la-vacunacion-anticovid-en-adolescentes-de-12-a-17-anos-660x330-1-150x75.jpg 150w\" sizes=\"auto, (max-width: 660px) 100vw, 660px\" \/><\/figure>\n\n\n\n<p>(Redacci\u00f3n)<\/p>\n\n\n\n<p>Por disposici\u00f3n del Gobierno federal, la aplicaci\u00f3n de la primera dosis a este sector de la poblaci\u00f3n se realizar\u00e1 en los hospitales Susul\u00e1 del Issste y de la de la Amistad Corea M\u00e9xico de la Secretar\u00eda de Salud de Yucat\u00e1n (SSY), as\u00ed como en el Centro Social del IMSS, ubicado a un costado del Hospital Regional \u201cLic. Ignacio Garc\u00eda T\u00e9llez\u201d, mejor conocido como T-1<\/p>\n\n\n\n<p>Es indispensable que el adolescente que vaya a recibir la vacuna se encuentre registrado en la plataforma federal y acuda con la constancia m\u00e9dica que certifique el diagn\u00f3stico expedida por su m\u00e9dico tratante<\/p>\n\n\n\n<p>M\u00e9rida, Yucat\u00e1n, 19 de octubre de 2021.- A partir del pr\u00f3ximo lunes 25 de octubre iniciar\u00e1 en M\u00e9rida la aplicaci\u00f3n de la primera dosis de la vacuna contra el Coronavirus para adolescentes de 12 a 17 a\u00f1os de edad con comorbilidades de riesgo y enfermedades graves, proceso que realizar\u00e1n de manera coordinada el Gobierno del Estado, el Ayuntamiento de M\u00e9rida y la Secretar\u00eda del Bienestar.<\/p>\n\n\n\n<p>En ese marco, se inform\u00f3 que la vacunaci\u00f3n de este sector de la poblaci\u00f3n se llevar\u00e1 a cabo en los hospitales Susul\u00e1 del Instituto de Seguridad y Servicios Sociales de los Trabajadores del Estado (Issste) y de la Amistad Corea M\u00e9xico de la Secretar\u00eda de Salud de Yucat\u00e1n (SSY), as\u00ed como en el Centro Social del Instituto Mexicano del Seguro Social (IMSS), ubicado a un costado del Hospital General Regional \u201cLic. Ignacio Garc\u00eda T\u00e9llez\u201d, mejor conocido como T-1. Esto por disposici\u00f3n del Gobierno federal.<\/p>\n\n\n\n<p>Las dosis que se estar\u00e1n aplicando en esta nueva etapa de vacunaci\u00f3n, pertenecen a la farmac\u00e9utica Pfizer.<\/p>\n\n\n\n<p>Las autoridades estatales, federales y municipales dieron a conocer que para que la persona reciba la vacuna, es indispensable que est\u00e9 previamente registrada en la plataforma del Gobierno federal y deber\u00e1 presentar la constancia m\u00e9dica que certifique el diagn\u00f3stico expedida por su m\u00e9dico tratante<\/p>\n\n\n\n<p>De igual forma, se precis\u00f3 que este proceso de vacunaci\u00f3n ser\u00e1 \u00fanicamente para la aplicaci\u00f3n de primeras dosis a adolescentes de 12 a 17 a\u00f1os de edad con comorbilidades de riesgo y enfermedades graves que viven en M\u00e9rida, mientras que ese sector de la poblaci\u00f3n en el interior del estado ser\u00e1 vacunado con el siguiente lote de dosis que arribe al estado.<\/p>\n\n\n\n<p>El Gobierno del Estado, el Ayuntamiento de M\u00e9rida y la Secretar\u00eda de Bienestar reiteran que no se estar\u00e1 aplicando vacunas a quienes no cumplan con los requisitos, por lo que se invita a no acudir sino cuentan con la documentaci\u00f3n porque no ser\u00e1n vacunados y para evitar aglomeraciones.<\/p>\n\n\n\n<p>Se recomienda a la poblaci\u00f3n lo siguiente:<\/p>\n\n\n\n<p>-Si te llega un mensaje de texto, respeta las indicaciones.<\/p>\n\n\n\n<p>-No es necesario llegar con horas de anticipaci\u00f3n.<\/p>\n\n\n\n<p>-Tomar los medicamentos como de costumbre.<\/p>\n\n\n\n<p>-Tomar alimentos antes de acudir a la cita.<\/p>\n\n\n\n<p>-Usar ropa c\u00f3moda y de manga corta.<\/p>\n\n\n\n<figure class=\"wp-block-image size-large\"><img loading=\"lazy\" decoding=\"async\" width=\"768\" height=\"769\" src=\"http:\/\/vertienteglobal.com\/wp-content\/uploads\/2021\/10\/b2dfea27-768c-4ea2-ac13-a0cd7fcaa755-768x769-1.jpg\" alt=\"\" class=\"wp-image-191212\" srcset=\"http:\/\/vertienteglobal.com\/wp-content\/uploads\/2021\/10\/b2dfea27-768c-4ea2-ac13-a0cd7fcaa755-768x769-1.jpg 768w, http:\/\/vertienteglobal.com\/wp-content\/uploads\/2021\/10\/b2dfea27-768c-4ea2-ac13-a0cd7fcaa755-768x769-1-300x300.jpg 300w, http:\/\/vertienteglobal.com\/wp-content\/uploads\/2021\/10\/b2dfea27-768c-4ea2-ac13-a0cd7fcaa755-768x769-1-150x150.jpg 150w\" sizes=\"auto, (max-width: 768px) 100vw, 768px\" \/><\/figure>\n","protected":false},"excerpt":{"rendered":"<p>(Redacci\u00f3n) Por disposici\u00f3n del Gobierno federal, la aplicaci\u00f3n de la primera dosis a este sector de la poblaci\u00f3n se realizar\u00e1 en los hospitales Susul\u00e1 del Issste y de la de la Amistad Corea M\u00e9xico de la Secretar\u00eda de Salud de Yucat\u00e1n (SSY), as\u00ed como en el Centro Social del IMSS, ubicado a un costado del [&hellip;]<\/p>\n","protected":false},"author":1,"featured_media":191211,"comment_status":"open","ping_status":"open","sticky":false,"template":"","format":"standard","meta":{"footnotes":""},"categories":[2],"tags":[],"class_list":["post-191210","post","type-post","status-publish","format-standard","has-post-thumbnail","hentry","category-yucatan","entry","has-media"],"jetpack_featured_media_url":"http:\/\/vertienteglobal.com\/wp-content\/uploads\/2021\/10\/\u00bfCuales-son-los-requisitos-para-la-vacunacion-anticovid-en-adolescentes-de-12-a-17-anos-660x330-1.jpg","_links":{"self":[{"href":"http:\/\/vertienteglobal.com\/index.php?rest_route=\/wp\/v2\/posts\/191210","targetHints":{"allow":["GET"]}}],"collection":[{"href":"http:\/\/vertienteglobal.com\/index.php?rest_route=\/wp\/v2\/posts"}],"about":[{"href":"http:\/\/vertienteglobal.com\/index.php?rest_route=\/wp\/v2\/types\/post"}],"author":[{"embeddable":true,"href":"http:\/\/vertienteglobal.com\/index.php?rest_route=\/wp\/v2\/users\/1"}],"replies":[{"embeddable":true,"href":"http:\/\/vertienteglobal.com\/index.php?rest_route=%2Fwp%2Fv2%2Fcomments&post=191210"}],"version-history":[{"count":0,"href":"http:\/\/vertienteglobal.com\/index.php?rest_route=\/wp\/v2\/posts\/191210\/revisions"}],"wp:featuredmedia":[{"embeddable":true,"href":"http:\/\/vertienteglobal.com\/index.php?rest_route=\/wp\/v2\/media\/191211"}],"wp:attachment":[{"href":"http:\/\/vertienteglobal.com\/index.php?rest_route=%2Fwp%2Fv2%2Fmedia&parent=191210"}],"wp:term":[{"taxonomy":"category","embeddable":true,"href":"http:\/\/vertienteglobal.com\/index.php?rest_route=%2Fwp%2Fv2%2Fcategories&post=191210"},{"taxonomy":"post_tag","embeddable":true,"href":"http:\/\/vertienteglobal.com\/index.php?rest_route=%2Fwp%2Fv2%2Ftags&post=191210"}],"curies":[{"name":"wp","href":"https:\/\/api.w.org\/{rel}","templated":true}]}}