{"id":191069,"date":"2021-10-17T15:52:00","date_gmt":"2021-10-17T20:52:00","guid":{"rendered":"http:\/\/vertienteglobal.com\/?p=191069"},"modified":"2021-10-17T19:54:05","modified_gmt":"2021-10-18T00:54:05","slug":"lorenzo-cordova-acepta-comparecer-ante-la-camara-de-diputados","status":"publish","type":"post","link":"http:\/\/vertienteglobal.com\/?p=191069","title":{"rendered":"Lorenzo C\u00f3rdova acepta comparecer ante la C\u00e1mara de Diputados"},"content":{"rendered":"\n<div class=\"twitterbutton\" style=\"float: right; padding-left: 5px;\"><a href=\"http:\/\/twitter.com\/share\" class=\"twitter-share-button\" data-count=\"horizontal\" data-text=\"Lorenzo C\u00f3rdova acepta comparecer ante la C\u00e1mara de Diputados\" data-via=\"https:\/\/twitter.com\/VertienteGloba1\" data-url=\"http:\/\/vertienteglobal.com\/?p=191069\" data-lang=\"es\" data-related=\"Informaci\u00f3n general:S\u00edguenos para que est\u00e9ss informado\"><\/a><\/div>\n<figure class=\"wp-block-image size-large\"><img loading=\"lazy\" decoding=\"async\" width=\"1024\" height=\"683\" src=\"http:\/\/vertienteglobal.com\/wp-content\/uploads\/2021\/10\/158213.jpg\" alt=\"\" class=\"wp-image-191070\" srcset=\"http:\/\/vertienteglobal.com\/wp-content\/uploads\/2021\/10\/158213.jpg 1024w, http:\/\/vertienteglobal.com\/wp-content\/uploads\/2021\/10\/158213-300x200.jpg 300w, http:\/\/vertienteglobal.com\/wp-content\/uploads\/2021\/10\/158213-150x100.jpg 150w, http:\/\/vertienteglobal.com\/wp-content\/uploads\/2021\/10\/158213-768x512.jpg 768w\" sizes=\"auto, (max-width: 1024px) 100vw, 1024px\" \/><\/figure>\n\n\n\n<p>(Redacci\u00f3n)<\/p>\n\n\n\n<p>Destac\u00f3 que la solicitud fue aprobada por el Consejo General y por la Secretar\u00eda de Hacienda y Cr\u00e9dito P\u00fablico (SHCP) en tiempo y forma<\/p>\n\n\n\n<p>Ciudad de M\u00e9xico a 17 de octubre de 2021.-El consejero presidente del Instituto Nacional Electoral (INE), Lorenzo C\u00f3rdova Vianello, confirm\u00f3 que comparecer\u00e1 ante la C\u00e1mara de Diputados el pr\u00f3ximo 5 de noviembre, a fin de hablar sobre la petici\u00f3n del presupuesto que envi\u00f3 para el ejercicio de 2022.<\/p>\n\n\n\n<p>Y es que a trav\u00e9s de su cuenta de Twitter, C\u00f3rdova Vianello indic\u00f3 que su asistencia al recinto legislativo ser\u00e1 una oportunidad para tener di\u00e1logo respetuoso a favor de la vida democr\u00e1tica.<\/p>\n\n\n\n<p>Precis\u00f3 que el viernes 15 de octubre respondi\u00f3 a la invitaci\u00f3n que le hizo llegar el presidente de la mesa directiva de la C\u00e1mara Baja, Sergio Guti\u00e9rrez Luna.<\/p>\n\n\n\n<p>De igual forma, dijo, explicar\u00e1 detalladamente a todos los representantes de la ciudadan\u00eda cu\u00e1les son los requerimientos del INE y c\u00f3mo ser\u00e1n distribuidos en 2022. Destac\u00f3 que la solicitud fue aprobada por el Consejo General y por la Secretar\u00eda de Hacienda y Cr\u00e9dito P\u00fablico (SHCP) en tiempo y forma.(Fuente: Infobae)<\/p>\n","protected":false},"excerpt":{"rendered":"<p>(Redacci\u00f3n) Destac\u00f3 que la solicitud fue aprobada por el Consejo General y por la Secretar\u00eda de Hacienda y Cr\u00e9dito P\u00fablico (SHCP) en tiempo y forma Ciudad de M\u00e9xico a 17 de octubre de 2021.-El consejero presidente del Instituto Nacional Electoral (INE), Lorenzo C\u00f3rdova Vianello, confirm\u00f3 que comparecer\u00e1 ante la C\u00e1mara de Diputados el pr\u00f3ximo 5 [&hellip;]<\/p>\n","protected":false},"author":1,"featured_media":191070,"comment_status":"open","ping_status":"open","sticky":false,"template":"","format":"standard","meta":{"footnotes":""},"categories":[8],"tags":[],"class_list":["post-191069","post","type-post","status-publish","format-standard","has-post-thumbnail","hentry","category-pais","entry","has-media"],"jetpack_featured_media_url":"http:\/\/vertienteglobal.com\/wp-content\/uploads\/2021\/10\/158213.jpg","_links":{"self":[{"href":"http:\/\/vertienteglobal.com\/index.php?rest_route=\/wp\/v2\/posts\/191069","targetHints":{"allow":["GET"]}}],"collection":[{"href":"http:\/\/vertienteglobal.com\/index.php?rest_route=\/wp\/v2\/posts"}],"about":[{"href":"http:\/\/vertienteglobal.com\/index.php?rest_route=\/wp\/v2\/types\/post"}],"author":[{"embeddable":true,"href":"http:\/\/vertienteglobal.com\/index.php?rest_route=\/wp\/v2\/users\/1"}],"replies":[{"embeddable":true,"href":"http:\/\/vertienteglobal.com\/index.php?rest_route=%2Fwp%2Fv2%2Fcomments&post=191069"}],"version-history":[{"count":0,"href":"http:\/\/vertienteglobal.com\/index.php?rest_route=\/wp\/v2\/posts\/191069\/revisions"}],"wp:featuredmedia":[{"embeddable":true,"href":"http:\/\/vertienteglobal.com\/index.php?rest_route=\/wp\/v2\/media\/191070"}],"wp:attachment":[{"href":"http:\/\/vertienteglobal.com\/index.php?rest_route=%2Fwp%2Fv2%2Fmedia&parent=191069"}],"wp:term":[{"taxonomy":"category","embeddable":true,"href":"http:\/\/vertienteglobal.com\/index.php?rest_route=%2Fwp%2Fv2%2Fcategories&post=191069"},{"taxonomy":"post_tag","embeddable":true,"href":"http:\/\/vertienteglobal.com\/index.php?rest_route=%2Fwp%2Fv2%2Ftags&post=191069"}],"curies":[{"name":"wp","href":"https:\/\/api.w.org\/{rel}","templated":true}]}}