{"id":190963,"date":"2021-10-15T16:21:46","date_gmt":"2021-10-15T21:21:46","guid":{"rendered":"http:\/\/vertienteglobal.com\/?p=190963"},"modified":"2021-10-16T10:21:19","modified_gmt":"2021-10-16T15:21:19","slug":"entregan-en-tiempo-y-forma-proyecto-de-presupuesto-del-congreso-de-yucatan-al-ejecutivo","status":"publish","type":"post","link":"http:\/\/vertienteglobal.com\/?p=190963","title":{"rendered":"Entregan en tiempo y forma Proyecto de Presupuesto del Congreso de Yucat\u00e1n al Ejecutivo"},"content":{"rendered":"\n<div class=\"twitterbutton\" style=\"float: right; padding-left: 5px;\"><a href=\"http:\/\/twitter.com\/share\" class=\"twitter-share-button\" data-count=\"horizontal\" data-text=\"Entregan en tiempo y forma Proyecto de Presupuesto del Congreso de Yucat\u00e1n al E...\" data-via=\"https:\/\/twitter.com\/VertienteGloba1\" data-url=\"http:\/\/vertienteglobal.com\/?p=190963\" data-lang=\"es\" data-related=\"Informaci\u00f3n general:S\u00edguenos para que est\u00e9ss informado\"><\/a><\/div>\n<figure class=\"wp-block-image size-large\"><img loading=\"lazy\" decoding=\"async\" width=\"660\" height=\"330\" src=\"http:\/\/vertienteglobal.com\/wp-content\/uploads\/2021\/10\/3dbe6a6d-d286-9077-083d-9e66cdc4e13d-660x330-1.jpeg\" alt=\"\" class=\"wp-image-190964\" srcset=\"http:\/\/vertienteglobal.com\/wp-content\/uploads\/2021\/10\/3dbe6a6d-d286-9077-083d-9e66cdc4e13d-660x330-1.jpeg 660w, http:\/\/vertienteglobal.com\/wp-content\/uploads\/2021\/10\/3dbe6a6d-d286-9077-083d-9e66cdc4e13d-660x330-1-300x150.jpeg 300w, http:\/\/vertienteglobal.com\/wp-content\/uploads\/2021\/10\/3dbe6a6d-d286-9077-083d-9e66cdc4e13d-660x330-1-150x75.jpeg 150w\" sizes=\"auto, (max-width: 660px) 100vw, 660px\" \/><\/figure>\n\n\n\n<p>(Redacci\u00f3n)<\/p>\n\n\n\n<p>Hasta el 15 de diciembre como fecha estipulada en la propia ley para que sea aprobado por el Pleno, el Paquete Fiscal 2022<\/p>\n\n\n\n<p>M\u00e9rida, Yucat\u00e1n a 15 de octubre de 2021.- En el marco de la Sesi\u00f3n de la Comisi\u00f3n de Presupuesto, Patrimonio Estatal y Municipal, el diputado V\u00edctor Hugo Lozano Poveda (PAN), presidente de la Junta de Gobierno y Coordinaci\u00f3n Pol\u00edtica del Congreso del Estado, inform\u00f3 que este viernes 15 se hizo entrega oficial al Ejecutivo, el Proyecto de Presupuesto correspondiente al ejercicio fiscal 2022 del Poder Legislativo, en tiempo y forma seg\u00fan los tiempos establecidos.<\/p>\n\n\n\n<p>El diputado Lozano Poveda, quien funge como vocal en esta Comisi\u00f3n, record\u00f3 que el Proyecto de Presupuesto del Poder Legislativo fue votado&nbsp;el pasado 13 de octubre con 23 votos a favor y dos en contra en Sesi\u00f3n Ordinaria.<\/p>\n\n\n\n<p>En ese sentido, la diputada vocal Alejandra Novelo Segura (MORENA), felicit\u00f3 a las fuerzas pol\u00edticas que conforman esta Legislatura por el trabajo que se ha realizado durante este tiempo, resaltando que el Congreso ha puesto un precedente en el tema de la austeridad e hizo un llamado para que los Ayuntamientos tambi\u00e9n tomen las medidas pertinentes y hacer un mejor uso de sus recursos.<\/p>\n\n\n\n<p>En cumplimiento con el orden del d\u00eda, el presidente de la Comisi\u00f3n, diputado Jes\u00fas P\u00e9rez Ballote, instruy\u00f3 a la Secretar\u00eda General distribuir a los diputados integrantes los documentos que contienen modificaciones en diversos art\u00edculos de la Ley de Ingresos de los Municipios de Celest\u00fan, Chicxulub Pueblo y Tixkokob para su an\u00e1lisis; as\u00ed como la entrega del Plan de Trabajo de la Comisi\u00f3n.<\/p>\n\n\n\n<p>Asimismo, record\u00f3 que este viernes 15 de octubre fue la fecha l\u00edmite para que el Poder Legislativo, el Poder Judicial y los \u00d3rganos Aut\u00f3nomos entreguen su Proyecto de Presupuesto de Egresos a la Secretar\u00eda de Administraci\u00f3n y Finanzas con el fin de que \u00e9ste sea integrado y entregado como fecha m\u00e1xima el 25 de noviembre&nbsp;al Congreso del Estado.<\/p>\n\n\n\n<p>Posteriormente, continu\u00f3, tendremos hasta el 15 de diciembre como fecha estipulada en la propia ley para que sea aprobado por el Pleno, el Paquete Fiscal 2022.<\/p>\n","protected":false},"excerpt":{"rendered":"<p>(Redacci\u00f3n) Hasta el 15 de diciembre como fecha estipulada en la propia ley para que sea aprobado por el Pleno, el Paquete Fiscal 2022 M\u00e9rida, Yucat\u00e1n a 15 de octubre de 2021.- En el marco de la Sesi\u00f3n de la Comisi\u00f3n de Presupuesto, Patrimonio Estatal y Municipal, el diputado V\u00edctor Hugo Lozano Poveda (PAN), presidente [&hellip;]<\/p>\n","protected":false},"author":1,"featured_media":190964,"comment_status":"open","ping_status":"open","sticky":false,"template":"","format":"standard","meta":{"footnotes":""},"categories":[2],"tags":[],"class_list":["post-190963","post","type-post","status-publish","format-standard","has-post-thumbnail","hentry","category-yucatan","entry","has-media"],"jetpack_featured_media_url":"http:\/\/vertienteglobal.com\/wp-content\/uploads\/2021\/10\/3dbe6a6d-d286-9077-083d-9e66cdc4e13d-660x330-1.jpeg","_links":{"self":[{"href":"http:\/\/vertienteglobal.com\/index.php?rest_route=\/wp\/v2\/posts\/190963","targetHints":{"allow":["GET"]}}],"collection":[{"href":"http:\/\/vertienteglobal.com\/index.php?rest_route=\/wp\/v2\/posts"}],"about":[{"href":"http:\/\/vertienteglobal.com\/index.php?rest_route=\/wp\/v2\/types\/post"}],"author":[{"embeddable":true,"href":"http:\/\/vertienteglobal.com\/index.php?rest_route=\/wp\/v2\/users\/1"}],"replies":[{"embeddable":true,"href":"http:\/\/vertienteglobal.com\/index.php?rest_route=%2Fwp%2Fv2%2Fcomments&post=190963"}],"version-history":[{"count":0,"href":"http:\/\/vertienteglobal.com\/index.php?rest_route=\/wp\/v2\/posts\/190963\/revisions"}],"wp:featuredmedia":[{"embeddable":true,"href":"http:\/\/vertienteglobal.com\/index.php?rest_route=\/wp\/v2\/media\/190964"}],"wp:attachment":[{"href":"http:\/\/vertienteglobal.com\/index.php?rest_route=%2Fwp%2Fv2%2Fmedia&parent=190963"}],"wp:term":[{"taxonomy":"category","embeddable":true,"href":"http:\/\/vertienteglobal.com\/index.php?rest_route=%2Fwp%2Fv2%2Fcategories&post=190963"},{"taxonomy":"post_tag","embeddable":true,"href":"http:\/\/vertienteglobal.com\/index.php?rest_route=%2Fwp%2Fv2%2Ftags&post=190963"}],"curies":[{"name":"wp","href":"https:\/\/api.w.org\/{rel}","templated":true}]}}