{"id":190933,"date":"2021-10-15T09:52:21","date_gmt":"2021-10-15T14:52:21","guid":{"rendered":"http:\/\/vertienteglobal.com\/?p=190933"},"modified":"2021-10-16T08:56:19","modified_gmt":"2021-10-16T13:56:19","slug":"amlo-anuncia-gira-por-balancan-revisara-programa-sembrando-vida-con-enviado-de-biden","status":"publish","type":"post","link":"http:\/\/vertienteglobal.com\/?p=190933","title":{"rendered":"AMLO anuncia gira por Balanc\u00e1n; revisar\u00e1 programa Sembrando Vida con enviado de Biden"},"content":{"rendered":"\n<div class=\"twitterbutton\" style=\"float: right; padding-left: 5px;\"><a href=\"http:\/\/twitter.com\/share\" class=\"twitter-share-button\" data-count=\"horizontal\" data-text=\"AMLO anuncia gira por Balanc\u00e1n; revisar\u00e1 programa Sembrando Vida con enviado d...\" data-via=\"https:\/\/twitter.com\/VertienteGloba1\" data-url=\"http:\/\/vertienteglobal.com\/?p=190933\" data-lang=\"es\" data-related=\"Informaci\u00f3n general:S\u00edguenos para que est\u00e9ss informado\"><\/a><\/div>\n<figure class=\"wp-block-image size-large\"><img loading=\"lazy\" decoding=\"async\" width=\"1024\" height=\"683\" src=\"http:\/\/vertienteglobal.com\/wp-content\/uploads\/2021\/10\/158029.jpg\" alt=\"\" class=\"wp-image-190934\" srcset=\"http:\/\/vertienteglobal.com\/wp-content\/uploads\/2021\/10\/158029.jpg 1024w, http:\/\/vertienteglobal.com\/wp-content\/uploads\/2021\/10\/158029-300x200.jpg 300w, http:\/\/vertienteglobal.com\/wp-content\/uploads\/2021\/10\/158029-150x100.jpg 150w, http:\/\/vertienteglobal.com\/wp-content\/uploads\/2021\/10\/158029-768x512.jpg 768w\" sizes=\"auto, (max-width: 1024px) 100vw, 1024px\" \/><\/figure>\n\n\n\n<p>(Redacci\u00f3n)<\/p>\n\n\n\n<p>Este s\u00e1bado estar\u00e1 en San Quint\u00edn y Ensenada, mientras que el domingo estar\u00e1 de visita en Rosarito<\/p>\n\n\n\n<p>Ciudad de M\u00e9xico a 15 de octubre de 2021.-El presidente de M\u00e9xico, Andr\u00e9s Manuel L\u00f3pez Obrador, anunci\u00f3 que encabezar\u00e1 una gira el pr\u00f3ximo lunes 18 de octubre en Balanc\u00e1n, Tabasco, a fin de observar el programa Sembrando Vida con John Kerry, enviado de Joe Biden para el Clima.<\/p>\n\n\n\n<p>Y es que en la conferencia de prensa matutina de este viernes, se\u00f1al\u00f3 que visitar\u00e1n la comunidad de Apatzing\u00e1n que se encuentra cerca de Guatemala para dar a conocer los detalles de la estrategia que se desarrolla en el pa\u00eds.<\/p>\n\n\n\n<p>Cabe destacar que L\u00f3pez Obrador ha sugerido a Estados Unidos apoyar el programa Sembrando Vida para Centroam\u00e9rica, con el objetivo de disminuir la incidencia de la migraci\u00f3n.<\/p>\n\n\n\n<p>El presidente viajar\u00e1 este viernes a Mexicali y a Tecate, Baja California. Posteriormente, el s\u00e1bado estar\u00e1 en San Quint\u00edn y Ensenada, mientras que el domingo estar\u00e1 de visita en Rosarito. (Fuente: Twitter El Universal)<\/p>\n","protected":false},"excerpt":{"rendered":"<p>(Redacci\u00f3n) Este s\u00e1bado estar\u00e1 en San Quint\u00edn y Ensenada, mientras que el domingo estar\u00e1 de visita en Rosarito Ciudad de M\u00e9xico a 15 de octubre de 2021.-El presidente de M\u00e9xico, Andr\u00e9s Manuel L\u00f3pez Obrador, anunci\u00f3 que encabezar\u00e1 una gira el pr\u00f3ximo lunes 18 de octubre en Balanc\u00e1n, Tabasco, a fin de observar el programa Sembrando [&hellip;]<\/p>\n","protected":false},"author":1,"featured_media":190934,"comment_status":"open","ping_status":"open","sticky":false,"template":"","format":"standard","meta":{"footnotes":""},"categories":[8,5],"tags":[],"class_list":["post-190933","post","type-post","status-publish","format-standard","has-post-thumbnail","hentry","category-pais","category-tabasco","entry","has-media"],"jetpack_featured_media_url":"http:\/\/vertienteglobal.com\/wp-content\/uploads\/2021\/10\/158029.jpg","_links":{"self":[{"href":"http:\/\/vertienteglobal.com\/index.php?rest_route=\/wp\/v2\/posts\/190933","targetHints":{"allow":["GET"]}}],"collection":[{"href":"http:\/\/vertienteglobal.com\/index.php?rest_route=\/wp\/v2\/posts"}],"about":[{"href":"http:\/\/vertienteglobal.com\/index.php?rest_route=\/wp\/v2\/types\/post"}],"author":[{"embeddable":true,"href":"http:\/\/vertienteglobal.com\/index.php?rest_route=\/wp\/v2\/users\/1"}],"replies":[{"embeddable":true,"href":"http:\/\/vertienteglobal.com\/index.php?rest_route=%2Fwp%2Fv2%2Fcomments&post=190933"}],"version-history":[{"count":0,"href":"http:\/\/vertienteglobal.com\/index.php?rest_route=\/wp\/v2\/posts\/190933\/revisions"}],"wp:featuredmedia":[{"embeddable":true,"href":"http:\/\/vertienteglobal.com\/index.php?rest_route=\/wp\/v2\/media\/190934"}],"wp:attachment":[{"href":"http:\/\/vertienteglobal.com\/index.php?rest_route=%2Fwp%2Fv2%2Fmedia&parent=190933"}],"wp:term":[{"taxonomy":"category","embeddable":true,"href":"http:\/\/vertienteglobal.com\/index.php?rest_route=%2Fwp%2Fv2%2Fcategories&post=190933"},{"taxonomy":"post_tag","embeddable":true,"href":"http:\/\/vertienteglobal.com\/index.php?rest_route=%2Fwp%2Fv2%2Ftags&post=190933"}],"curies":[{"name":"wp","href":"https:\/\/api.w.org\/{rel}","templated":true}]}}