{"id":190856,"date":"2021-10-14T16:44:00","date_gmt":"2021-10-14T21:44:00","guid":{"rendered":"http:\/\/vertienteglobal.com\/?p=190856"},"modified":"2021-10-14T22:47:31","modified_gmt":"2021-10-15T03:47:31","slug":"marciano-dzul-toma-protesta-a-integrantes-del-coplademun-2021-2024","status":"publish","type":"post","link":"http:\/\/vertienteglobal.com\/?p=190856","title":{"rendered":"Marciano Dzul toma protesta a integrantes del Coplademun 2021-2024"},"content":{"rendered":"\n<div class=\"twitterbutton\" style=\"float: right; padding-left: 5px;\"><a href=\"http:\/\/twitter.com\/share\" class=\"twitter-share-button\" data-count=\"horizontal\" data-text=\"Marciano Dzul toma protesta a integrantes del Coplademun 2021-2024\" data-via=\"https:\/\/twitter.com\/VertienteGloba1\" data-url=\"http:\/\/vertienteglobal.com\/?p=190856\" data-lang=\"es\" data-related=\"Informaci\u00f3n general:S\u00edguenos para que est\u00e9ss informado\"><\/a><\/div>\n<figure class=\"wp-block-image size-large\"><img loading=\"lazy\" decoding=\"async\" width=\"1024\" height=\"474\" src=\"http:\/\/vertienteglobal.com\/wp-content\/uploads\/2021\/10\/WhatsApp-Image-2021-10-14-at-3.00.43-PM-1024x474.jpeg\" alt=\"\" class=\"wp-image-190857\" srcset=\"http:\/\/vertienteglobal.com\/wp-content\/uploads\/2021\/10\/WhatsApp-Image-2021-10-14-at-3.00.43-PM-1024x474.jpeg 1024w, http:\/\/vertienteglobal.com\/wp-content\/uploads\/2021\/10\/WhatsApp-Image-2021-10-14-at-3.00.43-PM-300x139.jpeg 300w, http:\/\/vertienteglobal.com\/wp-content\/uploads\/2021\/10\/WhatsApp-Image-2021-10-14-at-3.00.43-PM-150x69.jpeg 150w, http:\/\/vertienteglobal.com\/wp-content\/uploads\/2021\/10\/WhatsApp-Image-2021-10-14-at-3.00.43-PM-768x356.jpeg 768w, http:\/\/vertienteglobal.com\/wp-content\/uploads\/2021\/10\/WhatsApp-Image-2021-10-14-at-3.00.43-PM.jpeg 1280w\" sizes=\"auto, (max-width: 1024px) 100vw, 1024px\" \/><\/figure>\n\n\n\n<p>(Redacci\u00f3n)<\/p>\n\n\n\n<p>Dzul Caamal hizo \u00e9nfasis a la palabra Transformemos Tulum, compromiso de su gobierno que todo colaborador debe privilegiar, dejando en claro que el objetivo como servidores p\u00fablicos es el de velar por el bienestar de los ciudadanos<\/p>\n\n\n\n<p>Tulum, Quintana Roo, a 14 de octubre de 2021.-Con una clara visi\u00f3n encarrilada a la transparencia, el desarrollo ordenado, estrat\u00e9gico y de transformaci\u00f3n por un mejor municipio tur\u00edstico, \u00e9ste jueves, el presidente municipal C. Marciano Dzul Caamal tom\u00f3 protesta a los integrantes del Comit\u00e9 de Planeaci\u00f3n Para el Desarrollo Municipal de Tulum 2021-2024 (COPLADEMUN) alineado a la agenda 2030 con miras a la mejora de la calidad de vida de los ciudadanos.<\/p>\n\n\n\n<p>En presencia del delegado de Desarrollo Social de Quintana Roo, Lic. Arturo Abreu Mar\u00edn, el presidente municipal, C. Marciano Dzul Caamal hizo \u00e9nfasis a la palabra Transformemos Tulum, compromiso de su gobierno que todo colaborador debe privilegiar, dejando en claro que el objetivo como servidores p\u00fablicos es el de velar por el bienestar de los ciudadanos de Tulum \u201cpromover, actualizar e instrumentar como instancia propositiva, es ahora su labor como integrantes de \u00e9ste comit\u00e9, es importante recordarles nuestro deber como servidores p\u00fablicos, mirar siempre por el bienestar de los ciudadanos\u201d, destac\u00f3.<\/p>\n\n\n\n<p>La integraci\u00f3n de \u00e9ste comit\u00e9 ser\u00e1 el punto de partida para una participaci\u00f3n abierta, transparente y ordenada en alianza con la sociedad en la toma de decisiones durante la administraci\u00f3n, privilegiando el control, seguimiento, evaluaci\u00f3n y actualizaci\u00f3n de un desarrollo sustentable mediante 8 subcomit\u00e9s sectoriales divididos en Finanzas, Infraestructura, Obras y Servicios P\u00fablicos, Ordenamiento Ambiental, Urbano y Cambio Clim\u00e1tico, Desarrollo Social y Atenci\u00f3n Ciudadana, Seguridad P\u00fablica y Tr\u00e1nsito Municipal, Desarrollo Tur\u00edstico y Protecci\u00f3n Civil, privilegiando foros de consultas ciudadanas, encuestas y sondeos de opini\u00f3n, hasta buzones de opini\u00f3n ciudadana.<\/p>\n\n\n\n<p>En su oportunidad, el delegado de Desarrollo Social, Lic. Arturo Abreu Mar\u00edn, destac\u00f3 el desarrollo y crecimiento de la Riviera Maya, siendo Tulum uno de los municipios que apremia en su planeaci\u00f3n y ordenamiento, por ello, llam\u00f3 al cabildo para conducirse como equipo, sin miras de colores o afiliaciones partidistas que, no abonan en la toma de decisiones para una mejor sociedad \u201ca los miembros de un cabildo desde que son electos, vengan del partido donde vengan, se mueven como gobierno y el gobierno est\u00e1 para atender a la ciudadan\u00eda y para que los ciudadanos consigan lo que quiere, la seguridad, el desarrollo de la propiedad que ellos con mucha dificultad obtienen, cada que entren al cabildo qu\u00edtense colores, eso se lo agradecer\u00e1 el pueblo para toda la vida\u201d, dijo.<\/p>\n\n\n\n<p>Los trabajos que a partir de ahora se encaminan a la agenda 2030 se regir\u00e1n por fases como el diagnostico, sentir ciudadano, integraci\u00f3n de acciones, objetivos y las prioridades del desarrollo, la validaci\u00f3n del PDM y su publicaci\u00f3n en el peri\u00f3dico oficial del Estado de Quintana Roo.<\/p>\n\n\n\n<p>La conformaci\u00f3n del comit\u00e9 de planeaci\u00f3n lo encabezar\u00e1 el edil en su calidad de Presidente del COPLADEMUN, C. Marciano Dzul Caamal, como coordinadora general, M. en V.I.B.N Carmen Sarah\u00ed Aramayo Figueroa, en su calidad de secretario t\u00e9cnico, C. Bernardino Mis Teh, como vocal ejecutivo de control y vigilancia, Mtra. En D.P.P. Araceli D\u00edaz Garcia, como coordinador del subcomit\u00e9 de finanzas, C. Diego Casta\u00f1\u00f3n Trejo, en su calidad de coordinador del subcomit\u00e9 de infraestructura, obras y servicios p\u00fablicos, Ing. Carlos Efra\u00edn Yama Moguel, como coordinador del subcomit\u00e9 de ordenamiento, ambiental urbano y cambio clim\u00e1tico, Ing. Lorenzo Bernab\u00e9 Miranda, Miranda, como coordinador del subcomit\u00e9 de desarrollo econ\u00f3mico y agropecuario, C. Bady Helenn G\u00f3mez Soberano, la Lic. Dulce Mar\u00eda Artigas Coba, en su calidad de coordinadora del subcomit\u00e9 de desarrollo social y atenci\u00f3n ciudadana, el Tte. Hugo Zabaleta Aparicio como coordinador del comit\u00e9 de seguridad p\u00fablica, mientras que el C. Eugenio Barbachano Losa como coordinador del subcomit\u00e9 de desarrollo tur\u00edstico y la Lic. Jessica Jaqueline Mart\u00ednez Barrios, como coordinadora del subcomit\u00e9 de protecci\u00f3n civil.<\/p>\n\n\n\n<p>Al evento donde se entregaron reconocimientos a dos de los miembros del comit\u00e9 de manos del alcalde Marciano Dzul y del delegado Arturo Abreu, tambi\u00e9n asistieron la s\u00edndico Lic. Mar\u00eda Teresa Arana S\u00e1nchez, y los regidores David Manaces Tah Balam,Mart\u00edn Dzib Chimal, Carlos Coral Basulto, Paulina Yadira Malpica Ya\u00f1ez e Ivan Alfredo Dzil Caba\u00f1as.<\/p>\n\n\n\n<figure class=\"wp-block-image size-large\"><img loading=\"lazy\" decoding=\"async\" width=\"692\" height=\"360\" src=\"http:\/\/vertienteglobal.com\/wp-content\/uploads\/2021\/10\/WhatsApp-Image-2021-10-14-at-3.00.42-PM-692x360-1.jpeg\" alt=\"\" class=\"wp-image-190858\" srcset=\"http:\/\/vertienteglobal.com\/wp-content\/uploads\/2021\/10\/WhatsApp-Image-2021-10-14-at-3.00.42-PM-692x360-1.jpeg 692w, http:\/\/vertienteglobal.com\/wp-content\/uploads\/2021\/10\/WhatsApp-Image-2021-10-14-at-3.00.42-PM-692x360-1-300x156.jpeg 300w, http:\/\/vertienteglobal.com\/wp-content\/uploads\/2021\/10\/WhatsApp-Image-2021-10-14-at-3.00.42-PM-692x360-1-150x78.jpeg 150w\" sizes=\"auto, (max-width: 692px) 100vw, 692px\" \/><\/figure>\n\n\n\n<figure class=\"wp-block-image size-large\"><img loading=\"lazy\" decoding=\"async\" width=\"1024\" height=\"559\" src=\"http:\/\/vertienteglobal.com\/wp-content\/uploads\/2021\/10\/WhatsApp-Image-2021-10-14-at-3.00.44-PM-1024x559.jpeg\" alt=\"\" class=\"wp-image-190859\" srcset=\"http:\/\/vertienteglobal.com\/wp-content\/uploads\/2021\/10\/WhatsApp-Image-2021-10-14-at-3.00.44-PM-1024x559.jpeg 1024w, http:\/\/vertienteglobal.com\/wp-content\/uploads\/2021\/10\/WhatsApp-Image-2021-10-14-at-3.00.44-PM-300x164.jpeg 300w, http:\/\/vertienteglobal.com\/wp-content\/uploads\/2021\/10\/WhatsApp-Image-2021-10-14-at-3.00.44-PM-150x82.jpeg 150w, http:\/\/vertienteglobal.com\/wp-content\/uploads\/2021\/10\/WhatsApp-Image-2021-10-14-at-3.00.44-PM-768x419.jpeg 768w, http:\/\/vertienteglobal.com\/wp-content\/uploads\/2021\/10\/WhatsApp-Image-2021-10-14-at-3.00.44-PM.jpeg 1280w\" sizes=\"auto, (max-width: 1024px) 100vw, 1024px\" \/><\/figure>\n","protected":false},"excerpt":{"rendered":"<p>(Redacci\u00f3n) Dzul Caamal hizo \u00e9nfasis a la palabra Transformemos Tulum, compromiso de su gobierno que todo colaborador debe privilegiar, dejando en claro que el objetivo como servidores p\u00fablicos es el de velar por el bienestar de los ciudadanos Tulum, Quintana Roo, a 14 de octubre de 2021.-Con una clara visi\u00f3n encarrilada a la transparencia, el [&hellip;]<\/p>\n","protected":false},"author":1,"featured_media":190859,"comment_status":"open","ping_status":"open","sticky":false,"template":"","format":"standard","meta":{"footnotes":""},"categories":[3],"tags":[],"class_list":["post-190856","post","type-post","status-publish","format-standard","has-post-thumbnail","hentry","category-quintana-roo","entry","has-media"],"jetpack_featured_media_url":"http:\/\/vertienteglobal.com\/wp-content\/uploads\/2021\/10\/WhatsApp-Image-2021-10-14-at-3.00.44-PM.jpeg","_links":{"self":[{"href":"http:\/\/vertienteglobal.com\/index.php?rest_route=\/wp\/v2\/posts\/190856","targetHints":{"allow":["GET"]}}],"collection":[{"href":"http:\/\/vertienteglobal.com\/index.php?rest_route=\/wp\/v2\/posts"}],"about":[{"href":"http:\/\/vertienteglobal.com\/index.php?rest_route=\/wp\/v2\/types\/post"}],"author":[{"embeddable":true,"href":"http:\/\/vertienteglobal.com\/index.php?rest_route=\/wp\/v2\/users\/1"}],"replies":[{"embeddable":true,"href":"http:\/\/vertienteglobal.com\/index.php?rest_route=%2Fwp%2Fv2%2Fcomments&post=190856"}],"version-history":[{"count":0,"href":"http:\/\/vertienteglobal.com\/index.php?rest_route=\/wp\/v2\/posts\/190856\/revisions"}],"wp:featuredmedia":[{"embeddable":true,"href":"http:\/\/vertienteglobal.com\/index.php?rest_route=\/wp\/v2\/media\/190859"}],"wp:attachment":[{"href":"http:\/\/vertienteglobal.com\/index.php?rest_route=%2Fwp%2Fv2%2Fmedia&parent=190856"}],"wp:term":[{"taxonomy":"category","embeddable":true,"href":"http:\/\/vertienteglobal.com\/index.php?rest_route=%2Fwp%2Fv2%2Fcategories&post=190856"},{"taxonomy":"post_tag","embeddable":true,"href":"http:\/\/vertienteglobal.com\/index.php?rest_route=%2Fwp%2Fv2%2Ftags&post=190856"}],"curies":[{"name":"wp","href":"https:\/\/api.w.org\/{rel}","templated":true}]}}