{"id":190821,"date":"2021-10-13T20:36:00","date_gmt":"2021-10-14T01:36:00","guid":{"rendered":"http:\/\/vertienteglobal.com\/?p=190821"},"modified":"2021-10-13T22:28:15","modified_gmt":"2021-10-14T03:28:15","slug":"en-cancun-se-fortalecen-acciones-de-inclusion-transparencia-y-rendicion-de-cuentas-asegura-sindico-pablo-bustamante","status":"publish","type":"post","link":"http:\/\/vertienteglobal.com\/?p=190821","title":{"rendered":"En Canc\u00fan se fortalecen acciones de inclusi\u00f3n, transparencia y rendici\u00f3n de cuentas, asegura s\u00edndico Pablo Bustamante"},"content":{"rendered":"\n<div class=\"twitterbutton\" style=\"float: right; padding-left: 5px;\"><a href=\"http:\/\/twitter.com\/share\" class=\"twitter-share-button\" data-count=\"horizontal\" data-text=\"En Canc\u00fan se fortalecen acciones de inclusi\u00f3n, transparencia y rendici\u00f3n de c...\" data-via=\"https:\/\/twitter.com\/VertienteGloba1\" data-url=\"http:\/\/vertienteglobal.com\/?p=190821\" data-lang=\"es\" data-related=\"Informaci\u00f3n general:S\u00edguenos para que est\u00e9ss informado\"><\/a><\/div>\n<figure class=\"wp-block-image size-large\"><img loading=\"lazy\" decoding=\"async\" width=\"696\" height=\"464\" src=\"http:\/\/vertienteglobal.com\/wp-content\/uploads\/2021\/10\/IMG-20211013-WA0087-696x464-1.jpg\" alt=\"\" class=\"wp-image-190822\" srcset=\"http:\/\/vertienteglobal.com\/wp-content\/uploads\/2021\/10\/IMG-20211013-WA0087-696x464-1.jpg 696w, http:\/\/vertienteglobal.com\/wp-content\/uploads\/2021\/10\/IMG-20211013-WA0087-696x464-1-300x200.jpg 300w, http:\/\/vertienteglobal.com\/wp-content\/uploads\/2021\/10\/IMG-20211013-WA0087-696x464-1-150x100.jpg 150w\" sizes=\"auto, (max-width: 696px) 100vw, 696px\" \/><\/figure>\n\n\n\n<p>(Redacci\u00f3n)<\/p>\n\n\n\n<p>Hace tres a\u00f1os Benito Ju\u00e1rez fue el primer municipio de Quintana Roo y segundo del pa\u00eds en establecer un Cabildo de puertas abiertas. Hoy, refrendamos ese compromiso, resalta<\/p>\n\n\n\n<p>Canc\u00fan, Quintana Roo a 13 de octubre de 2021.-En Canc\u00fan seguimos trabajando en conjunto gobierno, sociedad civil e iniciativa privada para fortalecer las acciones de inclusi\u00f3n, transparencia y rendici\u00f3n de cuentas, destac\u00f3 el S\u00edndico Municipal de Benito Ju\u00e1rez, Pablo Bustamante Beltr\u00e1n, en el taller impartido este d\u00eda por el movimiento Regidor 16 (R16), denominado \u201cPrograma de Trabajo con Participaci\u00f3n Ciudadana\u201d, encabezado por la Presidenta Municipal, Mara Lezama.<\/p>\n\n\n\n<p>\u201cHace tres a\u00f1os Benito Ju\u00e1rez fue el primer municipio de Quintana Roo y el segundo del pa\u00eds en establecer un Cabildo de puertas abiertas. Hoy refrendamos ese compromiso, funcionarios y miembros de la sociedad civil, de trabajar en unidad para reducir las brechas de desigualdad\u201d, resalt\u00f3 Bustamante Beltr\u00e1n.<\/p>\n\n\n\n<p>El S\u00edndico Municipal inform\u00f3 que, desde su puesta en marcha en 2018 hasta la fecha, el movimiento R16 ha cumplido sus objetivos trazados con el Gobierno Municipal, que consisten en incrementar los espacios de participaci\u00f3n ciudadana en comisiones y sesiones de Cabildo.<\/p>\n\n\n\n<p>\u201cSer\u00e1n establecidas nuevas mesas de trabajo con Regidor 16, ya que el Cabildo que encabeza la Presidenta Mara Lezama Espinosa seguir\u00e1 trabajando de la mano con los diversos sectores de la sociedad, a fin de impulsar el desarrollo social y construir un mejor Canc\u00fan\u201d, asever\u00f3.<\/p>\n\n\n\n<p>En el evento estuvieron el presidente de la Confederaci\u00f3n Patronal de la Rep\u00fablica Mexicana (Coparmex) Quintana Roo, Sergio Le\u00f3n Cervantes; Alejandro Riquelme Turret y Cynthia Dehesa Guzm\u00e1n, presidente y directora de \u201cCiudadan@s por la Transparencia\u201d, entre otros representantes del gobierno, la sociedad y el empresariado. (Fuente: PVEM)<\/p>\n\n\n\n<figure class=\"wp-block-image size-large\"><img loading=\"lazy\" decoding=\"async\" width=\"696\" height=\"464\" src=\"http:\/\/vertienteglobal.com\/wp-content\/uploads\/2021\/10\/IMG-20211013-WA0089-696x464-1.jpg\" alt=\"\" class=\"wp-image-190823\" srcset=\"http:\/\/vertienteglobal.com\/wp-content\/uploads\/2021\/10\/IMG-20211013-WA0089-696x464-1.jpg 696w, http:\/\/vertienteglobal.com\/wp-content\/uploads\/2021\/10\/IMG-20211013-WA0089-696x464-1-300x200.jpg 300w, http:\/\/vertienteglobal.com\/wp-content\/uploads\/2021\/10\/IMG-20211013-WA0089-696x464-1-150x100.jpg 150w\" sizes=\"auto, (max-width: 696px) 100vw, 696px\" \/><\/figure>\n\n\n\n<figure class=\"wp-block-image size-large\"><img loading=\"lazy\" decoding=\"async\" width=\"696\" height=\"476\" src=\"http:\/\/vertienteglobal.com\/wp-content\/uploads\/2021\/10\/IMG-20211013-WA0088-696x476-1.jpg\" alt=\"\" class=\"wp-image-190824\" srcset=\"http:\/\/vertienteglobal.com\/wp-content\/uploads\/2021\/10\/IMG-20211013-WA0088-696x476-1.jpg 696w, http:\/\/vertienteglobal.com\/wp-content\/uploads\/2021\/10\/IMG-20211013-WA0088-696x476-1-300x205.jpg 300w, http:\/\/vertienteglobal.com\/wp-content\/uploads\/2021\/10\/IMG-20211013-WA0088-696x476-1-150x103.jpg 150w\" sizes=\"auto, (max-width: 696px) 100vw, 696px\" \/><\/figure>\n","protected":false},"excerpt":{"rendered":"<p>(Redacci\u00f3n) Hace tres a\u00f1os Benito Ju\u00e1rez fue el primer municipio de Quintana Roo y segundo del pa\u00eds en establecer un Cabildo de puertas abiertas. Hoy, refrendamos ese compromiso, resalta Canc\u00fan, Quintana Roo a 13 de octubre de 2021.-En Canc\u00fan seguimos trabajando en conjunto gobierno, sociedad civil e iniciativa privada para fortalecer las acciones de inclusi\u00f3n, [&hellip;]<\/p>\n","protected":false},"author":1,"featured_media":190822,"comment_status":"open","ping_status":"open","sticky":false,"template":"","format":"standard","meta":{"footnotes":""},"categories":[3],"tags":[],"class_list":["post-190821","post","type-post","status-publish","format-standard","has-post-thumbnail","hentry","category-quintana-roo","entry","has-media"],"jetpack_featured_media_url":"http:\/\/vertienteglobal.com\/wp-content\/uploads\/2021\/10\/IMG-20211013-WA0087-696x464-1.jpg","_links":{"self":[{"href":"http:\/\/vertienteglobal.com\/index.php?rest_route=\/wp\/v2\/posts\/190821","targetHints":{"allow":["GET"]}}],"collection":[{"href":"http:\/\/vertienteglobal.com\/index.php?rest_route=\/wp\/v2\/posts"}],"about":[{"href":"http:\/\/vertienteglobal.com\/index.php?rest_route=\/wp\/v2\/types\/post"}],"author":[{"embeddable":true,"href":"http:\/\/vertienteglobal.com\/index.php?rest_route=\/wp\/v2\/users\/1"}],"replies":[{"embeddable":true,"href":"http:\/\/vertienteglobal.com\/index.php?rest_route=%2Fwp%2Fv2%2Fcomments&post=190821"}],"version-history":[{"count":0,"href":"http:\/\/vertienteglobal.com\/index.php?rest_route=\/wp\/v2\/posts\/190821\/revisions"}],"wp:featuredmedia":[{"embeddable":true,"href":"http:\/\/vertienteglobal.com\/index.php?rest_route=\/wp\/v2\/media\/190822"}],"wp:attachment":[{"href":"http:\/\/vertienteglobal.com\/index.php?rest_route=%2Fwp%2Fv2%2Fmedia&parent=190821"}],"wp:term":[{"taxonomy":"category","embeddable":true,"href":"http:\/\/vertienteglobal.com\/index.php?rest_route=%2Fwp%2Fv2%2Fcategories&post=190821"},{"taxonomy":"post_tag","embeddable":true,"href":"http:\/\/vertienteglobal.com\/index.php?rest_route=%2Fwp%2Fv2%2Ftags&post=190821"}],"curies":[{"name":"wp","href":"https:\/\/api.w.org\/{rel}","templated":true}]}}