{"id":190720,"date":"2021-10-13T13:51:00","date_gmt":"2021-10-13T18:51:00","guid":{"rendered":"http:\/\/vertienteglobal.com\/?p=190720"},"modified":"2021-10-13T15:30:28","modified_gmt":"2021-10-13T20:30:28","slug":"buscare-la-gubernatura-porque-yo-seria-el-candidato-del-gremio-que-manda-economicamente-en-quintana-roo-roberto-palazuelos","status":"publish","type":"post","link":"http:\/\/vertienteglobal.com\/?p=190720","title":{"rendered":"Buscare la gubernatura, porque yo ser\u00eda el candidato del gremio que manda econ\u00f3micamente en Quintana Roo: Roberto Palazuelos"},"content":{"rendered":"\n<div class=\"twitterbutton\" style=\"float: right; padding-left: 5px;\"><a href=\"http:\/\/twitter.com\/share\" class=\"twitter-share-button\" data-count=\"horizontal\" data-text=\"Buscare la gubernatura, porque yo ser\u00eda el candidato del gremio que manda econ?...\" data-via=\"https:\/\/twitter.com\/VertienteGloba1\" data-url=\"http:\/\/vertienteglobal.com\/?p=190720\" data-lang=\"es\" data-related=\"Informaci\u00f3n general:S\u00edguenos para que est\u00e9ss informado\"><\/a><\/div>\n<figure class=\"wp-block-image size-large\"><img loading=\"lazy\" decoding=\"async\" width=\"1024\" height=\"682\" src=\"http:\/\/vertienteglobal.com\/wp-content\/uploads\/2021\/10\/20211013_144935-1024x682.jpg\" alt=\"\" class=\"wp-image-190721\" srcset=\"http:\/\/vertienteglobal.com\/wp-content\/uploads\/2021\/10\/20211013_144935-1024x682.jpg 1024w, http:\/\/vertienteglobal.com\/wp-content\/uploads\/2021\/10\/20211013_144935-300x200.jpg 300w, http:\/\/vertienteglobal.com\/wp-content\/uploads\/2021\/10\/20211013_144935-150x100.jpg 150w, http:\/\/vertienteglobal.com\/wp-content\/uploads\/2021\/10\/20211013_144935-768x512.jpg 768w, http:\/\/vertienteglobal.com\/wp-content\/uploads\/2021\/10\/20211013_144935-1536x1023.jpg 1536w, http:\/\/vertienteglobal.com\/wp-content\/uploads\/2021\/10\/20211013_144935.jpg 1600w\" sizes=\"auto, (max-width: 1024px) 100vw, 1024px\" \/><\/figure>\n\n\n\n<p>(Antonio Rivera)<\/p>\n\n\n\n<p>Insisti\u00f3 en que no son los tiempos para hablar de candidaturas y que ser\u00e1 una decisi\u00f3n que estar\u00e1 tomando la dirigencia nacional de Moviendo Ciudadano<\/p>\n\n\n\n<p>Canc\u00fan, Quintana Roo, a 13 de octibre de 2021.-El actor Roberto Palazuelos se reuni\u00f3 esta ma\u00f1ana en conocido cafe de la ciudad con el dirigente estatal de Movimiento Ciudadano (MC), Jos\u00e9 Luis \u00abChanito\u00bb Toledo Medina, donde se platico de todo desde cosas personales como es la familia, los amigos y obviamente del tema pol\u00edtico, aunque reiterara que ese tema se ve a nivel nacional no estatal.<\/p>\n\n\n\n<p>Ante los diversos medios de comunicaci\u00f3n y luego de que se diera a conocer el inter\u00e9s de Palazuelos por buscar la candidatura a la gubernatura de Quintana Roo por MovimientoCiudadano, el actor Roberto Palazuelos, dejo en claro: \u00abNo son los tiempos, pero s\u00ed tengo la mano levantada para ser gobernador; si yo me subo a la siguiente contienda voy a ser gobernador de Quintana Roo\u201d.<\/p>\n\n\n\n<p>Cuestionado por los reporteros de diversos medios de comunicaci\u00f3n en cuanto a sus aspiraciones y la posibilidad de que el partido Movimiento Ciudadano quien lo postule a la candidatura en el 2022, el Diamante Negro, sostuvo que dentro de sus visi\u00f3n para disputar la gubernatura se basa en arraigo de m\u00e1s de 25 a\u00f1os enfocado a la industria tur\u00edstica.<\/p>\n\n\n\n<p>Dijo: \u00abEn la historia de Quintana Roo nunca ha habido un l\u00edder hotelero que llegue a la mesa, yo ser\u00eda el primer candidato del gremio que manda econ\u00f3micamente en Quintana Roo y es la fuerza ponderadora del empleo, es un gremio que ha sido avasallado, yo tengo una visi\u00f3n tur\u00edstica, puse a Tulum en el mapa, fue un trabajo de d\u00e9cadas, les sub\u00ed sus tarifas, pienso hacer lo mismo con el estado, sobre todo pienso hacer lo mismo con Chetumal, voy a poner a Chetumal en el mapa, le voy hacer justicia a Chetumal si Dios me da la oportunidad\u201d.<\/p>\n\n\n\n<p>Nuevamente los reporteros preguntaron si es un hecho si candidatura, por lo que insisti\u00f3 en que no son los tiempos para hablar de candidaturas y que ser\u00e1 una decisi\u00f3n que estar\u00e1 tomando la dirigencia nacional de Moviendo Ciudadano.<\/p>\n\n\n\n<p>Ante la pregunta sobre la fortaleza de Morena en la entidad, Roberto Palazuelos, sostuvo que el posicionamiento que tiene su imagen en el estado se ayudar\u00eda a darle la vuelva a dicho partido en la pr\u00f3xima contienda.<\/p>\n\n\n\n<p>Por lo que anticip\u00f3 que Morena, sufrir\u00e1 un descalabramiento al momento de hacer la designaci\u00f3n de candidatos a la gubernatura, en la que incluso, dijo, la senadora Marybel Villegas podr\u00eda ser traicionada por Morena y que no le dar\u00e1n la candidatura que ha estado buscando, porque se dijo seguro que ser\u00e1 para la ahora presidenta municipal Mara Lezama, a quien dijo, ven m\u00e1s fuerte para ocupar esa candidatura.<\/p>\n\n\n\n<p>Reiter\u00f3: \u00abYo estoy seguro que a Marybel la va a traicionar Morena y ella le es muy fiel a Morena; seguramente van a apoyar a la otra candidata que la ven m\u00e1s fuerte, a Mara seguramente, hay varios ah\u00ed, hay un senador, Rafa Mar\u00edn, pero les veo pocas posibilidades a ellos en cuento a los n\u00fameros, yo veo muy fuerte a las mujeres, Mara y Marybel pero ah\u00ed va haber una ruptura y creo que Marybel no va a tener problema en encontrar asilo en otro partido y podr\u00eda ser hasta este\u201d.<\/p>\n\n\n\n<p>Por su parte el dirigente de Movimiento Ciudadano, Jos\u00e9 Luis \u00abChanito\u00bb Acosta Toledo, reconoci\u00f3 que est\u00e1 buscando acercamientos con las diversas opciones que podr\u00edan ser de dicho partido en la siguiente elecci\u00f3n.<\/p>\n\n\n\n<p>Por \u00faltimo agreg\u00f3: \u00abEstoy seguro que Roberto como ya dijo que levanta la mano, ya le pusimos el ojo a Roberto y tambi\u00e9n le respondemos el gui\u00f1o, creemos que podemos empezar a trabajar en algo que \u00e9l pueda ayudar a Quintana Roo\u201d.<\/p>\n\n\n\n<figure class=\"wp-block-image size-large\"><img loading=\"lazy\" decoding=\"async\" width=\"1024\" height=\"682\" src=\"http:\/\/vertienteglobal.com\/wp-content\/uploads\/2021\/10\/20211013_144929-1024x682.jpg\" alt=\"\" class=\"wp-image-190722\" srcset=\"http:\/\/vertienteglobal.com\/wp-content\/uploads\/2021\/10\/20211013_144929-1024x682.jpg 1024w, http:\/\/vertienteglobal.com\/wp-content\/uploads\/2021\/10\/20211013_144929-300x200.jpg 300w, http:\/\/vertienteglobal.com\/wp-content\/uploads\/2021\/10\/20211013_144929-150x100.jpg 150w, http:\/\/vertienteglobal.com\/wp-content\/uploads\/2021\/10\/20211013_144929-768x512.jpg 768w, http:\/\/vertienteglobal.com\/wp-content\/uploads\/2021\/10\/20211013_144929-1536x1023.jpg 1536w, http:\/\/vertienteglobal.com\/wp-content\/uploads\/2021\/10\/20211013_144929.jpg 1600w\" sizes=\"auto, (max-width: 1024px) 100vw, 1024px\" \/><\/figure>\n\n\n\n<figure class=\"wp-block-image size-large\"><img loading=\"lazy\" decoding=\"async\" width=\"1024\" height=\"682\" src=\"http:\/\/vertienteglobal.com\/wp-content\/uploads\/2021\/10\/20211013_144932-1024x682.jpg\" alt=\"\" class=\"wp-image-190723\" srcset=\"http:\/\/vertienteglobal.com\/wp-content\/uploads\/2021\/10\/20211013_144932-1024x682.jpg 1024w, http:\/\/vertienteglobal.com\/wp-content\/uploads\/2021\/10\/20211013_144932-300x200.jpg 300w, http:\/\/vertienteglobal.com\/wp-content\/uploads\/2021\/10\/20211013_144932-150x100.jpg 150w, http:\/\/vertienteglobal.com\/wp-content\/uploads\/2021\/10\/20211013_144932-768x512.jpg 768w, http:\/\/vertienteglobal.com\/wp-content\/uploads\/2021\/10\/20211013_144932-1536x1023.jpg 1536w, http:\/\/vertienteglobal.com\/wp-content\/uploads\/2021\/10\/20211013_144932.jpg 1600w\" sizes=\"auto, (max-width: 1024px) 100vw, 1024px\" \/><\/figure>\n","protected":false},"excerpt":{"rendered":"<p>(Antonio Rivera) Insisti\u00f3 en que no son los tiempos para hablar de candidaturas y que ser\u00e1 una decisi\u00f3n que estar\u00e1 tomando la dirigencia nacional de Moviendo Ciudadano Canc\u00fan, Quintana Roo, a 13 de octibre de 2021.-El actor Roberto Palazuelos se reuni\u00f3 esta ma\u00f1ana en conocido cafe de la ciudad con el dirigente estatal de Movimiento [&hellip;]<\/p>\n","protected":false},"author":1,"featured_media":190721,"comment_status":"open","ping_status":"open","sticky":false,"template":"","format":"standard","meta":{"footnotes":""},"categories":[3],"tags":[],"class_list":["post-190720","post","type-post","status-publish","format-standard","has-post-thumbnail","hentry","category-quintana-roo","entry","has-media"],"jetpack_featured_media_url":"http:\/\/vertienteglobal.com\/wp-content\/uploads\/2021\/10\/20211013_144935.jpg","_links":{"self":[{"href":"http:\/\/vertienteglobal.com\/index.php?rest_route=\/wp\/v2\/posts\/190720","targetHints":{"allow":["GET"]}}],"collection":[{"href":"http:\/\/vertienteglobal.com\/index.php?rest_route=\/wp\/v2\/posts"}],"about":[{"href":"http:\/\/vertienteglobal.com\/index.php?rest_route=\/wp\/v2\/types\/post"}],"author":[{"embeddable":true,"href":"http:\/\/vertienteglobal.com\/index.php?rest_route=\/wp\/v2\/users\/1"}],"replies":[{"embeddable":true,"href":"http:\/\/vertienteglobal.com\/index.php?rest_route=%2Fwp%2Fv2%2Fcomments&post=190720"}],"version-history":[{"count":0,"href":"http:\/\/vertienteglobal.com\/index.php?rest_route=\/wp\/v2\/posts\/190720\/revisions"}],"wp:featuredmedia":[{"embeddable":true,"href":"http:\/\/vertienteglobal.com\/index.php?rest_route=\/wp\/v2\/media\/190721"}],"wp:attachment":[{"href":"http:\/\/vertienteglobal.com\/index.php?rest_route=%2Fwp%2Fv2%2Fmedia&parent=190720"}],"wp:term":[{"taxonomy":"category","embeddable":true,"href":"http:\/\/vertienteglobal.com\/index.php?rest_route=%2Fwp%2Fv2%2Fcategories&post=190720"},{"taxonomy":"post_tag","embeddable":true,"href":"http:\/\/vertienteglobal.com\/index.php?rest_route=%2Fwp%2Fv2%2Ftags&post=190720"}],"curies":[{"name":"wp","href":"https:\/\/api.w.org\/{rel}","templated":true}]}}