{"id":190635,"date":"2021-10-12T12:31:00","date_gmt":"2021-10-12T17:31:00","guid":{"rendered":"http:\/\/vertienteglobal.com\/?p=190635"},"modified":"2021-10-12T18:33:55","modified_gmt":"2021-10-12T23:33:55","slug":"el-presidente-andres-manuel-lopez-obrador-dara-mensaje-en-el-zocalo-el-1-de-diciembre","status":"publish","type":"post","link":"http:\/\/vertienteglobal.com\/?p=190635","title":{"rendered":"El presidente Andr\u00e9s Manuel L\u00f3pez Obrador dar\u00e1 mensaje en el Z\u00f3calo el 1\u00b0 de diciembre"},"content":{"rendered":"\n<div class=\"twitterbutton\" style=\"float: right; padding-left: 5px;\"><a href=\"http:\/\/twitter.com\/share\" class=\"twitter-share-button\" data-count=\"horizontal\" data-text=\"El presidente Andr\u00e9s Manuel L\u00f3pez Obrador dar\u00e1 mensaje en el Z\u00f3calo el 1\u00b0 d...\" data-via=\"https:\/\/twitter.com\/VertienteGloba1\" data-url=\"http:\/\/vertienteglobal.com\/?p=190635\" data-lang=\"es\" data-related=\"Informaci\u00f3n general:S\u00edguenos para que est\u00e9ss informado\"><\/a><\/div>\n<figure class=\"wp-block-image size-large\"><img loading=\"lazy\" decoding=\"async\" width=\"660\" height=\"330\" src=\"http:\/\/vertienteglobal.com\/wp-content\/uploads\/2021\/10\/2655907-660x330-1.jpg\" alt=\"\" class=\"wp-image-190636\" srcset=\"http:\/\/vertienteglobal.com\/wp-content\/uploads\/2021\/10\/2655907-660x330-1.jpg 660w, http:\/\/vertienteglobal.com\/wp-content\/uploads\/2021\/10\/2655907-660x330-1-300x150.jpg 300w, http:\/\/vertienteglobal.com\/wp-content\/uploads\/2021\/10\/2655907-660x330-1-150x75.jpg 150w\" sizes=\"auto, (max-width: 660px) 100vw, 660px\" \/><\/figure>\n\n\n\n<p>(Redacci\u00f3n)<\/p>\n\n\n\n<p><em><strong>Anuncia el presidente que con motivo de sus tres a\u00f1os de gobierno habr\u00e1 una \u2018concentraci\u00f3n\u2019 en el primer cuadro de la capital; habr\u00e1 caballos y vagones de ferrocarriles en desfile del 20 de noviembre<\/strong><\/em><\/p>\n\n\n\n<p>Ciudad de M\u00e9xico a 12 de ocribre de 2021.-El presidente Andr\u00e9s Manuel L\u00f3pez Obrador anunci\u00f3 que el 1 de diciembre \u201cva a ser la concentraci\u00f3n en el Z\u00f3calo\u201d con motivo de su mensaje por tres a\u00f1os de gobierno.<\/p>\n\n\n\n<p>En Palacio Nacional el mandatario explic\u00f3 que hab\u00eda tomado la decisi\u00f3n de realizar este acto multitudinario para dar un mensaje a la ciudadan\u00eda sobre los tres a\u00f1os de la Cuarta Transformaci\u00f3n.<\/p>\n\n\n\n<p>Adelant\u00f3 adem\u00e1s que el 20 de noviembre se llevar\u00e1 a cabo en el Z\u00f3calo capitalino el desfile para conmemorar la Revoluci\u00f3n Mexicana, mismo en el que habr\u00e1 caballos y vagones de ferrocarriles.<\/p>\n\n\n\n<p>\u201cA los conservadores no les gusta la Revoluci\u00f3n, y para nosotros es un movimiento fundamental, porque fue enfrentar una dictadura de 34 a\u00f1os: el porfiriato, que entreg\u00f3 los bienes de la naci\u00f3n, porque neoliberalismo es neoporfirismo, es lo mismo. Vamos a conmemorar un aniversario m\u00e1s y vamos a hacer un desfile como se hizo la Revoluci\u00f3n: a caballo y ferrocarril\u201d, mencion\u00f3.<\/p>\n\n\n\n<p>El pasado 7 de octubre L\u00f3pez Obrador inform\u00f3 que se analiza que s\u00f3lo quienes tienen las dos vacunas contra covid-19 asistan al evento c\u00edvico del 20 de noviembre, por lo que quienes s\u00f3lo tienen una dosis estar\u00edan invitados s\u00f3lo a seguir el evento por televisi\u00f3n o redes sociales. (Fuente: Excelsior)<\/p>\n","protected":false},"excerpt":{"rendered":"<p>(Redacci\u00f3n) Anuncia el presidente que con motivo de sus tres a\u00f1os de gobierno habr\u00e1 una \u2018concentraci\u00f3n\u2019 en el primer cuadro de la capital; habr\u00e1 caballos y vagones de ferrocarriles en desfile del 20 de noviembre Ciudad de M\u00e9xico a 12 de ocribre de 2021.-El presidente Andr\u00e9s Manuel L\u00f3pez Obrador anunci\u00f3 que el 1 de diciembre [&hellip;]<\/p>\n","protected":false},"author":1,"featured_media":190636,"comment_status":"open","ping_status":"open","sticky":false,"template":"","format":"standard","meta":{"footnotes":""},"categories":[8],"tags":[],"class_list":["post-190635","post","type-post","status-publish","format-standard","has-post-thumbnail","hentry","category-pais","entry","has-media"],"jetpack_featured_media_url":"http:\/\/vertienteglobal.com\/wp-content\/uploads\/2021\/10\/2655907-660x330-1.jpg","_links":{"self":[{"href":"http:\/\/vertienteglobal.com\/index.php?rest_route=\/wp\/v2\/posts\/190635","targetHints":{"allow":["GET"]}}],"collection":[{"href":"http:\/\/vertienteglobal.com\/index.php?rest_route=\/wp\/v2\/posts"}],"about":[{"href":"http:\/\/vertienteglobal.com\/index.php?rest_route=\/wp\/v2\/types\/post"}],"author":[{"embeddable":true,"href":"http:\/\/vertienteglobal.com\/index.php?rest_route=\/wp\/v2\/users\/1"}],"replies":[{"embeddable":true,"href":"http:\/\/vertienteglobal.com\/index.php?rest_route=%2Fwp%2Fv2%2Fcomments&post=190635"}],"version-history":[{"count":0,"href":"http:\/\/vertienteglobal.com\/index.php?rest_route=\/wp\/v2\/posts\/190635\/revisions"}],"wp:featuredmedia":[{"embeddable":true,"href":"http:\/\/vertienteglobal.com\/index.php?rest_route=\/wp\/v2\/media\/190636"}],"wp:attachment":[{"href":"http:\/\/vertienteglobal.com\/index.php?rest_route=%2Fwp%2Fv2%2Fmedia&parent=190635"}],"wp:term":[{"taxonomy":"category","embeddable":true,"href":"http:\/\/vertienteglobal.com\/index.php?rest_route=%2Fwp%2Fv2%2Fcategories&post=190635"},{"taxonomy":"post_tag","embeddable":true,"href":"http:\/\/vertienteglobal.com\/index.php?rest_route=%2Fwp%2Fv2%2Ftags&post=190635"}],"curies":[{"name":"wp","href":"https:\/\/api.w.org\/{rel}","templated":true}]}}