{"id":190401,"date":"2021-10-10T21:50:00","date_gmt":"2021-10-11T02:50:00","guid":{"rendered":"http:\/\/vertienteglobal.com\/?p=190401"},"modified":"2021-10-10T22:24:26","modified_gmt":"2021-10-11T03:24:26","slug":"la-segunda-de-astrazeneca-a-los-de-30-a-39-anos-en-poza-rica-tihuatlan-y-coatzintla","status":"publish","type":"post","link":"http:\/\/vertienteglobal.com\/?p=190401","title":{"rendered":"La segunda de AstraZeneca a los de 30 a 39 a\u00f1os en Poza Rica, Tihuatl\u00e1n y Coatzintla"},"content":{"rendered":"\n<div class=\"twitterbutton\" style=\"float: right; padding-left: 5px;\"><a href=\"http:\/\/twitter.com\/share\" class=\"twitter-share-button\" data-count=\"horizontal\" data-text=\"La segunda de AstraZeneca a los de 30 a 39 a\u00f1os en Poza Rica, Tihuatl\u00e1n y Coat...\" data-via=\"https:\/\/twitter.com\/VertienteGloba1\" data-url=\"http:\/\/vertienteglobal.com\/?p=190401\" data-lang=\"es\" data-related=\"Informaci\u00f3n general:S\u00edguenos para que est\u00e9ss informado\"><\/a><\/div>\n<figure class=\"wp-block-image size-large\"><img loading=\"lazy\" decoding=\"async\" width=\"1024\" height=\"682\" src=\"http:\/\/vertienteglobal.com\/wp-content\/uploads\/2021\/10\/1181844.jpg\" alt=\"\" class=\"wp-image-190402\" srcset=\"http:\/\/vertienteglobal.com\/wp-content\/uploads\/2021\/10\/1181844.jpg 1024w, http:\/\/vertienteglobal.com\/wp-content\/uploads\/2021\/10\/1181844-300x200.jpg 300w, http:\/\/vertienteglobal.com\/wp-content\/uploads\/2021\/10\/1181844-150x100.jpg 150w, http:\/\/vertienteglobal.com\/wp-content\/uploads\/2021\/10\/1181844-768x512.jpg 768w\" sizes=\"auto, (max-width: 1024px) 100vw, 1024px\" \/><\/figure>\n\n\n\n<p>(Redacci\u00f3n)<\/p>\n\n\n\n<p>Detall\u00f3 que para los municipios de Poza Rica, Tihuatl\u00e1n y Coatzintla la poblaci\u00f3n deber\u00e1 acudir al Centro de Vacunaci\u00f3n que se instalar\u00e1 en la Plaza C\u00edvica 18 de Marzo<\/p>\n\n\n\n<p>Xalapa, Veracruz a 10 de octubre de 2021.- A partir de la semana que inicia continua la vacunaci\u00f3n en segundas dosis para la poblaci\u00f3n de 30 a 39 a\u00f1os Astra-Zeneca en el municipio de Poza Rica, el 11 de octubre, inform\u00f3 el Delegado de Programas para el Desarrollo, Manuel Huerta Ladr\u00f3n de Guevara.<\/p>\n\n\n\n<p>En un comunicado, detall\u00f3 que para los municipios de Poza Rica, Tihuatl\u00e1n y Coatzintla la poblaci\u00f3n deber\u00e1 acudir al Centro de Vacunaci\u00f3n que se instalar\u00e1 en la Plaza C\u00edvica 18 de Marzo:<\/p>\n\n\n\n<p>El 11 de octubre comienza la aplicaci\u00f3n en segundas dosis para la generaci\u00f3n 30-39 a\u00f1os en Veracruz, Poza Rica y Coatzacoalcos.<\/p>\n\n\n\n<p>El 15 de octubre vacunar\u00e1n a la etapa de 18-29 a\u00f1os en el Puerto de Veracruz.<\/p>\n\n\n\n<p>A partir de la pr\u00f3xima semana continuar\u00e1 la vacunaci\u00f3n en segundas dosis para la poblaci\u00f3n de 30 a 39 a\u00f1os de los municipios de Veracruz, Poza Rica y Coatzacoalcos, adem\u00e1s de los j\u00f3venes de 18 a 29 a\u00f1os en el Puerto Jarocho, donde esta poblaci\u00f3n completar\u00e1 su cuadro de inmunizaci\u00f3n en los tiempos establecidos por las autoridades sanitarias, inform\u00f3 el Delegado de Programas para el Desarrollo, Manuel Huerta Ladr\u00f3n de Guevara.<\/p>\n\n\n\n<p>El funcionario se\u00f1al\u00f3 que el d\u00eda de ayer lleg\u00f3 vacuna al estado que se utilizar\u00e1 para las segundas dosis; dijo que del 11 al 14 de este mes iniciar\u00e1 la aplicaci\u00f3n en el puerto de Veracruz. Se atender\u00e1 por orden alfab\u00e9tico: el primer d\u00eda, de la A a la G; el d\u00eda 12, de la H a la M; el 13, de la N a la R y el 14 de la S a la Z, en los mismos m\u00f3dulos de ocasiones anteriores.<\/p>\n\n\n\n<p>Lo mismo en Poza Rica, Tihuatl\u00e1n y Coatzintla donde comenzar\u00e1 el operativo para vacunar a los de 30 a 39 a\u00f1os que igualmente recibir\u00e1n su vacuna del biol\u00f3gico de Astra-Zeneca. <\/p>\n\n\n\n<p>En esta regi\u00f3n la poblaci\u00f3n deber\u00e1 acudir al Centro de Vacunaci\u00f3n que se instalar\u00e1 en la Plaza C\u00edvica 18 de Marzo; por otra parte, del 11 al 13 de este mes se vacunar\u00e1 en Coatzacoalcos a esta poblaci\u00f3n en las sedes ubicadas en: la Unidad Deportiva la Alameda, Villa Allende y el ITESCO.<\/p>\n\n\n\n<p>Adem\u00e1s, Huerta anunci\u00f3 que a partir del 15 de octubre arrancar\u00e1 la vacunaci\u00f3n en segundas dosis para los j\u00f3venes de 18 a 29 a\u00f1os que recibieron su dosis de Pfizer, con ello se completar\u00e1 la atenci\u00f3n para este sector de la poblaci\u00f3n. <\/p>\n\n\n\n<p>El funcionario dijo que el esfuerzo de los diferentes niveles de gobierno apunta al cumplimiento de la vacunaci\u00f3n a este sector generacional para el d\u00eda 20 de este mes y la totalidad de segundas dosis para antes del invierno.<\/p>\n\n\n\n<p>Finalmente, resalt\u00f3 que despu\u00e9s del d\u00eda 18 de octubre se dar\u00e1 a conocer toda la informaci\u00f3n para la vacunaci\u00f3n de los menores de 12 a 17 a\u00f1os que presentan comorbilidades; al respecto, dijo que al realizar su registro en la p\u00e1gina: mivacuna.salud.gob.mx, la poblaci\u00f3n puede consultar la gu\u00eda de las enfermedades para que conozcan las caracter\u00edsticas de ese padecimiento y su atenci\u00f3n.<\/p>\n","protected":false},"excerpt":{"rendered":"<p>(Redacci\u00f3n) Detall\u00f3 que para los municipios de Poza Rica, Tihuatl\u00e1n y Coatzintla la poblaci\u00f3n deber\u00e1 acudir al Centro de Vacunaci\u00f3n que se instalar\u00e1 en la Plaza C\u00edvica 18 de Marzo Xalapa, Veracruz a 10 de octubre de 2021.- A partir de la semana que inicia continua la vacunaci\u00f3n en segundas dosis para la poblaci\u00f3n de [&hellip;]<\/p>\n","protected":false},"author":1,"featured_media":190402,"comment_status":"open","ping_status":"open","sticky":false,"template":"","format":"standard","meta":{"footnotes":""},"categories":[7],"tags":[],"class_list":["post-190401","post","type-post","status-publish","format-standard","has-post-thumbnail","hentry","category-veracruz","entry","has-media"],"jetpack_featured_media_url":"http:\/\/vertienteglobal.com\/wp-content\/uploads\/2021\/10\/1181844.jpg","_links":{"self":[{"href":"http:\/\/vertienteglobal.com\/index.php?rest_route=\/wp\/v2\/posts\/190401","targetHints":{"allow":["GET"]}}],"collection":[{"href":"http:\/\/vertienteglobal.com\/index.php?rest_route=\/wp\/v2\/posts"}],"about":[{"href":"http:\/\/vertienteglobal.com\/index.php?rest_route=\/wp\/v2\/types\/post"}],"author":[{"embeddable":true,"href":"http:\/\/vertienteglobal.com\/index.php?rest_route=\/wp\/v2\/users\/1"}],"replies":[{"embeddable":true,"href":"http:\/\/vertienteglobal.com\/index.php?rest_route=%2Fwp%2Fv2%2Fcomments&post=190401"}],"version-history":[{"count":0,"href":"http:\/\/vertienteglobal.com\/index.php?rest_route=\/wp\/v2\/posts\/190401\/revisions"}],"wp:featuredmedia":[{"embeddable":true,"href":"http:\/\/vertienteglobal.com\/index.php?rest_route=\/wp\/v2\/media\/190402"}],"wp:attachment":[{"href":"http:\/\/vertienteglobal.com\/index.php?rest_route=%2Fwp%2Fv2%2Fmedia&parent=190401"}],"wp:term":[{"taxonomy":"category","embeddable":true,"href":"http:\/\/vertienteglobal.com\/index.php?rest_route=%2Fwp%2Fv2%2Fcategories&post=190401"},{"taxonomy":"post_tag","embeddable":true,"href":"http:\/\/vertienteglobal.com\/index.php?rest_route=%2Fwp%2Fv2%2Ftags&post=190401"}],"curies":[{"name":"wp","href":"https:\/\/api.w.org\/{rel}","templated":true}]}}