{"id":190377,"date":"2021-10-10T17:30:00","date_gmt":"2021-10-10T22:30:00","guid":{"rendered":"http:\/\/vertienteglobal.com\/?p=190377"},"modified":"2021-10-10T19:39:07","modified_gmt":"2021-10-11T00:39:07","slug":"cuatro-seran-encuestados-en-noviembre-para-la-candidatura-a-gobernador-de-quintana-roo-en-morena","status":"publish","type":"post","link":"http:\/\/vertienteglobal.com\/?p=190377","title":{"rendered":"Cuatro ser\u00e1n encuestados en noviembre para la candidatura a gobernador de Quintana Roo en Morena"},"content":{"rendered":"\n<div class=\"twitterbutton\" style=\"float: right; padding-left: 5px;\"><a href=\"http:\/\/twitter.com\/share\" class=\"twitter-share-button\" data-count=\"horizontal\" data-text=\"Cuatro ser\u00e1n encuestados en noviembre para la candidatura a gobernador de Quint...\" data-via=\"https:\/\/twitter.com\/VertienteGloba1\" data-url=\"http:\/\/vertienteglobal.com\/?p=190377\" data-lang=\"es\" data-related=\"Informaci\u00f3n general:S\u00edguenos para que est\u00e9ss informado\"><\/a><\/div>\n<figure class=\"wp-block-image size-large\"><img loading=\"lazy\" decoding=\"async\" width=\"696\" height=\"392\" src=\"http:\/\/vertienteglobal.com\/wp-content\/uploads\/2021\/10\/Montreal2-696x392-1.jpeg\" alt=\"\" class=\"wp-image-190378\" srcset=\"http:\/\/vertienteglobal.com\/wp-content\/uploads\/2021\/10\/Montreal2-696x392-1.jpeg 696w, http:\/\/vertienteglobal.com\/wp-content\/uploads\/2021\/10\/Montreal2-696x392-1-300x169.jpeg 300w, http:\/\/vertienteglobal.com\/wp-content\/uploads\/2021\/10\/Montreal2-696x392-1-150x84.jpeg 150w\" sizes=\"auto, (max-width: 696px) 100vw, 696px\" \/><\/figure>\n\n\n\n<p>(Redacci\u00f3n)<\/p>\n\n\n\n<p>Si Villegas Canch\u00e9 decide abandonar Morena, Monreal \u00c1vila dijo que seguir\u00e1 contando con su apoyo, \u201cpero que el m\u00e9todo de selecci\u00f3n no sea el tal\u00f3n de Aquiles porque divide y nos aleja de la sociedad\u201d<\/p>\n\n\n\n<p>Chetumal, Quintana Roo, a 10 de octubre de 2021.-  El senador de Morena, Ricardo Monsreal \u00c1vila, sostuvo que el resultado de encuestas definir\u00e1, entre Mara Lezama, Marybel Villegas Canch\u00e9, Jos\u00e9 Luis Pech y Rafael Mar\u00edn, quien buscar\u00e1 la gubernatura por Morena en Quintana Roo.<\/p>\n\n\n\n<p>Y es que en conferencia de prensa, el senador de Morena, anticip\u00f3 que Quintana Roo ser\u00e1 gobernado por una mujer, al manifestar su aprecio por la senadora Villegas Canch\u00e9, \u201cpero no quiero extra limitarme porque veo fuerza en los cuatro, pero ser\u00e1 la encuesta quien decida. Quintana Roo huele a perfume de mujer\u201d, enfatiz\u00f3.<\/p>\n\n\n\n<p>Aclar\u00f3 que Villegas Canch\u00e9 cuenta con todo el apoyo moral de senadores de Morena, pero no as\u00ed financiero, ya que no hay dinero.<\/p>\n\n\n\n<p>Dijo que el resultado debe ser respetado y si hay reglas claras no habr\u00e1 ruptura. Quienes se enojen tienen de una que es contentarse, afirm\u00f3 al descartar la posibilidad de que Villegas Canch\u00e9 busque la candidatura por otro partido.<\/p>\n\n\n\n<p>Aunque si Villegas Canch\u00e9 decide abandonar Morena, Monreal \u00c1vila dijo que seguir\u00e1 contando con su apoyo, \u201cpero que el m\u00e9todo de selecci\u00f3n no sea el tal\u00f3n de Aquiles porque divide y nos aleja de la sociedad\u201d.<\/p>\n\n\n\n<p>Cueationado por los reporteros que pasar\u00eda si ella decide irse a otro partido, respondi\u00f3: \u201cyo soy amigo de los amigos, no soy amigo del poder. Soy amigo de los amigos aunque no tengan poder\u201d.<\/p>\n\n\n\n<p>Sin embargo, el consejo a Villegas Canch\u00e9 es que luche dentro de Morena para caminar unidos y evitar el divisionismo. \u201cElla puede ganar a la buena\u201d, agreg\u00f3.<\/p>\n\n\n\n<p>Tras mostrarse sorprendido, Monreal \u00c1vila descart\u00f3 la posibilidad de que Gast\u00f3n Alegre L\u00f3pez o el ex diputado federal Luis Alegre Salazar sean candidatos de Morena, dejo en claro que la gubernatura huele a perfume de mujer por lo que los invit\u00f3 a sumarse a ese proyecto, aunque dijo que puede inscribirse al proceso de selecci\u00f3n.<\/p>\n","protected":false},"excerpt":{"rendered":"<p>(Redacci\u00f3n) Si Villegas Canch\u00e9 decide abandonar Morena, Monreal \u00c1vila dijo que seguir\u00e1 contando con su apoyo, \u201cpero que el m\u00e9todo de selecci\u00f3n no sea el tal\u00f3n de Aquiles porque divide y nos aleja de la sociedad\u201d Chetumal, Quintana Roo, a 10 de octubre de 2021.- El senador de Morena, Ricardo Monsreal \u00c1vila, sostuvo que el [&hellip;]<\/p>\n","protected":false},"author":1,"featured_media":190378,"comment_status":"open","ping_status":"open","sticky":false,"template":"","format":"standard","meta":{"footnotes":""},"categories":[3],"tags":[],"class_list":["post-190377","post","type-post","status-publish","format-standard","has-post-thumbnail","hentry","category-quintana-roo","entry","has-media"],"jetpack_featured_media_url":"http:\/\/vertienteglobal.com\/wp-content\/uploads\/2021\/10\/Montreal2-696x392-1.jpeg","_links":{"self":[{"href":"http:\/\/vertienteglobal.com\/index.php?rest_route=\/wp\/v2\/posts\/190377","targetHints":{"allow":["GET"]}}],"collection":[{"href":"http:\/\/vertienteglobal.com\/index.php?rest_route=\/wp\/v2\/posts"}],"about":[{"href":"http:\/\/vertienteglobal.com\/index.php?rest_route=\/wp\/v2\/types\/post"}],"author":[{"embeddable":true,"href":"http:\/\/vertienteglobal.com\/index.php?rest_route=\/wp\/v2\/users\/1"}],"replies":[{"embeddable":true,"href":"http:\/\/vertienteglobal.com\/index.php?rest_route=%2Fwp%2Fv2%2Fcomments&post=190377"}],"version-history":[{"count":0,"href":"http:\/\/vertienteglobal.com\/index.php?rest_route=\/wp\/v2\/posts\/190377\/revisions"}],"wp:featuredmedia":[{"embeddable":true,"href":"http:\/\/vertienteglobal.com\/index.php?rest_route=\/wp\/v2\/media\/190378"}],"wp:attachment":[{"href":"http:\/\/vertienteglobal.com\/index.php?rest_route=%2Fwp%2Fv2%2Fmedia&parent=190377"}],"wp:term":[{"taxonomy":"category","embeddable":true,"href":"http:\/\/vertienteglobal.com\/index.php?rest_route=%2Fwp%2Fv2%2Fcategories&post=190377"},{"taxonomy":"post_tag","embeddable":true,"href":"http:\/\/vertienteglobal.com\/index.php?rest_route=%2Fwp%2Fv2%2Ftags&post=190377"}],"curies":[{"name":"wp","href":"https:\/\/api.w.org\/{rel}","templated":true}]}}