{"id":190372,"date":"2021-10-10T16:24:00","date_gmt":"2021-10-10T21:24:00","guid":{"rendered":"http:\/\/vertienteglobal.com\/?p=190372"},"modified":"2021-10-10T19:25:07","modified_gmt":"2021-10-11T00:25:07","slug":"en-semaforo-verde-se-mantienen-horarios-de-cierre-de-negocios-en-la-region-norte-de-quintana-roo","status":"publish","type":"post","link":"http:\/\/vertienteglobal.com\/?p=190372","title":{"rendered":"En sem\u00e1foro verde, se mantienen horarios de cierre de negocios en la regi\u00f3n norte de Quintana Roo"},"content":{"rendered":"\n<div class=\"twitterbutton\" style=\"float: right; padding-left: 5px;\"><a href=\"http:\/\/twitter.com\/share\" class=\"twitter-share-button\" data-count=\"horizontal\" data-text=\"En sem\u00e1foro verde, se mantienen horarios de cierre de negocios en la regi\u00f3n no...\" data-via=\"https:\/\/twitter.com\/VertienteGloba1\" data-url=\"http:\/\/vertienteglobal.com\/?p=190372\" data-lang=\"es\" data-related=\"Informaci\u00f3n general:S\u00edguenos para que est\u00e9ss informado\"><\/a><\/div>\n<figure class=\"wp-block-image size-large\"><img loading=\"lazy\" decoding=\"async\" width=\"1024\" height=\"768\" src=\"http:\/\/vertienteglobal.com\/wp-content\/uploads\/2021\/10\/semaforoverde1.jpg\" alt=\"\" class=\"wp-image-190373\" srcset=\"http:\/\/vertienteglobal.com\/wp-content\/uploads\/2021\/10\/semaforoverde1.jpg 1024w, http:\/\/vertienteglobal.com\/wp-content\/uploads\/2021\/10\/semaforoverde1-300x225.jpg 300w, http:\/\/vertienteglobal.com\/wp-content\/uploads\/2021\/10\/semaforoverde1-150x113.jpg 150w, http:\/\/vertienteglobal.com\/wp-content\/uploads\/2021\/10\/semaforoverde1-768x576.jpg 768w\" sizes=\"auto, (max-width: 1024px) 100vw, 1024px\" \/><\/figure>\n\n\n\n<p>(Redacci\u00f3n)<\/p>\n\n\n\n<p>En la primera etapa, se mantendr\u00e1n las acciones preventivas para el cuidado de la salud<br>El gobernador Carlos Joaqu\u00edn expres\u00f3 que estas medidas generan confianza para avanzar en la recuperaci\u00f3n econ\u00f3mica<\/p>\n\n\n\n<p>Chetumal, Quintana Roo a 10 de octubre de 2021.-Al entrar en vigor este lunes el color verde en el Sem\u00e1foro Epidemiol\u00f3gico Estatal, en los siete municipios de la regi\u00f3n norte del estado, en esta primera etapa se mantienen los horarios de cierre establecidos para los negocios, as\u00ed como las acciones preventivas para el cuidado de la salud y la vigilancia de los aforos permitidos.<\/p>\n\n\n\n<p>Hasta este domingo, la Secretar\u00eda de Finanzas y Planeaci\u00f3n mantiene los horarios para la venta de bebidas alcoh\u00f3licas en todo el estado.<\/p>\n\n\n\n<p>Para restaurantes, de lunes a domingos, de 10:00 a 01:00 horas del d\u00eda siguiente. Para minis\u00faper, tiendas de autoservicio mayor y tiendas de conveniencia, de lunes a s\u00e1bado, de las 09:00 a las 00:00 horas, y los domingos de 09:00 a 17:00 horas.<\/p>\n\n\n\n<p>Los bares que tendr\u00e1n aforos del 50% tendr\u00e1n el mismo horario que los restaurantes bar.<\/p>\n\n\n\n<p>En caso de haber modificaciones, ser\u00e1n publicadas en el \u201cPeri\u00f3dico Oficial del Gobierno del Estado de Quintana Roo\u201d para que puedan entrar en vigor.<\/p>\n\n\n\n<p>Por su parte, la Secretar\u00eda Estatal de Salud y la Direcci\u00f3n Contra Riesgos Sanitarios continuar\u00e1n con sus labores de difusi\u00f3n de las medidas preventivas, la aplicaci\u00f3n de los h\u00e1bitos y los protocolos de salud, considerando que esta primera etapa de transici\u00f3n hacia el color verde ser\u00e1 de forma gradual y responsable.<\/p>\n\n\n\n<p>De acuerdo con el programa \u201cReactivemos Quintana Roo\u201d, en la regi\u00f3n norte, se entra en la etapa uno del sem\u00e1foro verde al contemplarse una tasa de contagios de covid-19 de entre el 0.5 y el uno y una ocupaci\u00f3n hospitalaria de entre el 10 y el 20 por ciento. Para llegar a la etapa dos, se deber\u00e1 avanzar a una tasa de contagios menor al 0.5 y una ocupaci\u00f3n hospitalaria menor al 10 por ciento.<\/p>\n\n\n\n<p>El gobierno de Quintana Roo, que encabeza Carlos Joaqu\u00edn, exhorta a la poblaci\u00f3n a mantener los cuidados y las medidas de seguridad sanitaria y los h\u00e1bitos de higiene, pues la pandemia no ha pasado.<\/p>\n\n\n\n<p>Con el sem\u00e1foro verde, en la regi\u00f3n norte, se ampl\u00edan de forma gradual la ocupaci\u00f3n y el aforo, pero deben mantenerse todas las medidas sanitarias, como, por ejemplo, en el caso de eventos mayores a 150 personas, se seguir\u00e1 solicitando el certificado con esquema completo de vacunaci\u00f3n o, en su caso, la prueba de ant\u00edgeno no mayor a 48 horas.<\/p>\n\n\n\n<p>Las escuelas seguir\u00e1n atendiendo las medidas sanitarias de prevenci\u00f3n c\u00f3mo vienen operando, la distancia entre pupitres, el tiempo limitado y el uso correcto de cubrebocas.<\/p>\n\n\n\n<p>El gobernador Carlos Joaqu\u00edn explic\u00f3 que esta medida gradual se estableci\u00f3 pensando en generar confianza, en cuidar la salud, en avanzar en la recuperaci\u00f3n de m\u00e1s empleos y m\u00e1s actividades, pero sin relajar ni bajar la guardia en las acciones preventivas.<\/p>\n\n\n\n<p>Los aforos permitidos del 11 al 17 de octubre en los municipios de Tulum, Solidaridad, Cozumel, Puerto Morelos, Benito Ju\u00e1rez, L\u00e1zaro C\u00e1rdenas e Isla Mujeres son los siguientes:<\/p>\n\n\n\n<p>Las actividades esenciales operan con normalidad.<\/p>\n\n\n\n<p>Al 85 por ciento, abren servicios contables, administrativos y profesionales, venta de enseres y computadoras.<\/p>\n\n\n\n<p>Al 80 por ciento, abren congresos y convenciones, exposiciones y ferias en \u00e1reas al aire libre. En espacios cerrados, abren al 60 por ciento.<\/p>\n\n\n\n<p>Igual, al 80 por ciento, abren hoteles, restaurantes, sitios hist\u00f3ricos, parques tem\u00e1ticos, campos de golf, servicios tur\u00edsticos, playas, parques p\u00fablicos, cines, teatros, centros comerciales, tiendas departamentales, peluquer\u00edas, salones de belleza, servicios religiosos e inmobiliarios, y manufacturas.<\/p>\n\n\n\n<p>Al 60 por ciento, abren los casinos.<\/p>\n\n\n\n<p>Al 50 por ciento, abren bares, centros nocturnos, discotecas, centros de espect\u00e1culos, cantinas, etc.<\/p>\n\n\n\n<p>La capacidad prevista para el transporte p\u00fablico es en motocicletas de una persona, en veh\u00edculos privados de cuatro personas m\u00e1ximo, en taxis de tres personas m\u00e1ximo, incluyendo al conductor, y en el transporte p\u00fablico el 80 por ciento.<\/p>\n\n\n\n<figure class=\"wp-block-image size-large\"><img loading=\"lazy\" decoding=\"async\" width=\"585\" height=\"390\" src=\"http:\/\/vertienteglobal.com\/wp-content\/uploads\/2021\/10\/semaforoverde4-585x390-1.jpg\" alt=\"\" class=\"wp-image-190374\" srcset=\"http:\/\/vertienteglobal.com\/wp-content\/uploads\/2021\/10\/semaforoverde4-585x390-1.jpg 585w, http:\/\/vertienteglobal.com\/wp-content\/uploads\/2021\/10\/semaforoverde4-585x390-1-300x200.jpg 300w, http:\/\/vertienteglobal.com\/wp-content\/uploads\/2021\/10\/semaforoverde4-585x390-1-150x100.jpg 150w\" sizes=\"auto, (max-width: 585px) 100vw, 585px\" \/><\/figure>\n\n\n\n<figure class=\"wp-block-image size-large\"><img loading=\"lazy\" decoding=\"async\" width=\"585\" height=\"390\" src=\"http:\/\/vertienteglobal.com\/wp-content\/uploads\/2021\/10\/semaforoverde8-585x390-1.jpg\" alt=\"\" class=\"wp-image-190375\" srcset=\"http:\/\/vertienteglobal.com\/wp-content\/uploads\/2021\/10\/semaforoverde8-585x390-1.jpg 585w, http:\/\/vertienteglobal.com\/wp-content\/uploads\/2021\/10\/semaforoverde8-585x390-1-300x200.jpg 300w, http:\/\/vertienteglobal.com\/wp-content\/uploads\/2021\/10\/semaforoverde8-585x390-1-150x100.jpg 150w\" sizes=\"auto, (max-width: 585px) 100vw, 585px\" \/><\/figure>\n","protected":false},"excerpt":{"rendered":"<p>(Redacci\u00f3n) En la primera etapa, se mantendr\u00e1n las acciones preventivas para el cuidado de la saludEl gobernador Carlos Joaqu\u00edn expres\u00f3 que estas medidas generan confianza para avanzar en la recuperaci\u00f3n econ\u00f3mica Chetumal, Quintana Roo a 10 de octubre de 2021.-Al entrar en vigor este lunes el color verde en el Sem\u00e1foro Epidemiol\u00f3gico Estatal, en los [&hellip;]<\/p>\n","protected":false},"author":1,"featured_media":190373,"comment_status":"open","ping_status":"open","sticky":false,"template":"","format":"standard","meta":{"footnotes":""},"categories":[3],"tags":[],"class_list":["post-190372","post","type-post","status-publish","format-standard","has-post-thumbnail","hentry","category-quintana-roo","entry","has-media"],"jetpack_featured_media_url":"http:\/\/vertienteglobal.com\/wp-content\/uploads\/2021\/10\/semaforoverde1.jpg","_links":{"self":[{"href":"http:\/\/vertienteglobal.com\/index.php?rest_route=\/wp\/v2\/posts\/190372","targetHints":{"allow":["GET"]}}],"collection":[{"href":"http:\/\/vertienteglobal.com\/index.php?rest_route=\/wp\/v2\/posts"}],"about":[{"href":"http:\/\/vertienteglobal.com\/index.php?rest_route=\/wp\/v2\/types\/post"}],"author":[{"embeddable":true,"href":"http:\/\/vertienteglobal.com\/index.php?rest_route=\/wp\/v2\/users\/1"}],"replies":[{"embeddable":true,"href":"http:\/\/vertienteglobal.com\/index.php?rest_route=%2Fwp%2Fv2%2Fcomments&post=190372"}],"version-history":[{"count":0,"href":"http:\/\/vertienteglobal.com\/index.php?rest_route=\/wp\/v2\/posts\/190372\/revisions"}],"wp:featuredmedia":[{"embeddable":true,"href":"http:\/\/vertienteglobal.com\/index.php?rest_route=\/wp\/v2\/media\/190373"}],"wp:attachment":[{"href":"http:\/\/vertienteglobal.com\/index.php?rest_route=%2Fwp%2Fv2%2Fmedia&parent=190372"}],"wp:term":[{"taxonomy":"category","embeddable":true,"href":"http:\/\/vertienteglobal.com\/index.php?rest_route=%2Fwp%2Fv2%2Fcategories&post=190372"},{"taxonomy":"post_tag","embeddable":true,"href":"http:\/\/vertienteglobal.com\/index.php?rest_route=%2Fwp%2Fv2%2Ftags&post=190372"}],"curies":[{"name":"wp","href":"https:\/\/api.w.org\/{rel}","templated":true}]}}