{"id":190258,"date":"2021-10-08T10:50:00","date_gmt":"2021-10-08T15:50:00","guid":{"rendered":"http:\/\/vertienteglobal.com\/?p=190258"},"modified":"2021-10-08T11:09:02","modified_gmt":"2021-10-08T16:09:02","slug":"hay-siete-municipios-de-yucatan-que-serian-candidatos-para-designarse-como-pueblos-magicos","status":"publish","type":"post","link":"http:\/\/vertienteglobal.com\/?p=190258","title":{"rendered":"Hay siete municipios de Yucat\u00e1n que ser\u00edan candidatos para designarse como pueblos m\u00e1gicos"},"content":{"rendered":"\n<div class=\"twitterbutton\" style=\"float: right; padding-left: 5px;\"><a href=\"http:\/\/twitter.com\/share\" class=\"twitter-share-button\" data-count=\"horizontal\" data-text=\"Hay siete municipios de Yucat\u00e1n que ser\u00edan candidatos para designarse como pue...\" data-via=\"https:\/\/twitter.com\/VertienteGloba1\" data-url=\"http:\/\/vertienteglobal.com\/?p=190258\" data-lang=\"es\" data-related=\"Informaci\u00f3n general:S\u00edguenos para que est\u00e9ss informado\"><\/a><\/div>\n<figure class=\"wp-block-image size-large\"><img loading=\"lazy\" decoding=\"async\" width=\"660\" height=\"330\" src=\"http:\/\/vertienteglobal.com\/wp-content\/uploads\/2021\/10\/pebo-660x330-1.jpg\" alt=\"\" class=\"wp-image-190259\" srcset=\"http:\/\/vertienteglobal.com\/wp-content\/uploads\/2021\/10\/pebo-660x330-1.jpg 660w, http:\/\/vertienteglobal.com\/wp-content\/uploads\/2021\/10\/pebo-660x330-1-300x150.jpg 300w, http:\/\/vertienteglobal.com\/wp-content\/uploads\/2021\/10\/pebo-660x330-1-150x75.jpg 150w\" sizes=\"auto, (max-width: 660px) 100vw, 660px\" \/><\/figure>\n\n\n\n<p>(Redacci\u00f3n)<\/p>\n\n\n\n<p>Dijo que ya se han integrado las carpetas de los municipios que podr\u00edan llevar ese nombramiento, pero es la dependencia federal qui\u00e9n decidir\u00e1, as\u00ed como la fecha para ello<\/p>\n\n\n\n<p>M\u00e9rida,  Yucat\u00e1n a 08 de octubre de 2021.-Hasta el momento no hay fecha para que se d\u00e9 el nombramiento de nuevos pueblos m\u00e1gicos en la entidad, inform\u00f3 la titular de la Secretar\u00eda de Fomento Tur\u00edstico, Michelle Fridman Hirsch.<\/p>\n\n\n\n<p>Son siete carpetas que se analizan de igual n\u00famero de municipios que ser\u00edan los candidatos para la designaci\u00f3n, pero todo depende de la dependencia hom\u00f3loga federal, qui\u00e9n lleva el proceso de verificaci\u00f3n.<\/p>\n\n\n\n<p>\u201cCreemos que Yucat\u00e1n merece muchos m\u00e1s pueblos m\u00e1gicos, por lo que seguiremos peleando para que haya m\u00e1s designaciones\u201d, explic\u00f3.<\/p>\n\n\n\n<p>Dijo que ya se han integrado las carpetas de los municipios que podr\u00edan llevar ese nombramiento, pero es la dependencia federal qui\u00e9n decidir\u00e1, as\u00ed como la fecha para ello.<\/p>\n\n\n\n<p>\u201cLos calendarios los pone la Secretar\u00eda de Turismo y no tienen un mes en espec\u00edfico; de hecho, no parece que este a\u00f1o se vayan a nombrar m\u00e1s pueblos m\u00e1gicos; ahora la pelota est\u00e1 de lado de la Federaci\u00f3n por lo que son ellos quienes nos avisar\u00edan de los resultados\u201d, precis\u00f3.<\/p>\n\n\n\n<p>Por otro lado, dijo que existen varias \u00e1reas de oportunidad debido al trabajo que se hace en cada \u201crinc\u00f3n\u201d del Estado, en lugares donde antes no llegaba turismo; un ejemplo es Tekax, el cual creci\u00f3 un 300 por ciento respecto a ese tema, gracias al esfuerzo conjunto entre los Gobiernos del Estado y Municipal.<\/p>\n\n\n\n<p>\u201cTambi\u00e9n podemos hablar de lugares peque\u00f1os como Sinanch\u00e9 o las Coloradas, cualquier sitio del Estado en donde se tienen diversos productos, tantos que hoy podemos hablar de 365 d\u00edas en Yucat\u00e1n y diariamente se puede hacer una actividad distinta\u201d, explic\u00f3 la titular.<br>El dato:<\/p>\n\n\n\n<p>Destacan \u00e1reas de oportunidad en \u201crincones\u201d del Estado en donde antes no llegaba turismo y que ahora han crecido. (Fuente: Novedades de Yucat\u00e1n)<\/p>\n","protected":false},"excerpt":{"rendered":"<p>(Redacci\u00f3n) Dijo que ya se han integrado las carpetas de los municipios que podr\u00edan llevar ese nombramiento, pero es la dependencia federal qui\u00e9n decidir\u00e1, as\u00ed como la fecha para ello M\u00e9rida, Yucat\u00e1n a 08 de octubre de 2021.-Hasta el momento no hay fecha para que se d\u00e9 el nombramiento de nuevos pueblos m\u00e1gicos en la [&hellip;]<\/p>\n","protected":false},"author":1,"featured_media":190259,"comment_status":"open","ping_status":"open","sticky":false,"template":"","format":"standard","meta":{"footnotes":""},"categories":[2],"tags":[],"class_list":["post-190258","post","type-post","status-publish","format-standard","has-post-thumbnail","hentry","category-yucatan","entry","has-media"],"jetpack_featured_media_url":"http:\/\/vertienteglobal.com\/wp-content\/uploads\/2021\/10\/pebo-660x330-1.jpg","_links":{"self":[{"href":"http:\/\/vertienteglobal.com\/index.php?rest_route=\/wp\/v2\/posts\/190258","targetHints":{"allow":["GET"]}}],"collection":[{"href":"http:\/\/vertienteglobal.com\/index.php?rest_route=\/wp\/v2\/posts"}],"about":[{"href":"http:\/\/vertienteglobal.com\/index.php?rest_route=\/wp\/v2\/types\/post"}],"author":[{"embeddable":true,"href":"http:\/\/vertienteglobal.com\/index.php?rest_route=\/wp\/v2\/users\/1"}],"replies":[{"embeddable":true,"href":"http:\/\/vertienteglobal.com\/index.php?rest_route=%2Fwp%2Fv2%2Fcomments&post=190258"}],"version-history":[{"count":0,"href":"http:\/\/vertienteglobal.com\/index.php?rest_route=\/wp\/v2\/posts\/190258\/revisions"}],"wp:featuredmedia":[{"embeddable":true,"href":"http:\/\/vertienteglobal.com\/index.php?rest_route=\/wp\/v2\/media\/190259"}],"wp:attachment":[{"href":"http:\/\/vertienteglobal.com\/index.php?rest_route=%2Fwp%2Fv2%2Fmedia&parent=190258"}],"wp:term":[{"taxonomy":"category","embeddable":true,"href":"http:\/\/vertienteglobal.com\/index.php?rest_route=%2Fwp%2Fv2%2Fcategories&post=190258"},{"taxonomy":"post_tag","embeddable":true,"href":"http:\/\/vertienteglobal.com\/index.php?rest_route=%2Fwp%2Fv2%2Ftags&post=190258"}],"curies":[{"name":"wp","href":"https:\/\/api.w.org\/{rel}","templated":true}]}}