{"id":190253,"date":"2021-10-07T14:59:05","date_gmt":"2021-10-07T19:59:05","guid":{"rendered":"http:\/\/vertienteglobal.com\/?p=190253"},"modified":"2021-10-08T11:03:45","modified_gmt":"2021-10-08T16:03:45","slug":"tren-maya-sera-detonante-para-el-desarrollo-de-solidaridad-lili-campos","status":"publish","type":"post","link":"http:\/\/vertienteglobal.com\/?p=190253","title":{"rendered":"Tren Maya ser\u00e1 detonante para el desarrollo de Solidaridad: Lili Campos"},"content":{"rendered":"\n<div class=\"twitterbutton\" style=\"float: right; padding-left: 5px;\"><a href=\"http:\/\/twitter.com\/share\" class=\"twitter-share-button\" data-count=\"horizontal\" data-text=\"Tren Maya ser\u00e1 detonante para el desarrollo de Solidaridad: Lili Campos\" data-via=\"https:\/\/twitter.com\/VertienteGloba1\" data-url=\"http:\/\/vertienteglobal.com\/?p=190253\" data-lang=\"es\" data-related=\"Informaci\u00f3n general:S\u00edguenos para que est\u00e9ss informado\"><\/a><\/div>\n<figure class=\"wp-block-image size-large\"><img loading=\"lazy\" decoding=\"async\" width=\"768\" height=\"512\" src=\"http:\/\/vertienteglobal.com\/wp-content\/uploads\/2021\/10\/WhatsApp-Image-2021-10-07-at-5.26.59-PM-2-768x512-1.jpeg\" alt=\"\" class=\"wp-image-190254\" srcset=\"http:\/\/vertienteglobal.com\/wp-content\/uploads\/2021\/10\/WhatsApp-Image-2021-10-07-at-5.26.59-PM-2-768x512-1.jpeg 768w, http:\/\/vertienteglobal.com\/wp-content\/uploads\/2021\/10\/WhatsApp-Image-2021-10-07-at-5.26.59-PM-2-768x512-1-300x200.jpeg 300w, http:\/\/vertienteglobal.com\/wp-content\/uploads\/2021\/10\/WhatsApp-Image-2021-10-07-at-5.26.59-PM-2-768x512-1-150x100.jpeg 150w\" sizes=\"auto, (max-width: 768px) 100vw, 768px\" \/><\/figure>\n\n\n\n<p>(Redacci\u00f3n)<\/p>\n\n\n\n<p>La primera Edil destac\u00f3 los beneficios que traer\u00e1 para los solidarenses esta magna obra, la cual debe realizarse con el impulso de estrategias s\u00f3lidas que no afecten a la ciudadan\u00eda<\/p>\n\n\n\n<p>Playa del Carmen, Solidaridad, Quintana Roo, a 07 de octubre de 2021.- \u201cMi gobierno brindar\u00e1 todo el apoyo para realizar esta obra en el municipio, a fin de que ganen los turistas y, sobre todo, los ciudadanos\u201d, sostuvo la presidenta municipal Lili Campos Miranda, durante un taller ofrecido por el Fondo Nacional de Fomento al Turismo (Fonatur), acerca de la integraci\u00f3n de las estaciones del Tren Maya en las ciudades y los proyectos adicionales que se realizar\u00e1n para asegurar la accesibilidad y movilidad sustentable.<\/p>\n\n\n\n<p>En dicho taller, que tuvo lugar en el Colegio de Arquitectos de Playa del Carmen, la primera Edil destac\u00f3 los beneficios que traer\u00e1 para los solidarenses esta magna obra, la cual debe realizarse con el impulso de estrategias s\u00f3lidas que no afecten a la ciudadan\u00eda.<\/p>\n\n\n\n<p>\u201cEste tipo de mesas de trabajo son de suma importancia, ya que nos permiten conocer a profundidad la obra y sus alcances\u201d, agreg\u00f3.<\/p>\n\n\n\n<p>Realizado por primera vez en Solidaridad, dicho taller tuvo como objetivo dar a conocer a las autoridades, empresarios, acad\u00e9micos y miembros de asociaciones civiles las conclusiones generales del diagn\u00f3stico de los componentes sobre los lineamientos de movilidad sustentable.<\/p>\n\n\n\n<p>As\u00ed lo inform\u00f3 el encargado de esta ponencia, Gonzalo Pe\u00f3n Carballo, director del Programa M\u00e9xico ITDP, quien detall\u00f3 que, al ser la estaci\u00f3n de Playa del Carmen la \u00fanica que se ubicar\u00e1 en el centro de una ciudad, es prioridad implementar proyectos entorno a dicha obra, en materia de vialidad y transporte que respondan a las necesidades de los ciudadanos.<\/p>\n\n\n\n<p>Destac\u00f3 que, la iniciativa de los gobiernos municipal y estatal, consiste en generar condiciones que integren de manera \u00f3ptima dicha estaci\u00f3n, en busca de que las personas tengan acceso a un transporte de calidad.<\/p>\n\n\n\n<p>En el evento se cont\u00f3 con la presencia del encargado del despacho de Fonatur en Canc\u00fan, Ra\u00fal Berm\u00fadez Arreola, el subgerente en Fonatur del Tren Maya, Arie Geurts Novoa, el, coordinador t\u00e9cnico de AGREPO, Alejandro Aznar Rodr\u00edguez, as\u00ed como la secretar\u00eda de Ordenamiento Territorial, Teresita Flota Alcocer, el s\u00edndico municipal, Adri\u00e1n P\u00e9rez Vera.<\/p>\n\n\n\n<figure class=\"wp-block-image size-large\"><img loading=\"lazy\" decoding=\"async\" width=\"768\" height=\"512\" src=\"http:\/\/vertienteglobal.com\/wp-content\/uploads\/2021\/10\/WhatsApp-Image-2021-10-07-at-5.26.59-PM-3-768x512-1.jpeg\" alt=\"\" class=\"wp-image-190255\" srcset=\"http:\/\/vertienteglobal.com\/wp-content\/uploads\/2021\/10\/WhatsApp-Image-2021-10-07-at-5.26.59-PM-3-768x512-1.jpeg 768w, http:\/\/vertienteglobal.com\/wp-content\/uploads\/2021\/10\/WhatsApp-Image-2021-10-07-at-5.26.59-PM-3-768x512-1-300x200.jpeg 300w, http:\/\/vertienteglobal.com\/wp-content\/uploads\/2021\/10\/WhatsApp-Image-2021-10-07-at-5.26.59-PM-3-768x512-1-150x100.jpeg 150w\" sizes=\"auto, (max-width: 768px) 100vw, 768px\" \/><\/figure>\n\n\n\n<figure class=\"wp-block-image size-large\"><img loading=\"lazy\" decoding=\"async\" width=\"768\" height=\"512\" src=\"http:\/\/vertienteglobal.com\/wp-content\/uploads\/2021\/10\/WhatsApp-Image-2021-10-07-at-5.26.59-PM-1-768x512-1.jpeg\" alt=\"\" class=\"wp-image-190256\" srcset=\"http:\/\/vertienteglobal.com\/wp-content\/uploads\/2021\/10\/WhatsApp-Image-2021-10-07-at-5.26.59-PM-1-768x512-1.jpeg 768w, http:\/\/vertienteglobal.com\/wp-content\/uploads\/2021\/10\/WhatsApp-Image-2021-10-07-at-5.26.59-PM-1-768x512-1-300x200.jpeg 300w, http:\/\/vertienteglobal.com\/wp-content\/uploads\/2021\/10\/WhatsApp-Image-2021-10-07-at-5.26.59-PM-1-768x512-1-150x100.jpeg 150w\" sizes=\"auto, (max-width: 768px) 100vw, 768px\" \/><\/figure>\n","protected":false},"excerpt":{"rendered":"<p>(Redacci\u00f3n) La primera Edil destac\u00f3 los beneficios que traer\u00e1 para los solidarenses esta magna obra, la cual debe realizarse con el impulso de estrategias s\u00f3lidas que no afecten a la ciudadan\u00eda Playa del Carmen, Solidaridad, Quintana Roo, a 07 de octubre de 2021.- \u201cMi gobierno brindar\u00e1 todo el apoyo para realizar esta obra en el [&hellip;]<\/p>\n","protected":false},"author":1,"featured_media":190254,"comment_status":"open","ping_status":"open","sticky":false,"template":"","format":"standard","meta":{"footnotes":""},"categories":[3],"tags":[],"class_list":["post-190253","post","type-post","status-publish","format-standard","has-post-thumbnail","hentry","category-quintana-roo","entry","has-media"],"jetpack_featured_media_url":"http:\/\/vertienteglobal.com\/wp-content\/uploads\/2021\/10\/WhatsApp-Image-2021-10-07-at-5.26.59-PM-2-768x512-1.jpeg","_links":{"self":[{"href":"http:\/\/vertienteglobal.com\/index.php?rest_route=\/wp\/v2\/posts\/190253","targetHints":{"allow":["GET"]}}],"collection":[{"href":"http:\/\/vertienteglobal.com\/index.php?rest_route=\/wp\/v2\/posts"}],"about":[{"href":"http:\/\/vertienteglobal.com\/index.php?rest_route=\/wp\/v2\/types\/post"}],"author":[{"embeddable":true,"href":"http:\/\/vertienteglobal.com\/index.php?rest_route=\/wp\/v2\/users\/1"}],"replies":[{"embeddable":true,"href":"http:\/\/vertienteglobal.com\/index.php?rest_route=%2Fwp%2Fv2%2Fcomments&post=190253"}],"version-history":[{"count":0,"href":"http:\/\/vertienteglobal.com\/index.php?rest_route=\/wp\/v2\/posts\/190253\/revisions"}],"wp:featuredmedia":[{"embeddable":true,"href":"http:\/\/vertienteglobal.com\/index.php?rest_route=\/wp\/v2\/media\/190254"}],"wp:attachment":[{"href":"http:\/\/vertienteglobal.com\/index.php?rest_route=%2Fwp%2Fv2%2Fmedia&parent=190253"}],"wp:term":[{"taxonomy":"category","embeddable":true,"href":"http:\/\/vertienteglobal.com\/index.php?rest_route=%2Fwp%2Fv2%2Fcategories&post=190253"},{"taxonomy":"post_tag","embeddable":true,"href":"http:\/\/vertienteglobal.com\/index.php?rest_route=%2Fwp%2Fv2%2Ftags&post=190253"}],"curies":[{"name":"wp","href":"https:\/\/api.w.org\/{rel}","templated":true}]}}