{"id":190238,"date":"2021-10-07T10:24:00","date_gmt":"2021-10-07T15:24:00","guid":{"rendered":"http:\/\/vertienteglobal.com\/?p=190238"},"modified":"2021-10-08T10:47:15","modified_gmt":"2021-10-08T15:47:15","slug":"la-region-norte-de-quintana-roo-llego-al-color-verde-en-el-semaforo-epidemiologico-estatal","status":"publish","type":"post","link":"http:\/\/vertienteglobal.com\/?p=190238","title":{"rendered":"La regi\u00f3n Norte de Quintana Roo, llego al color Verde en el sem\u00e1foro epidemiol\u00f3gico estatal"},"content":{"rendered":"\n<div class=\"twitterbutton\" style=\"float: right; padding-left: 5px;\"><a href=\"http:\/\/twitter.com\/share\" class=\"twitter-share-button\" data-count=\"horizontal\" data-text=\"La regi\u00f3n Norte de Quintana Roo, llego al color Verde en el sem\u00e1foro epidemiol...\" data-via=\"https:\/\/twitter.com\/VertienteGloba1\" data-url=\"http:\/\/vertienteglobal.com\/?p=190238\" data-lang=\"es\" data-related=\"Informaci\u00f3n general:S\u00edguenos para que est\u00e9ss informado\"><\/a><\/div>\n<figure class=\"wp-block-image size-large\"><img loading=\"lazy\" decoding=\"async\" width=\"585\" height=\"390\" src=\"http:\/\/vertienteglobal.com\/wp-content\/uploads\/2021\/10\/CJ-SVerde-04-585x390-1.jpeg\" alt=\"\" class=\"wp-image-190239\" srcset=\"http:\/\/vertienteglobal.com\/wp-content\/uploads\/2021\/10\/CJ-SVerde-04-585x390-1.jpeg 585w, http:\/\/vertienteglobal.com\/wp-content\/uploads\/2021\/10\/CJ-SVerde-04-585x390-1-300x200.jpeg 300w, http:\/\/vertienteglobal.com\/wp-content\/uploads\/2021\/10\/CJ-SVerde-04-585x390-1-150x100.jpeg 150w\" sizes=\"auto, (max-width: 585px) 100vw, 585px\" \/><\/figure>\n\n\n\n<p>(Redacci\u00f3n)<\/p>\n\n\n\n<p>El gobernador Carlos Joaqu\u00edn anuncia que entrar\u00e1 en vigor del 11 al 17 de octubre pr\u00f3ximos. La regi\u00f3n sur se mantiene en amarillo<\/p>\n\n\n\n<p>El color verde estar\u00e1 en primera etapa y contempla acciones de transferencia a partir del color amarillo<\/p>\n\n\n\n<p>Chetumal, Quintana Roo a 07 de ocrubre de 2021.-La regi\u00f3n norte de Quintana Roo, del 11 al 17 de octubre pr\u00f3ximos, estar\u00e1 en color verde -primera etapa- en el Sem\u00e1foro Epidemiol\u00f3gico Estatal, en tanto que el sur se mantiene en amarillo, dio a conocer esta noche el gobernador Carlos Joaqu\u00edn.<\/p>\n\n\n\n<p>Esta primera etapa en el color verde contempla acciones de transferencia a partir del color amarillo, para irse adecuando de forma gradual y responsable en las actividades productivas explic\u00f3 el titular del Ejecutivo.<\/p>\n\n\n\n<p>El gobernador de Quintana Roo precis\u00f3 que no significa que la pandemia ha terminado, por el contrario, se requiere no bajar la guardia, no relajar medidas, sino por el contrario, mantenerlas de forma estricta para evitar contagios por covid-19 y no retroceder en lo avanzado.<\/p>\n\n\n\n<p>En la regi\u00f3n norte la tasa de contagio por covid-19 est\u00e1 en 0.83, con una ocupaci\u00f3n hospitalaria del 10% y el 3% en camas con ventilador, explic\u00f3 Carlos Joaqu\u00edn durante el programa Conexi\u00f3n Ciudadana que se transmiti\u00f3 por el Sistema Quintanarroense de Comunicaci\u00f3n y las redes de la Coordinaci\u00f3n General de Comunicaci\u00f3n.<\/p>\n\n\n\n<p>Adem\u00e1s, los municipios que integran esta regi\u00f3n lograron importantes disminuciones en la curva de contagios.<\/p>\n\n\n\n<p>Cozumel, disminuye 47%; Benito Ju\u00e1rez, el 46%; Puerto Morelos, el 43%; Jos\u00e9 Mar\u00eda Morelos, el 40%; Isla Mujeres, el 29%; Tulum, el 28%; Oth\u00f3n P. Blanco, el 25%; Bacalar, el 23%; Solidaridad, el 16%; L\u00e1zaro C\u00e1rdenas el 11%.<\/p>\n\n\n\n<p>El \u00fanico que aumenta es Felipe Carrillo Puerto con el 118%.<\/p>\n\n\n\n<p>La regi\u00f3n sur se mantiene en amarillo. Su tasa de contagio pas\u00f3 de 0.93 a 0.95, con un 7% de ocupaci\u00f3n hospitalaria, 18% en camas con ventilador. Carlos Joaqu\u00edn agreg\u00f3 que esta regi\u00f3n tiene condiciones para llegar al color verde.<\/p>\n\n\n\n<p>A nivel estatal se tiene una ocupaci\u00f3n hospitalaria del 9% y del 6% en camas con ventilador.<\/p>\n\n\n\n<p>La regi\u00f3n norte que entrar\u00e1 en color verde -primera etapa- la integran los municipios de Tulum, Solidaridad, Cozumel, Puerto Morelos, Benito Ju\u00e1rez, L\u00e1zaro C\u00e1rdenas e Isla Mujeres.<\/p>\n\n\n\n<p>En esta regi\u00f3n hay actualizaci\u00f3n en la apertura y aforos permitidos en las diversas actividades. Las esenciales operan con normalidad. Al 85% abren servicios contables, administrativos y profesionales, venta de enseres y computadoras.<\/p>\n\n\n\n<p>Al 80% abren congresos y convenciones, exposiciones y ferias en \u00e1reas al aire libre. En espacios cerrados abren al 60%.<\/p>\n\n\n\n<p>Igual, al 80%, abren hoteles, restaurantes, sitios hist\u00f3ricos, parques tem\u00e1ticos, campos de golf y servicios tur\u00edsticos. Playas y parques p\u00fablicos, cines y teatros, centros comerciales, tiendas departamentales, peluquer\u00edas y salones de belleza, servicios religiosos, inmobiliarios, manufacturas.<\/p>\n\n\n\n<p>Al 60%, los casinos<\/p>\n\n\n\n<p>Al 50% bares, centros nocturnos, discotecas, centros de espect\u00e1culos, cantinas, etc.<\/p>\n\n\n\n<p>La capacidad en el transporte p\u00fablico: motocicletas una persona, veh\u00edculos privados 4 personas m\u00e1ximo, taxis 3 personas m\u00e1ximo incluyendo al conductor, y el transporte p\u00fablico al 80%.<\/p>\n","protected":false},"excerpt":{"rendered":"<p>(Redacci\u00f3n) El gobernador Carlos Joaqu\u00edn anuncia que entrar\u00e1 en vigor del 11 al 17 de octubre pr\u00f3ximos. La regi\u00f3n sur se mantiene en amarillo El color verde estar\u00e1 en primera etapa y contempla acciones de transferencia a partir del color amarillo Chetumal, Quintana Roo a 07 de ocrubre de 2021.-La regi\u00f3n norte de Quintana Roo, [&hellip;]<\/p>\n","protected":false},"author":1,"featured_media":190239,"comment_status":"open","ping_status":"open","sticky":false,"template":"","format":"standard","meta":{"footnotes":""},"categories":[3],"tags":[],"class_list":["post-190238","post","type-post","status-publish","format-standard","has-post-thumbnail","hentry","category-quintana-roo","entry","has-media"],"jetpack_featured_media_url":"http:\/\/vertienteglobal.com\/wp-content\/uploads\/2021\/10\/CJ-SVerde-04-585x390-1.jpeg","_links":{"self":[{"href":"http:\/\/vertienteglobal.com\/index.php?rest_route=\/wp\/v2\/posts\/190238","targetHints":{"allow":["GET"]}}],"collection":[{"href":"http:\/\/vertienteglobal.com\/index.php?rest_route=\/wp\/v2\/posts"}],"about":[{"href":"http:\/\/vertienteglobal.com\/index.php?rest_route=\/wp\/v2\/types\/post"}],"author":[{"embeddable":true,"href":"http:\/\/vertienteglobal.com\/index.php?rest_route=\/wp\/v2\/users\/1"}],"replies":[{"embeddable":true,"href":"http:\/\/vertienteglobal.com\/index.php?rest_route=%2Fwp%2Fv2%2Fcomments&post=190238"}],"version-history":[{"count":0,"href":"http:\/\/vertienteglobal.com\/index.php?rest_route=\/wp\/v2\/posts\/190238\/revisions"}],"wp:featuredmedia":[{"embeddable":true,"href":"http:\/\/vertienteglobal.com\/index.php?rest_route=\/wp\/v2\/media\/190239"}],"wp:attachment":[{"href":"http:\/\/vertienteglobal.com\/index.php?rest_route=%2Fwp%2Fv2%2Fmedia&parent=190238"}],"wp:term":[{"taxonomy":"category","embeddable":true,"href":"http:\/\/vertienteglobal.com\/index.php?rest_route=%2Fwp%2Fv2%2Fcategories&post=190238"},{"taxonomy":"post_tag","embeddable":true,"href":"http:\/\/vertienteglobal.com\/index.php?rest_route=%2Fwp%2Fv2%2Ftags&post=190238"}],"curies":[{"name":"wp","href":"https:\/\/api.w.org\/{rel}","templated":true}]}}