{"id":190139,"date":"2021-10-05T15:33:59","date_gmt":"2021-10-05T20:33:59","guid":{"rendered":"http:\/\/vertienteglobal.com\/?p=190139"},"modified":"2021-10-05T15:33:59","modified_gmt":"2021-10-05T20:33:59","slug":"facebook-atribuye-falla-mayor-a-cambios-de-configuracion-en-los-servidores","status":"publish","type":"post","link":"http:\/\/vertienteglobal.com\/?p=190139","title":{"rendered":"Facebook atribuye falla mayor a \u2018cambios de configuraci\u00f3n\u2019 en los servidores"},"content":{"rendered":"\n<div class=\"twitterbutton\" style=\"float: right; padding-left: 5px;\"><a href=\"http:\/\/twitter.com\/share\" class=\"twitter-share-button\" data-count=\"horizontal\" data-text=\"Facebook atribuye falla mayor a \u2018cambios de configuraci\u00f3n\u2019 en los servidore...\" data-via=\"https:\/\/twitter.com\/VertienteGloba1\" data-url=\"http:\/\/vertienteglobal.com\/?p=190139\" data-lang=\"es\" data-related=\"Informaci\u00f3n general:S\u00edguenos para que est\u00e9ss informado\"><\/a><\/div>\n<figure class=\"wp-block-image size-large\"><img loading=\"lazy\" decoding=\"async\" width=\"660\" height=\"330\" src=\"http:\/\/vertienteglobal.com\/wp-content\/uploads\/2021\/10\/facebook-2-660x330-1.jpg\" alt=\"\" class=\"wp-image-190140\" srcset=\"http:\/\/vertienteglobal.com\/wp-content\/uploads\/2021\/10\/facebook-2-660x330-1.jpg 660w, http:\/\/vertienteglobal.com\/wp-content\/uploads\/2021\/10\/facebook-2-660x330-1-300x150.jpg 300w, http:\/\/vertienteglobal.com\/wp-content\/uploads\/2021\/10\/facebook-2-660x330-1-150x75.jpg 150w\" sizes=\"auto, (max-width: 660px) 100vw, 660px\" \/><\/figure>\n\n\n\n<p>(Redacci\u00f3n)<\/p>\n\n\n\n<p><em><strong>Facebook inform\u00f3 a trav\u00e9s de un comunicado que la falla mayor de sus redes fue causada por un cambio de configuraci\u00f3n defectuoso de sus servidores<\/strong><\/em><\/p>\n\n\n\n<p>Ciudad de M\u00e9xico a 05 de octubre de 2021.-La red social de Facebook indic\u00f3 en un comunicado que la interrupci\u00f3n mayor de sus redes y servicios de mensajer\u00eda fue causada por un \u201ccambio de configuraci\u00f3n defectuoso\u201d de sus servidores, que impidi\u00f3 a los usuarios acceder a la plataforma, Instagram, WhatsApp o Messenger durante unas siete horas.<\/p>\n\n\n\n<p>\u201cLas personas y empresas en el mundo dependen de nosotros para seguir conectadas\u201d, anot\u00f3 el grupo, que hasta el momento era pr\u00e1cticamente silencioso respecto al excepcional incidente.<\/p>\n\n\n\n<p>\u201cPresentamos nuestras disculpas a quienes resultaron afectados\u201d, agreg\u00f3 Facebook la noche de este lunes en su comunicado, en referencia a posiblemente miles de millones de personas en el mundo, seg\u00fan diversos expertos en ciberseguridad. (Fuente: Noticieros Televisa)<\/p>\n","protected":false},"excerpt":{"rendered":"<p>(Redacci\u00f3n) Facebook inform\u00f3 a trav\u00e9s de un comunicado que la falla mayor de sus redes fue causada por un cambio de configuraci\u00f3n defectuoso de sus servidores Ciudad de M\u00e9xico a 05 de octubre de 2021.-La red social de Facebook indic\u00f3 en un comunicado que la interrupci\u00f3n mayor de sus redes y servicios de mensajer\u00eda fue [&hellip;]<\/p>\n","protected":false},"author":1,"featured_media":190140,"comment_status":"open","ping_status":"open","sticky":false,"template":"","format":"standard","meta":{"footnotes":""},"categories":[8],"tags":[],"class_list":["post-190139","post","type-post","status-publish","format-standard","has-post-thumbnail","hentry","category-pais","entry","has-media"],"jetpack_featured_media_url":"http:\/\/vertienteglobal.com\/wp-content\/uploads\/2021\/10\/facebook-2-660x330-1.jpg","_links":{"self":[{"href":"http:\/\/vertienteglobal.com\/index.php?rest_route=\/wp\/v2\/posts\/190139","targetHints":{"allow":["GET"]}}],"collection":[{"href":"http:\/\/vertienteglobal.com\/index.php?rest_route=\/wp\/v2\/posts"}],"about":[{"href":"http:\/\/vertienteglobal.com\/index.php?rest_route=\/wp\/v2\/types\/post"}],"author":[{"embeddable":true,"href":"http:\/\/vertienteglobal.com\/index.php?rest_route=\/wp\/v2\/users\/1"}],"replies":[{"embeddable":true,"href":"http:\/\/vertienteglobal.com\/index.php?rest_route=%2Fwp%2Fv2%2Fcomments&post=190139"}],"version-history":[{"count":0,"href":"http:\/\/vertienteglobal.com\/index.php?rest_route=\/wp\/v2\/posts\/190139\/revisions"}],"wp:featuredmedia":[{"embeddable":true,"href":"http:\/\/vertienteglobal.com\/index.php?rest_route=\/wp\/v2\/media\/190140"}],"wp:attachment":[{"href":"http:\/\/vertienteglobal.com\/index.php?rest_route=%2Fwp%2Fv2%2Fmedia&parent=190139"}],"wp:term":[{"taxonomy":"category","embeddable":true,"href":"http:\/\/vertienteglobal.com\/index.php?rest_route=%2Fwp%2Fv2%2Fcategories&post=190139"},{"taxonomy":"post_tag","embeddable":true,"href":"http:\/\/vertienteglobal.com\/index.php?rest_route=%2Fwp%2Fv2%2Ftags&post=190139"}],"curies":[{"name":"wp","href":"https:\/\/api.w.org\/{rel}","templated":true}]}}