{"id":190111,"date":"2021-10-04T21:54:24","date_gmt":"2021-10-05T02:54:24","guid":{"rendered":"http:\/\/vertienteglobal.com\/?p=190111"},"modified":"2021-10-05T13:56:03","modified_gmt":"2021-10-05T18:56:03","slug":"mark-zuckerberg-pide-perdon-por-7-horas-de-fallas-en-facebook-y-otras-redes-sociales","status":"publish","type":"post","link":"http:\/\/vertienteglobal.com\/?p=190111","title":{"rendered":"Mark Zuckerberg pide perd\u00f3n por 7 horas de fallas en Facebook y otras redes sociales"},"content":{"rendered":"\n<div class=\"twitterbutton\" style=\"float: right; padding-left: 5px;\"><a href=\"http:\/\/twitter.com\/share\" class=\"twitter-share-button\" data-count=\"horizontal\" data-text=\"Mark Zuckerberg pide perd\u00f3n por 7 horas de fallas en Facebook y otras redes soc...\" data-via=\"https:\/\/twitter.com\/VertienteGloba1\" data-url=\"http:\/\/vertienteglobal.com\/?p=190111\" data-lang=\"es\" data-related=\"Informaci\u00f3n general:S\u00edguenos para que est\u00e9ss informado\"><\/a><\/div>\n<figure class=\"wp-block-image size-large\"><img loading=\"lazy\" decoding=\"async\" width=\"660\" height=\"330\" src=\"http:\/\/vertienteglobal.com\/wp-content\/uploads\/2021\/10\/2652223-660x330-1.jpg\" alt=\"\" class=\"wp-image-190112\" srcset=\"http:\/\/vertienteglobal.com\/wp-content\/uploads\/2021\/10\/2652223-660x330-1.jpg 660w, http:\/\/vertienteglobal.com\/wp-content\/uploads\/2021\/10\/2652223-660x330-1-300x150.jpg 300w, http:\/\/vertienteglobal.com\/wp-content\/uploads\/2021\/10\/2652223-660x330-1-150x75.jpg 150w\" sizes=\"auto, (max-width: 660px) 100vw, 660px\" \/><\/figure>\n\n\n\n<p>(Redacci\u00f3n)<\/p>\n\n\n\n<p><em><strong>Tras siete horas sin servicio, Facebook anunci\u00f3 en su cuenta de Twitter que estaba comenzando a restablecer el servicio<\/strong><\/em><\/p>\n\n\n\n<p>Ciudad de M\u00e9xico a 04 de octubre de 2021.-Luego de que Facebook, WhatsApp, Intagram y TikTok se quedaran sin servicio por m\u00e1s de seis horas, Marck Zuckerberg emple\u00f3 sus redes sociales para pedir perd\u00f3n por la interrupci\u00f3n.<\/p>\n\n\n\n<p>\u201cFacebook, Instagram, WhatsApp y Messenger est\u00e1n volviendo a estar en l\u00ednea ahora. Perd\u00f3n por la interrupci\u00f3n de hoy \u2014 S\u00e9 lo mucho que dependes de nuestros servicios para mantenerte conectado con las personas que quieres\u201d, escribi\u00f3 el due\u00f1o del gigante tecnol\u00f3gico.<\/p>\n\n\n\n<p>Previamente, Facebook anunci\u00f3 en su cuenta de Twitter que estaba comenzando a restablecer el servicio.<\/p>\n\n\n\n<p>\u201cA la gran comunidad de personas y empresas de todo el mundo que dependen de nosotros: lo sentimos. Hemos estado trabajando arduamente para restaurar el acceso a nuestras aplicaciones y servicios y nos complace informar que ahora est\u00e1n volviendo a estar en l\u00ednea. Gracias por soportarnos\u201d, public\u00f3 en Twitter, que tambi\u00e9n present\u00f3 algunas fallas luego de que todos los internautas acudieran a ella tras la ca\u00edda de Facebook.<\/p>\n\n\n\n<p><strong>Se caen WhatsApp, Facebook y TikTok<\/strong><\/p>\n\n\n\n<p>Fue poco despu\u00e9s de las 10 de la ma\u00f1ana de este lunes 4 de octubre que Facebook y sus plataformas Instagram y WhatsApp sufrieron una interrupci\u00f3n en su sistema que afect\u00f3 a decenas de millones de usuarios.<\/p>\n\n\n\n<p>Disculpe, algo funciona mal. Estamos trabajando en ello y lo solucionaremos tan pronto podamos\u201d, dice un mensaje que reciben los usuarios que buscan acceder a Facebook.<\/p>\n\n\n\n<p>\u201cSabemos que mucha gente tiene problemas para acceder a nuestras aplicaciones y productos\u201d, dijo el portavoz de Facebook en Twitter, haci\u00e9ndose eco de declaraciones similares de Instagram y WhatsApp.<\/p>\n\n\n\n<p>Aunque es rara una interrupci\u00f3n de grandes proporciones que afecta a las tres plataformas, cada una con miles de millones de usuarios, las aplicaciones se ven obligadas a desconectarse regularmente por problemas t\u00e9cnicos.<\/p>\n\n\n\n<p>Otras redes, como Telegram, Signal y Twitter, experimentaron un aumento de usuarios ya que la interrupci\u00f3n persist\u00eda desde hac\u00eda varias horas.<\/p>\n\n\n\n<p>La interrupci\u00f3n se produce un d\u00eda despu\u00e9s de que una mujer que filtr\u00f3 a las autoridades estadounidenses documentos de Facebook que afirman que sus productos alimentan el odio y da\u00f1an la salud mental de los ni\u00f1os, apareciera en la televisi\u00f3n para revelar su identidad.<\/p>\n\n\n\n<p>Frances Haugen, una experta en datos de 37 a\u00f1os, trabaj\u00f3 para empresas como Google y Pinterest y dijo que Facebook es \u201csustancialmente peor\u201d de que lo que hab\u00eda visto antes.<\/p>\n\n\n\n<p>Filtraci\u00f3n causa \u2018tormenta\u2019 en Facebook<\/p>\n\n\n\n<p>La mayor red social del mundo qued\u00f3 envuelta en una tormenta a causa de Haugen. Adem\u00e1s congresistas y el diario The Wall Street Journal detallaron c\u00f3mo Facebook sab\u00eda que sus productos, incluyendo Instagram, estaban da\u00f1ando a las ni\u00f1as, especialmente en lo que respecta a la imagen corporal.<\/p>\n\n\n\n<p>Creo que por fin ahora los pol\u00edticos, quiz\u00e1s la Casa Blanca, y otros lideres puedan ver a alguien como Frances Haugen y decir\u2026\u2019Ahora nos incumbe a nosotros, Facebook no se corregir\u00e1 por s\u00ed misma&#8217;\u201d, dijo Nora Benavidez, experta en derecho digital.<\/p>\n\n\n\n<p>Nick Clegg, vicepresidente de Facebook en materia pol\u00edtica y asuntos mundiales, rechaz\u00f3 vehementemente que las plataformas de la empresa sean \u201ct\u00f3xicas\u201d para los adolescentes.<\/p>\n\n\n\n<p>Clegg se pronunci\u00f3 d\u00edas despu\u00e9s de una tensa audiencia en el Congreso en la que los legisladores interrogaron a ejecutivos de Facebook sobre su impacto en la salud mental de los usuarios m\u00e1s j\u00f3venes.<\/p>\n\n\n\n<p>La propia Haugen deber\u00e1 presentarse el martes ante el Congreso para prestar testimonio sobre el tema.<\/p>\n\n\n\n<p>Los senadores pusieron la semana pasada en aprietos a Antigone Davis, jefa de seguridad de Facebook, por un informe de la propia empresa sobre los potenciales da\u00f1os de las aplicaciones.<\/p>\n\n\n\n<p>Davis dijo a los legisladores que una encuesta mostr\u00f3 que Instagram es generalmente muy beneficiosa para chicos de 12 a\u00f1os con problemas de ansiedad, tristeza o des\u00f3rdenes alimentarios.<\/p>\n\n\n\n<p>\u201cInsatisfacci\u00f3n corporal\u201d<\/p>\n\n\n\n<p>Empero, el senador Richard Blumenthal ley\u00f3 en sala extractos de documentos de la compa\u00f1\u00eda que dijo haber recibido de alguien de Facebook y que la contradec\u00edan.<\/p>\n\n\n\n<p>Notorias evidencias sugieren que las experiencias en Instagram y Facebook empeoran la insatisfacci\u00f3n corporal\u201d, dijo e indic\u00f3 que esa afirmaci\u00f3n no proviene de un empleado de Facebook descontento sino de un estudio de la propia empresa.<\/p>\n\n\n\n<p>Facebook ha estado bajo una presi\u00f3n implacable para evitar ser una plataforma de desinformaci\u00f3n, odio y contenido da\u00f1ino para los ni\u00f1os.<\/p>\n\n\n\n<p>Legisladores han batallado por aprobar nuevas reglas que actualicen las protecciones en l\u00ednea creadas hace d\u00e9cadas cuando a\u00fan no exist\u00edan las redes sociales. (Informaci\u00f3n Excelsior)<\/p>\n","protected":false},"excerpt":{"rendered":"<p>(Redacci\u00f3n) Tras siete horas sin servicio, Facebook anunci\u00f3 en su cuenta de Twitter que estaba comenzando a restablecer el servicio Ciudad de M\u00e9xico a 04 de octubre de 2021.-Luego de que Facebook, WhatsApp, Intagram y TikTok se quedaran sin servicio por m\u00e1s de seis horas, Marck Zuckerberg emple\u00f3 sus redes sociales para pedir perd\u00f3n por [&hellip;]<\/p>\n","protected":false},"author":1,"featured_media":190112,"comment_status":"open","ping_status":"open","sticky":false,"template":"","format":"standard","meta":{"footnotes":""},"categories":[8],"tags":[],"class_list":["post-190111","post","type-post","status-publish","format-standard","has-post-thumbnail","hentry","category-pais","entry","has-media"],"jetpack_featured_media_url":"http:\/\/vertienteglobal.com\/wp-content\/uploads\/2021\/10\/2652223-660x330-1.jpg","_links":{"self":[{"href":"http:\/\/vertienteglobal.com\/index.php?rest_route=\/wp\/v2\/posts\/190111","targetHints":{"allow":["GET"]}}],"collection":[{"href":"http:\/\/vertienteglobal.com\/index.php?rest_route=\/wp\/v2\/posts"}],"about":[{"href":"http:\/\/vertienteglobal.com\/index.php?rest_route=\/wp\/v2\/types\/post"}],"author":[{"embeddable":true,"href":"http:\/\/vertienteglobal.com\/index.php?rest_route=\/wp\/v2\/users\/1"}],"replies":[{"embeddable":true,"href":"http:\/\/vertienteglobal.com\/index.php?rest_route=%2Fwp%2Fv2%2Fcomments&post=190111"}],"version-history":[{"count":0,"href":"http:\/\/vertienteglobal.com\/index.php?rest_route=\/wp\/v2\/posts\/190111\/revisions"}],"wp:featuredmedia":[{"embeddable":true,"href":"http:\/\/vertienteglobal.com\/index.php?rest_route=\/wp\/v2\/media\/190112"}],"wp:attachment":[{"href":"http:\/\/vertienteglobal.com\/index.php?rest_route=%2Fwp%2Fv2%2Fmedia&parent=190111"}],"wp:term":[{"taxonomy":"category","embeddable":true,"href":"http:\/\/vertienteglobal.com\/index.php?rest_route=%2Fwp%2Fv2%2Fcategories&post=190111"},{"taxonomy":"post_tag","embeddable":true,"href":"http:\/\/vertienteglobal.com\/index.php?rest_route=%2Fwp%2Fv2%2Ftags&post=190111"}],"curies":[{"name":"wp","href":"https:\/\/api.w.org\/{rel}","templated":true}]}}