{"id":189977,"date":"2021-10-03T13:51:00","date_gmt":"2021-10-03T18:51:00","guid":{"rendered":"http:\/\/vertienteglobal.com\/?p=189977"},"modified":"2021-10-03T14:42:08","modified_gmt":"2021-10-03T19:42:08","slug":"tatiana-clouthier-viene-en-representacion-del-presidente-andres-manuel-lopez-obrador-a-la-toma-de-protesta-de-samuel-garcia-como-gobernador-de-nuevo-leon","status":"publish","type":"post","link":"http:\/\/vertienteglobal.com\/?p=189977","title":{"rendered":"Tatiana Clouthier, viene en representaci\u00f3n del presidente Andr\u00e9s Manuel L\u00f3pez Obrador a la toma de protesta de Samuel Garcia como gobernador de Nuevo Le\u00f3n"},"content":{"rendered":"\n<div class=\"twitterbutton\" style=\"float: right; padding-left: 5px;\"><a href=\"http:\/\/twitter.com\/share\" class=\"twitter-share-button\" data-count=\"horizontal\" data-text=\"Tatiana Clouthier, viene en representaci\u00f3n del presidente Andr\u00e9s Manuel L\u00f3pez...\" data-via=\"https:\/\/twitter.com\/VertienteGloba1\" data-url=\"http:\/\/vertienteglobal.com\/?p=189977\" data-lang=\"es\" data-related=\"Informaci\u00f3n general:S\u00edguenos para que est\u00e9ss informado\"><\/a><\/div>\n<figure class=\"wp-block-image size-large\"><img loading=\"lazy\" decoding=\"async\" width=\"400\" height=\"333\" src=\"http:\/\/vertienteglobal.com\/wp-content\/uploads\/2021\/10\/estedomingosamuelgarciaasumiralagubernaturadenl-focus-0-0-400-333.jpg\" alt=\"\" class=\"wp-image-189978\" srcset=\"http:\/\/vertienteglobal.com\/wp-content\/uploads\/2021\/10\/estedomingosamuelgarciaasumiralagubernaturadenl-focus-0-0-400-333.jpg 400w, http:\/\/vertienteglobal.com\/wp-content\/uploads\/2021\/10\/estedomingosamuelgarciaasumiralagubernaturadenl-focus-0-0-400-333-300x250.jpg 300w, http:\/\/vertienteglobal.com\/wp-content\/uploads\/2021\/10\/estedomingosamuelgarciaasumiralagubernaturadenl-focus-0-0-400-333-150x125.jpg 150w\" sizes=\"auto, (max-width: 400px) 100vw, 400px\" \/><\/figure>\n\n\n\n<p>(Antonio Rivera)<\/p>\n\n\n\n<p>Hoy domingo Samuel Garc\u00eda asumir\u00e1 la gubernatura de NuevoLe\u00f3n<\/p>\n\n\n\n<p>La ceremonia se realizar\u00e1 hoy domingo en el Teatro de la Ciudad, pero de forma oficial el gobernador electo entrar\u00e1 en funciones a partir del primer minuto del lunes 4 de octubre<\/p>\n\n\n\n<p>Monterrey, Nuevo Le\u00f3n a 03 de octubre de 2021.- Hoy a las 6 de la tarde en el Teatro de la Ciudad, se llevara acabo la ceremonia de Toma de protesta de Samuel Garc\u00eda como gobernador de Nuevo Le\u00f3n.<\/p>\n\n\n\n<p>Y es que el Teatro de la Ciudad de Monterrey, fue designado como recinto legislativo para la sesi\u00f3n solemne, por ello se espera que las 5 de la tarde los Diputados locales inicien la sesi\u00f3n solemne para tomarse la protesta al nuevo  gobernador, quien iniciar\u00e1 funciones los primeros minutos de este lunes 04 de octubre.<\/p>\n\n\n\n<p>En el recinto, comenzar\u00e1 con la declaratoria de validez de la sesi\u00f3n solemne por parte de los Diputados locales, quienes conformar\u00e1n una comisi\u00f3n para llevar al recinto a Samuel Garc\u00eda.<\/p>\n\n\n\n<p>Asimismo, la presidenta del Congreso, Ivonne \u00c1lvarez, ser\u00e1 la encargada de tomar la protesta al nuevo gobernador.<\/p>\n\n\n\n<p>Luego de la protesta se espera que el gobernador Samuel Garc\u00eda d\u00e9 un discurso de inicio de su sexenio que concluir\u00e1 en 2027.<\/p>\n\n\n\n<p>Tambi\u00e9n se espera un mensaje de despedida por parte de Jaime Rodr\u00edguez Calder\u00f3n, \u00abEl Bronco\u00bb.<\/p>\n\n\n\n<p>Al t\u00e9rmino de la sesi\u00f3n solemne, el mandatario estatal saldr\u00e1 del lugar y cruzar\u00e1 la Macroplaza para caminar hasta el Palacio de Gobierno de Nuevo Le\u00f3n en donde ofrecer\u00e1 una cena privada a 400 invitados especiales a las 8 de la noche.<\/p>\n\n\n\n<p>Dentro de la lista de invitados especiales se encuentra la secretaria de econom\u00eda federal, Tatiana Clouthier, quien viene en representaci\u00f3n del presidente Andr\u00e9s Manuel L\u00f3pez Obrador.<\/p>\n\n\n\n<p>Adem\u00e1s de los secretarios de gobernaci\u00f3n, Ad\u00e1n Augusto L\u00f3pez y del secretario de relaciones exteriores, Marcelo Ebrard.<\/p>\n\n\n\n<p>Cabe destacar que en el Teatro de la Ciudad habr\u00e1 800 invitados, adem\u00e1s que se espera que al llegar al Palacio de Gobierno ofrezca una rueda de prensa en las escalinatas.<\/p>\n","protected":false},"excerpt":{"rendered":"<p>(Antonio Rivera) Hoy domingo Samuel Garc\u00eda asumir\u00e1 la gubernatura de NuevoLe\u00f3n La ceremonia se realizar\u00e1 hoy domingo en el Teatro de la Ciudad, pero de forma oficial el gobernador electo entrar\u00e1 en funciones a partir del primer minuto del lunes 4 de octubre Monterrey, Nuevo Le\u00f3n a 03 de octubre de 2021.- Hoy a las [&hellip;]<\/p>\n","protected":false},"author":1,"featured_media":189978,"comment_status":"open","ping_status":"open","sticky":false,"template":"","format":"standard","meta":{"footnotes":""},"categories":[8],"tags":[],"class_list":["post-189977","post","type-post","status-publish","format-standard","has-post-thumbnail","hentry","category-pais","entry","has-media"],"jetpack_featured_media_url":"http:\/\/vertienteglobal.com\/wp-content\/uploads\/2021\/10\/estedomingosamuelgarciaasumiralagubernaturadenl-focus-0-0-400-333.jpg","_links":{"self":[{"href":"http:\/\/vertienteglobal.com\/index.php?rest_route=\/wp\/v2\/posts\/189977","targetHints":{"allow":["GET"]}}],"collection":[{"href":"http:\/\/vertienteglobal.com\/index.php?rest_route=\/wp\/v2\/posts"}],"about":[{"href":"http:\/\/vertienteglobal.com\/index.php?rest_route=\/wp\/v2\/types\/post"}],"author":[{"embeddable":true,"href":"http:\/\/vertienteglobal.com\/index.php?rest_route=\/wp\/v2\/users\/1"}],"replies":[{"embeddable":true,"href":"http:\/\/vertienteglobal.com\/index.php?rest_route=%2Fwp%2Fv2%2Fcomments&post=189977"}],"version-history":[{"count":0,"href":"http:\/\/vertienteglobal.com\/index.php?rest_route=\/wp\/v2\/posts\/189977\/revisions"}],"wp:featuredmedia":[{"embeddable":true,"href":"http:\/\/vertienteglobal.com\/index.php?rest_route=\/wp\/v2\/media\/189978"}],"wp:attachment":[{"href":"http:\/\/vertienteglobal.com\/index.php?rest_route=%2Fwp%2Fv2%2Fmedia&parent=189977"}],"wp:term":[{"taxonomy":"category","embeddable":true,"href":"http:\/\/vertienteglobal.com\/index.php?rest_route=%2Fwp%2Fv2%2Fcategories&post=189977"},{"taxonomy":"post_tag","embeddable":true,"href":"http:\/\/vertienteglobal.com\/index.php?rest_route=%2Fwp%2Fv2%2Ftags&post=189977"}],"curies":[{"name":"wp","href":"https:\/\/api.w.org\/{rel}","templated":true}]}}