{"id":189938,"date":"2021-10-02T19:39:10","date_gmt":"2021-10-03T00:39:10","guid":{"rendered":"http:\/\/vertienteglobal.com\/?p=189938"},"modified":"2021-10-03T11:41:26","modified_gmt":"2021-10-03T16:41:26","slug":"consejeras-electorales-presidiran-las-sesiones-del-iepac-yucatan","status":"publish","type":"post","link":"http:\/\/vertienteglobal.com\/?p=189938","title":{"rendered":"Consejeras Electorales presidir\u00e1n las sesiones del IEPAC Yucat\u00e1n"},"content":{"rendered":"\n<div class=\"twitterbutton\" style=\"float: right; padding-left: 5px;\"><a href=\"http:\/\/twitter.com\/share\" class=\"twitter-share-button\" data-count=\"horizontal\" data-text=\"Consejeras Electorales presidir\u00e1n las sesiones del IEPAC Yucat\u00e1n\" data-via=\"https:\/\/twitter.com\/VertienteGloba1\" data-url=\"http:\/\/vertienteglobal.com\/?p=189938\" data-lang=\"es\" data-related=\"Informaci\u00f3n general:S\u00edguenos para que est\u00e9ss informado\"><\/a><\/div>\n<figure class=\"wp-block-image size-large\"><img loading=\"lazy\" decoding=\"async\" width=\"660\" height=\"330\" src=\"http:\/\/vertienteglobal.com\/wp-content\/uploads\/2021\/10\/Sesion-2-660x330-1.jpg\" alt=\"\" class=\"wp-image-189939\" srcset=\"http:\/\/vertienteglobal.com\/wp-content\/uploads\/2021\/10\/Sesion-2-660x330-1.jpg 660w, http:\/\/vertienteglobal.com\/wp-content\/uploads\/2021\/10\/Sesion-2-660x330-1-300x150.jpg 300w, http:\/\/vertienteglobal.com\/wp-content\/uploads\/2021\/10\/Sesion-2-660x330-1-150x75.jpg 150w\" sizes=\"auto, (max-width: 660px) 100vw, 660px\" \/><\/figure>\n\n\n\n<p>(Redacci\u00f3n)<\/p>\n\n\n\n<p>Las y los Consejeros Electorales designar\u00e1n entre ellos a quien presidir\u00e1 la sesi\u00f3n, esto no otorga la posibilidad de ejercer a cabalidad las labores que corresponder\u00edan a una presidencia designada por el Instituto Nacional Electoral, \u00fanica autoridad competente por disposici\u00f3n de la ley general electoral para tales efectos<\/p>\n\n\n\n<p>M\u00c9RIDA, Yucat\u00e1n., 02 de octubre 2021.- El Instituto Electoral y de Participaci\u00f3n Ciudadana de Yucat\u00e1n aprob\u00f3 que las Consejeras Electorales Alicia del Pilar Lugo Medina, Delta Alejandra Pacheco Puente y Mar\u00eda del Mar Trejo P\u00e9rez, presidir\u00e1n de manera rotatoria las sesiones del Consejo General de este Instituto hasta la toma de protesta de la persona que sea designada como Presidenta o Presidente del IEPAC, a m\u00e1s tardar el 29 de octubre, por el Consejo General del Instituto Nacional Electoral.<\/p>\n\n\n\n<p>Ante la conclusi\u00f3n del periodo de quien fungiera como Consejera Presidente de este \u00f3rgano electoral local y la necesidad de dar continuidad a los trabajos del Instituto en lo relativo a la preparaci\u00f3n, desarrollo y vigilancia del proceso electoral extraordinario en Uayma, en sesi\u00f3n extraordinaria a distancia se determin\u00f3 que las tres consejeras electorales presidan de manera sucesoria las sesiones, iniciando la Consejera Electoral Alicia del Pilar Lugo Medina.<\/p>\n\n\n\n<p>Se advirti\u00f3 que la Ley de Instituciones y Procedimientos Electorales del Estado de Yucat\u00e1n presenta un vac\u00edo legal respecto al supuesto de la ausencia definitiva de la o el Consejero Presidente y la posibilidad de ejercer las facultades, funciones y atribuciones de car\u00e1cter administrativo que corresponden al cargo.<\/p>\n\n\n\n<p>Siendo que \u00fanicamente se contempla en el Reglamento de sesiones de los Consejos del Instituto en el art\u00edculo 12 numeral 5 la posibilidad de que ante la ausencia definitiva de quien ocupe la Presidencia, las y los Consejeros Electorales designar\u00e1n entre ellos a quien presidir\u00e1 la sesi\u00f3n, esto no otorga la posibilidad de ejercer a cabalidad las labores que corresponder\u00edan a una presidencia designada por el Instituto Nacional Electoral, \u00fanica autoridad competente por disposici\u00f3n de la ley general electoral para tales efectos.<\/p>\n\n\n\n<p>Ante ello, se determin\u00f3 realizar una consulta al INE al respecto para definir lo conducente e informar a su vez de esta situaci\u00f3n al Congreso del Estado para su conocimiento.<\/p>\n","protected":false},"excerpt":{"rendered":"<p>(Redacci\u00f3n) Las y los Consejeros Electorales designar\u00e1n entre ellos a quien presidir\u00e1 la sesi\u00f3n, esto no otorga la posibilidad de ejercer a cabalidad las labores que corresponder\u00edan a una presidencia designada por el Instituto Nacional Electoral, \u00fanica autoridad competente por disposici\u00f3n de la ley general electoral para tales efectos M\u00c9RIDA, Yucat\u00e1n., 02 de octubre 2021.- [&hellip;]<\/p>\n","protected":false},"author":1,"featured_media":189939,"comment_status":"open","ping_status":"open","sticky":false,"template":"","format":"standard","meta":{"footnotes":""},"categories":[2],"tags":[],"class_list":["post-189938","post","type-post","status-publish","format-standard","has-post-thumbnail","hentry","category-yucatan","entry","has-media"],"jetpack_featured_media_url":"http:\/\/vertienteglobal.com\/wp-content\/uploads\/2021\/10\/Sesion-2-660x330-1.jpg","_links":{"self":[{"href":"http:\/\/vertienteglobal.com\/index.php?rest_route=\/wp\/v2\/posts\/189938","targetHints":{"allow":["GET"]}}],"collection":[{"href":"http:\/\/vertienteglobal.com\/index.php?rest_route=\/wp\/v2\/posts"}],"about":[{"href":"http:\/\/vertienteglobal.com\/index.php?rest_route=\/wp\/v2\/types\/post"}],"author":[{"embeddable":true,"href":"http:\/\/vertienteglobal.com\/index.php?rest_route=\/wp\/v2\/users\/1"}],"replies":[{"embeddable":true,"href":"http:\/\/vertienteglobal.com\/index.php?rest_route=%2Fwp%2Fv2%2Fcomments&post=189938"}],"version-history":[{"count":0,"href":"http:\/\/vertienteglobal.com\/index.php?rest_route=\/wp\/v2\/posts\/189938\/revisions"}],"wp:featuredmedia":[{"embeddable":true,"href":"http:\/\/vertienteglobal.com\/index.php?rest_route=\/wp\/v2\/media\/189939"}],"wp:attachment":[{"href":"http:\/\/vertienteglobal.com\/index.php?rest_route=%2Fwp%2Fv2%2Fmedia&parent=189938"}],"wp:term":[{"taxonomy":"category","embeddable":true,"href":"http:\/\/vertienteglobal.com\/index.php?rest_route=%2Fwp%2Fv2%2Fcategories&post=189938"},{"taxonomy":"post_tag","embeddable":true,"href":"http:\/\/vertienteglobal.com\/index.php?rest_route=%2Fwp%2Fv2%2Ftags&post=189938"}],"curies":[{"name":"wp","href":"https:\/\/api.w.org\/{rel}","templated":true}]}}