{"id":189878,"date":"2021-10-01T22:51:28","date_gmt":"2021-10-02T03:51:28","guid":{"rendered":"http:\/\/vertienteglobal.com\/?p=189878"},"modified":"2021-10-02T12:06:29","modified_gmt":"2021-10-02T17:06:29","slug":"terapia-de-la-farmaceutica-roche-avanza-con-pacientes-hospitalizados-con-covid-19","status":"publish","type":"post","link":"http:\/\/vertienteglobal.com\/?p=189878","title":{"rendered":"Terapia de la farmac\u00e9utica Roche avanza con pacientes hospitalizados con Covid-19"},"content":{"rendered":"\n<div class=\"twitterbutton\" style=\"float: right; padding-left: 5px;\"><a href=\"http:\/\/twitter.com\/share\" class=\"twitter-share-button\" data-count=\"horizontal\" data-text=\"Terapia de la farmac\u00e9utica Roche avanza con pacientes hospitalizados con Covid-...\" data-via=\"https:\/\/twitter.com\/VertienteGloba1\" data-url=\"http:\/\/vertienteglobal.com\/?p=189878\" data-lang=\"es\" data-related=\"Informaci\u00f3n general:S\u00edguenos para que est\u00e9ss informado\"><\/a><\/div>\n<figure class=\"wp-block-image size-large\"><img loading=\"lazy\" decoding=\"async\" width=\"1024\" height=\"683\" src=\"http:\/\/vertienteglobal.com\/wp-content\/uploads\/2021\/10\/156838.jpg\" alt=\"\" class=\"wp-image-189879\" srcset=\"http:\/\/vertienteglobal.com\/wp-content\/uploads\/2021\/10\/156838.jpg 1024w, http:\/\/vertienteglobal.com\/wp-content\/uploads\/2021\/10\/156838-300x200.jpg 300w, http:\/\/vertienteglobal.com\/wp-content\/uploads\/2021\/10\/156838-150x100.jpg 150w, http:\/\/vertienteglobal.com\/wp-content\/uploads\/2021\/10\/156838-768x512.jpg 768w\" sizes=\"auto, (max-width: 1024px) 100vw, 1024px\" \/><\/figure>\n\n\n\n<p>(Redacci\u00f3n)<\/p>\n\n\n\n<p>La farmac\u00e9utica se\u00f1al\u00f3 que la mayor\u00eda de los pacientes que fallecieron por la enfermedad lo hicieron hospitalizados<\/p>\n\n\n\n<p>Ciudad de M\u00e9xico a 01 de octubre de 2021.- La farmac\u00e9utica Roche report\u00f3 datos positivos del estudio fase II\/III 2066 sobre la combinaci\u00f3n de casirivimab e imdevimab en pacientes hospitalizados con Covid-19.<\/p>\n\n\n\n<p>Este viernes, emiti\u00f3 una actualizaci\u00f3n de datos sobre el ensayo que, asever\u00f3, ha demostrado que el tratamiento ofreci\u00f3 mejor\u00edas en una semana.<\/p>\n\n\n\n<p>\u00abEl ensayo cumpli\u00f3 con su objetivo principal, mostrando que esta combinaci\u00f3n redujo significativamente la carga viral dentro de los siete d\u00edas de tratamiento en pacientes que no hab\u00edan presentado una respuesta de anticuerpos naturales propios (seronegativos) y que requirieron ox\u00edgeno suplementario de bajo flujo o nulo (p=0,0172)\u00bb, expuso.<\/p>\n\n\n\n<p>La farmac\u00e9utica se\u00f1al\u00f3 que la mayor\u00eda de los pacientes que fallecieron por la enfermedad lo hicieron hospitalizados.<\/p>\n\n\n\n<p>\u00abSi bien, las vacunas son efectivas para prevenir las hospitalizaciones, sigue existiendo una importante necesidad en muchos que a\u00fan se infectan y cuya enfermedad requiere atenci\u00f3n hospitalaria\u00bb, dijo Levi Garraway, director m\u00e9dico de Roche y jefe de Desarrollo Global de Productos.<\/p>\n\n\n\n<p>\u00abEstos datos se suman a los hallazgos anteriores que respaldan el potencial de casirivimab e imdevimab en pacientes hospitalizados, lo que tambi\u00e9n puede ayudar a aliviar la presi\u00f3n sobre los sistemas de salud\u00bb, confi\u00f3.<\/p>\n\n\n\n<p>El estudio apoya a su vez el ensayo de RECOVERY del Reino Unido en pacientes hospitalizados que muestran que los pacientes que recibieron casirivimab e imdevimab (2,400 mg u 8,000 mg), adem\u00e1s del tratamiento est\u00e1ndar de atenci\u00f3n \u00abexperimentaron mejoras num\u00e9ricas en todos los criterios de valoraci\u00f3n cl\u00ednicos evaluados, en comparaci\u00f3n con la atenci\u00f3n est\u00e1ndar \u00fanicamente (placebo)\u00bb.<\/p>\n\n\n\n<p>&nbsp;As\u00ed, se indic\u00f3 que se registraron resultados cl\u00ednicos comparables con dosis de 2.400 mg y 8.000 mg. Y no se identificaron nuevas se\u00f1ales de seguridad.<\/p>\n\n\n\n<p>La eficacia y la seguridad de casirivimab e imdevimab se han estudiado en m\u00faltiples ensayos cl\u00ednicos de fase III en pacientes con Covid-19 no hospitalizados y hospitalizados, y en el entorno preventivo.<\/p>\n\n\n\n<p>Esta combinaci\u00f3n actualmente no est\u00e1 autorizada en pacientes hospitalizados por el coronavirus.<\/p>\n\n\n\n<p>A principios de este a\u00f1o, el Comit\u00e9 de Medicamentos de Uso Humano de la Agencia Europea de Medicamentos emiti\u00f3 un dictamen cient\u00edfico que respalda su uso como una opci\u00f3n de tratamiento para pacientes no hospitalizados con Covid-19 confirmado.<\/p>\n\n\n\n<p>Fuera de la Uni\u00f3n Europea, esta combinaci\u00f3n ha sido aprobada para su uso en diferentes poblaciones de pacientes en Jap\u00f3n y condicionalmente en el Reino Unido, y est\u00e1 autorizado para emergencia o temporalmente durante la pandemia en numerosos territorios, incluidos los Estados Unidos, India y Canad\u00e1.<\/p>\n\n\n\n<p>Adem\u00e1s, la Organizaci\u00f3n Mundial de la Salud emiti\u00f3 recientemente una gu\u00eda sobre el uso de la combinaci\u00f3n de casirivimab e imdevimab para el tratamiento de ciertos pacientes.<\/p>\n\n\n\n<p>Hasta ahora, esta alternativa se ha puesto a disposici\u00f3n de pacientes en m\u00e1s de 40 pa\u00edses a trav\u00e9s de acuerdos bilaterales de compra en diversas geograf\u00edas y econom\u00edas. (Fuente:Agencia Reforma)<\/p>\n","protected":false},"excerpt":{"rendered":"<p>(Redacci\u00f3n) La farmac\u00e9utica se\u00f1al\u00f3 que la mayor\u00eda de los pacientes que fallecieron por la enfermedad lo hicieron hospitalizados Ciudad de M\u00e9xico a 01 de octubre de 2021.- La farmac\u00e9utica Roche report\u00f3 datos positivos del estudio fase II\/III 2066 sobre la combinaci\u00f3n de casirivimab e imdevimab en pacientes hospitalizados con Covid-19. Este viernes, emiti\u00f3 una actualizaci\u00f3n [&hellip;]<\/p>\n","protected":false},"author":1,"featured_media":189879,"comment_status":"open","ping_status":"open","sticky":false,"template":"","format":"standard","meta":{"footnotes":""},"categories":[8],"tags":[],"class_list":["post-189878","post","type-post","status-publish","format-standard","has-post-thumbnail","hentry","category-pais","entry","has-media"],"jetpack_featured_media_url":"http:\/\/vertienteglobal.com\/wp-content\/uploads\/2021\/10\/156838.jpg","_links":{"self":[{"href":"http:\/\/vertienteglobal.com\/index.php?rest_route=\/wp\/v2\/posts\/189878","targetHints":{"allow":["GET"]}}],"collection":[{"href":"http:\/\/vertienteglobal.com\/index.php?rest_route=\/wp\/v2\/posts"}],"about":[{"href":"http:\/\/vertienteglobal.com\/index.php?rest_route=\/wp\/v2\/types\/post"}],"author":[{"embeddable":true,"href":"http:\/\/vertienteglobal.com\/index.php?rest_route=\/wp\/v2\/users\/1"}],"replies":[{"embeddable":true,"href":"http:\/\/vertienteglobal.com\/index.php?rest_route=%2Fwp%2Fv2%2Fcomments&post=189878"}],"version-history":[{"count":0,"href":"http:\/\/vertienteglobal.com\/index.php?rest_route=\/wp\/v2\/posts\/189878\/revisions"}],"wp:featuredmedia":[{"embeddable":true,"href":"http:\/\/vertienteglobal.com\/index.php?rest_route=\/wp\/v2\/media\/189879"}],"wp:attachment":[{"href":"http:\/\/vertienteglobal.com\/index.php?rest_route=%2Fwp%2Fv2%2Fmedia&parent=189878"}],"wp:term":[{"taxonomy":"category","embeddable":true,"href":"http:\/\/vertienteglobal.com\/index.php?rest_route=%2Fwp%2Fv2%2Fcategories&post=189878"},{"taxonomy":"post_tag","embeddable":true,"href":"http:\/\/vertienteglobal.com\/index.php?rest_route=%2Fwp%2Fv2%2Ftags&post=189878"}],"curies":[{"name":"wp","href":"https:\/\/api.w.org\/{rel}","templated":true}]}}