{"id":189871,"date":"2021-10-01T20:24:06","date_gmt":"2021-10-02T01:24:06","guid":{"rendered":"http:\/\/vertienteglobal.com\/?p=189871"},"modified":"2021-10-02T11:50:10","modified_gmt":"2021-10-02T16:50:10","slug":"semaforo-covid-19-nacional-nueve-estados-en-verde","status":"publish","type":"post","link":"http:\/\/vertienteglobal.com\/?p=189871","title":{"rendered":"Sem\u00e1foro Covid 19 nacional, nueve estados en Verde"},"content":{"rendered":"\n<div class=\"twitterbutton\" style=\"float: right; padding-left: 5px;\"><a href=\"http:\/\/twitter.com\/share\" class=\"twitter-share-button\" data-count=\"horizontal\" data-text=\"Sem\u00e1foro Covid 19 nacional, nueve estados en Verde\" data-via=\"https:\/\/twitter.com\/VertienteGloba1\" data-url=\"http:\/\/vertienteglobal.com\/?p=189871\" data-lang=\"es\" data-related=\"Informaci\u00f3n general:S\u00edguenos para que est\u00e9ss informado\"><\/a><\/div>\n<figure class=\"wp-block-image size-large\"><img loading=\"lazy\" decoding=\"async\" width=\"660\" height=\"330\" src=\"http:\/\/vertienteglobal.com\/wp-content\/uploads\/2021\/10\/Yucatan-se-mantiene-en-Semaforo-Amarillo-660x330-1.jpg\" alt=\"\" class=\"wp-image-189872\" srcset=\"http:\/\/vertienteglobal.com\/wp-content\/uploads\/2021\/10\/Yucatan-se-mantiene-en-Semaforo-Amarillo-660x330-1.jpg 660w, http:\/\/vertienteglobal.com\/wp-content\/uploads\/2021\/10\/Yucatan-se-mantiene-en-Semaforo-Amarillo-660x330-1-300x150.jpg 300w, http:\/\/vertienteglobal.com\/wp-content\/uploads\/2021\/10\/Yucatan-se-mantiene-en-Semaforo-Amarillo-660x330-1-150x75.jpg 150w\" sizes=\"auto, (max-width: 660px) 100vw, 660px\" \/><\/figure>\n\n\n\n<p>(Redacci\u00f3n)<\/p>\n\n\n\n<p>En color\u00a0<strong>verde<\/strong>\u00a0estar\u00e1n 9\u00a0entidades federativas, Baja California Sur, Chiapas, Chihuahua, Durango, Guerrero, Oaxaca, Quintana Roo, Sinaloa y Zacatecas<\/p>\n\n\n\n<p>Ciudad de M\u00e9xico a 01 de octubre de 2021.- La Secretar\u00eda de Salud federal indic\u00f3 los cambios que habr\u00e1 para los pr\u00f3ximos d\u00edas en el\u00a0sem\u00e1foro epid\u00e9mico de todos los estados de la Rep\u00fablica.<\/p>\n\n\n\n<p>La misma secretar\u00eda&nbsp;indic\u00f3 por medio de sus redes sociales que para las pr\u00f3ximas dos semanas, que van del lunes 4&nbsp;al domingo 17 de octubre,&nbsp;no hay estados en color rojo.<\/p>\n\n\n\n<p>La \u00fanica entidad en color naranja es Baja California.<\/p>\n\n\n\n<p>Los 22 estados en amarillo:<\/p>\n\n\n\n<ul class=\"wp-block-list\"><li>Aguascalientes<\/li><li>Campeche<\/li><li>Ciudad de M\u00e9xico<\/li><li>Coahuila<\/li><li>Colima<\/li><li>Estado de M\u00e9xico<\/li><li>Guanajuato<\/li><li>Hidalgo<\/li><li>Jalisco<\/li><li>Michoac\u00e1n<\/li><li>Morelos<\/li><li>Nayarit<\/li><li>Nuevo Le\u00f3n<\/li><li>Puebla<\/li><li>Quer\u00e9taro<\/li><li>San Luis Potos\u00ed<\/li><li>Sonora<\/li><li>Tabasco<\/li><li>Tamaulipas<\/li><li>Tlaxcala<\/li><li>Veracruz<\/li><li>Yucat\u00e1n<\/li><\/ul>\n\n\n\n<figure class=\"wp-block-image\"><img decoding=\"async\" src=\"https:\/\/cdn2.excelsior.com.mx\/media\/styles\/imagen-embed-nota\/public\/inside-the-note\/pictures\/2021\/10\/01\/semaforo_covid_mexico.png\" alt=\"\"\/><\/figure>\n\n\n\n<p>En color&nbsp;<strong>verde<\/strong>&nbsp;estar\u00e1n 9&nbsp;entidades federativas:<\/p>\n\n\n\n<ul class=\"wp-block-list\"><li>Baja California Sur<\/li><li>Chiapas<\/li><li>Chihuahua<\/li><li>Durango<\/li><li>Guerrero<\/li><li>Oaxaca<\/li><li>Quintana Roo<\/li><li>Sinaloa<\/li><li>Zacatecas<\/li><\/ul>\n\n\n\n<p>Al momento, M\u00e9xico suma 277,976 fallecimientos. (Informaci\u00f3n Excelsior)<\/p>\n","protected":false},"excerpt":{"rendered":"<p>(Redacci\u00f3n) En color\u00a0verde\u00a0estar\u00e1n 9\u00a0entidades federativas, Baja California Sur, Chiapas, Chihuahua, Durango, Guerrero, Oaxaca, Quintana Roo, Sinaloa y Zacatecas Ciudad de M\u00e9xico a 01 de octubre de 2021.- La Secretar\u00eda de Salud federal indic\u00f3 los cambios que habr\u00e1 para los pr\u00f3ximos d\u00edas en el\u00a0sem\u00e1foro epid\u00e9mico de todos los estados de la Rep\u00fablica. La misma secretar\u00eda&nbsp;indic\u00f3 por [&hellip;]<\/p>\n","protected":false},"author":1,"featured_media":189872,"comment_status":"open","ping_status":"open","sticky":false,"template":"","format":"standard","meta":{"footnotes":""},"categories":[8],"tags":[],"class_list":["post-189871","post","type-post","status-publish","format-standard","has-post-thumbnail","hentry","category-pais","entry","has-media"],"jetpack_featured_media_url":"http:\/\/vertienteglobal.com\/wp-content\/uploads\/2021\/10\/Yucatan-se-mantiene-en-Semaforo-Amarillo-660x330-1.jpg","_links":{"self":[{"href":"http:\/\/vertienteglobal.com\/index.php?rest_route=\/wp\/v2\/posts\/189871","targetHints":{"allow":["GET"]}}],"collection":[{"href":"http:\/\/vertienteglobal.com\/index.php?rest_route=\/wp\/v2\/posts"}],"about":[{"href":"http:\/\/vertienteglobal.com\/index.php?rest_route=\/wp\/v2\/types\/post"}],"author":[{"embeddable":true,"href":"http:\/\/vertienteglobal.com\/index.php?rest_route=\/wp\/v2\/users\/1"}],"replies":[{"embeddable":true,"href":"http:\/\/vertienteglobal.com\/index.php?rest_route=%2Fwp%2Fv2%2Fcomments&post=189871"}],"version-history":[{"count":0,"href":"http:\/\/vertienteglobal.com\/index.php?rest_route=\/wp\/v2\/posts\/189871\/revisions"}],"wp:featuredmedia":[{"embeddable":true,"href":"http:\/\/vertienteglobal.com\/index.php?rest_route=\/wp\/v2\/media\/189872"}],"wp:attachment":[{"href":"http:\/\/vertienteglobal.com\/index.php?rest_route=%2Fwp%2Fv2%2Fmedia&parent=189871"}],"wp:term":[{"taxonomy":"category","embeddable":true,"href":"http:\/\/vertienteglobal.com\/index.php?rest_route=%2Fwp%2Fv2%2Fcategories&post=189871"},{"taxonomy":"post_tag","embeddable":true,"href":"http:\/\/vertienteglobal.com\/index.php?rest_route=%2Fwp%2Fv2%2Ftags&post=189871"}],"curies":[{"name":"wp","href":"https:\/\/api.w.org\/{rel}","templated":true}]}}