{"id":189801,"date":"2021-10-01T13:51:00","date_gmt":"2021-10-01T18:51:00","guid":{"rendered":"http:\/\/vertienteglobal.com\/?p=189801"},"modified":"2021-10-01T14:16:23","modified_gmt":"2021-10-01T19:16:23","slug":"rinden-protesta-los-16-nuevos-alcaldes-de-la-cdmx","status":"publish","type":"post","link":"http:\/\/vertienteglobal.com\/?p=189801","title":{"rendered":"Rinden protesta los 16 nuevos alcaldes de la CDMX"},"content":{"rendered":"\n<div class=\"twitterbutton\" style=\"float: right; padding-left: 5px;\"><a href=\"http:\/\/twitter.com\/share\" class=\"twitter-share-button\" data-count=\"horizontal\" data-text=\"Rinden protesta los 16 nuevos alcaldes de la CDMX\" data-via=\"https:\/\/twitter.com\/VertienteGloba1\" data-url=\"http:\/\/vertienteglobal.com\/?p=189801\" data-lang=\"es\" data-related=\"Informaci\u00f3n general:S\u00edguenos para que est\u00e9ss informado\"><\/a><\/div>\n<figure class=\"wp-block-image size-large\"><img loading=\"lazy\" decoding=\"async\" width=\"1024\" height=\"683\" src=\"http:\/\/vertienteglobal.com\/wp-content\/uploads\/2021\/10\/1180523.jpg\" alt=\"\" class=\"wp-image-189802\" srcset=\"http:\/\/vertienteglobal.com\/wp-content\/uploads\/2021\/10\/1180523.jpg 1024w, http:\/\/vertienteglobal.com\/wp-content\/uploads\/2021\/10\/1180523-300x200.jpg 300w, http:\/\/vertienteglobal.com\/wp-content\/uploads\/2021\/10\/1180523-150x100.jpg 150w, http:\/\/vertienteglobal.com\/wp-content\/uploads\/2021\/10\/1180523-768x512.jpg 768w\" sizes=\"auto, (max-width: 1024px) 100vw, 1024px\" \/><\/figure>\n\n\n\n<p>(Redacci\u00f3n)<\/p>\n\n\n\n<p>Los nuevos alcaldes ejercer\u00e1n el cargo desde este d\u00eda y hasta el 30 de septiembre del 2024 y la mayor\u00eda de ellos estar\u00e1n al frente de una de las 16 demarcaciones por primera vez y seis obtuvieron la reelecci\u00f3n hasta por tercera vez<\/p>\n\n\n\n<p>Ciudad de M\u00e9xico a 01 de octubre de 2021.-Las 16 alcaldes electos de la Ciudad de M\u00e9xico rindieron\u00a0protesta ante el Congreso de la CDMX, a tres meses de haber ganado las elecciones del 6 de junio.<\/p>\n\n\n\n<p>Y es que cabe mencionar que, los nuevos alcaldes ejercer\u00e1n el cargo desde este d\u00eda y hasta el 30 de septiembre del 2024 y la mayor\u00eda de ellos estar\u00e1n al frente de una de las 16 demarcaciones por primera vez y seis obtuvieron la reelecci\u00f3n hasta por tercera vez.\u00a0<\/p>\n\n\n\n<p>Los ahora alcaldes, rindieron protesta en grupo, luego de que un representante de cada uno de los grupos parlamentarios se posicionaron sobre el inicio de funciones.&nbsp;<\/p>\n\n\n\n<p>La jefa de Gobierno, Claudia Sheinbaum, felicit\u00f3 a los 16 nuevos alcaldes y alcaldesas que hoy tomaron protesta ante el Congreso de la Ciudad de M\u00e9xico, para ejercer el cargo durante el periodo 2021-2024.\u00a0(Fuente: Milenio)<\/p>\n","protected":false},"excerpt":{"rendered":"<p>(Redacci\u00f3n) Los nuevos alcaldes ejercer\u00e1n el cargo desde este d\u00eda y hasta el 30 de septiembre del 2024 y la mayor\u00eda de ellos estar\u00e1n al frente de una de las 16 demarcaciones por primera vez y seis obtuvieron la reelecci\u00f3n hasta por tercera vez Ciudad de M\u00e9xico a 01 de octubre de 2021.-Las 16 alcaldes [&hellip;]<\/p>\n","protected":false},"author":1,"featured_media":189802,"comment_status":"open","ping_status":"open","sticky":false,"template":"","format":"standard","meta":{"footnotes":""},"categories":[8],"tags":[],"class_list":["post-189801","post","type-post","status-publish","format-standard","has-post-thumbnail","hentry","category-pais","entry","has-media"],"jetpack_featured_media_url":"http:\/\/vertienteglobal.com\/wp-content\/uploads\/2021\/10\/1180523.jpg","_links":{"self":[{"href":"http:\/\/vertienteglobal.com\/index.php?rest_route=\/wp\/v2\/posts\/189801","targetHints":{"allow":["GET"]}}],"collection":[{"href":"http:\/\/vertienteglobal.com\/index.php?rest_route=\/wp\/v2\/posts"}],"about":[{"href":"http:\/\/vertienteglobal.com\/index.php?rest_route=\/wp\/v2\/types\/post"}],"author":[{"embeddable":true,"href":"http:\/\/vertienteglobal.com\/index.php?rest_route=\/wp\/v2\/users\/1"}],"replies":[{"embeddable":true,"href":"http:\/\/vertienteglobal.com\/index.php?rest_route=%2Fwp%2Fv2%2Fcomments&post=189801"}],"version-history":[{"count":0,"href":"http:\/\/vertienteglobal.com\/index.php?rest_route=\/wp\/v2\/posts\/189801\/revisions"}],"wp:featuredmedia":[{"embeddable":true,"href":"http:\/\/vertienteglobal.com\/index.php?rest_route=\/wp\/v2\/media\/189802"}],"wp:attachment":[{"href":"http:\/\/vertienteglobal.com\/index.php?rest_route=%2Fwp%2Fv2%2Fmedia&parent=189801"}],"wp:term":[{"taxonomy":"category","embeddable":true,"href":"http:\/\/vertienteglobal.com\/index.php?rest_route=%2Fwp%2Fv2%2Fcategories&post=189801"},{"taxonomy":"post_tag","embeddable":true,"href":"http:\/\/vertienteglobal.com\/index.php?rest_route=%2Fwp%2Fv2%2Ftags&post=189801"}],"curies":[{"name":"wp","href":"https:\/\/api.w.org\/{rel}","templated":true}]}}