{"id":189789,"date":"2021-10-01T13:34:00","date_gmt":"2021-10-01T18:34:00","guid":{"rendered":"http:\/\/vertienteglobal.com\/?p=189789"},"modified":"2021-10-01T13:53:30","modified_gmt":"2021-10-01T18:53:30","slug":"alfredo-ramirez-bedolla-rinde-protesta-como-gobernador-de-michoacan","status":"publish","type":"post","link":"http:\/\/vertienteglobal.com\/?p=189789","title":{"rendered":"Alfredo Ram\u00edrez Bedolla rinde protesta como gobernador de Michoac\u00e1n"},"content":{"rendered":"\n<div class=\"twitterbutton\" style=\"float: right; padding-left: 5px;\"><a href=\"http:\/\/twitter.com\/share\" class=\"twitter-share-button\" data-count=\"horizontal\" data-text=\"Alfredo Ram\u00edrez Bedolla rinde protesta como gobernador de Michoac\u00e1n\" data-via=\"https:\/\/twitter.com\/VertienteGloba1\" data-url=\"http:\/\/vertienteglobal.com\/?p=189789\" data-lang=\"es\" data-related=\"Informaci\u00f3n general:S\u00edguenos para que est\u00e9ss informado\"><\/a><\/div>\n<figure class=\"wp-block-image size-large\"><img loading=\"lazy\" decoding=\"async\" width=\"1024\" height=\"683\" src=\"http:\/\/vertienteglobal.com\/wp-content\/uploads\/2021\/10\/156806.jpg\" alt=\"\" class=\"wp-image-189790\" srcset=\"http:\/\/vertienteglobal.com\/wp-content\/uploads\/2021\/10\/156806.jpg 1024w, http:\/\/vertienteglobal.com\/wp-content\/uploads\/2021\/10\/156806-300x200.jpg 300w, http:\/\/vertienteglobal.com\/wp-content\/uploads\/2021\/10\/156806-150x100.jpg 150w, http:\/\/vertienteglobal.com\/wp-content\/uploads\/2021\/10\/156806-768x512.jpg 768w\" sizes=\"auto, (max-width: 1024px) 100vw, 1024px\" \/><\/figure>\n\n\n\n<p>(Redacci\u00f3n)<\/p>\n\n\n\n<p>Ram\u00edrez Bedolla afirm\u00f3 que se sentar\u00e1n las bases para una &#8216;profunda transformaci\u00f3n&#8217;; garantiz\u00f3 que su gobierno estar\u00e1 cimentado en el combate a la corrupci\u00f3n, no habr\u00e1 un enfrentado con el magisterio y asegur\u00f3 que ya termin\u00f3 el mandato de un gobierno &#8216;que decidi\u00f3 la confrontaci\u00f3n&#8217; con el presidente Andr\u00e9s Manuel L\u00f3pez Obrador<\/p>\n\n\n\n<p>Morelia, Michoac\u00e1n a 01 de octubre de 2021.-Alfredo Ram\u00edrez Bedolla rindi\u00f3 protesta como gobernador del estado de Michoac\u00e1n, en un evento realizado al mediod\u00eda ante la LXXV Legislatura del congreso del estado, en el Palacio de Clavijero.<\/p>\n\n\n\n<p>Y es que en su mensaje, Ram\u00edrez Bedolla afirm\u00f3 que se sentar\u00e1n las bases para una &#8216;profunda transformaci\u00f3n&#8217;; garantiz\u00f3 que su gobierno estar\u00e1 cimentado en el combate a la corrupci\u00f3n, no habr\u00e1 un enfrentado con el magisterio y asegur\u00f3 que ya termin\u00f3 el mandato de un gobierno &#8216;que decidi\u00f3 la confrontaci\u00f3n&#8217; con el presidente Andr\u00e9s Manuel L\u00f3pez Obrador.<\/p>\n\n\n\n<p>El morenista a\u00f1adi\u00f3 que los intentaron frenar por todos los medios, no lo lograron y no los &#8216;doblaron&#8217;\u2019, al tiempo que se\u00f1al\u00f3 que la confrontaci\u00f3n entre el gobierno estatal y la federaci\u00f3n es y ha sido un obst\u00e1culo para el crecimiento de Michoac\u00e1n.&nbsp;<\/p>\n\n\n\n<p>Bedolla ocupar\u00e1 el cargo desde el 1 de octubre de 2021 y hasta el 2027, en sustituci\u00f3n de Silvano Aureoles Conejo. (Fuente: Milenio\/Pol\u00edticoMx)<\/p>\n","protected":false},"excerpt":{"rendered":"<p>(Redacci\u00f3n) Ram\u00edrez Bedolla afirm\u00f3 que se sentar\u00e1n las bases para una &#8216;profunda transformaci\u00f3n&#8217;; garantiz\u00f3 que su gobierno estar\u00e1 cimentado en el combate a la corrupci\u00f3n, no habr\u00e1 un enfrentado con el magisterio y asegur\u00f3 que ya termin\u00f3 el mandato de un gobierno &#8216;que decidi\u00f3 la confrontaci\u00f3n&#8217; con el presidente Andr\u00e9s Manuel L\u00f3pez Obrador Morelia, Michoac\u00e1n [&hellip;]<\/p>\n","protected":false},"author":1,"featured_media":189790,"comment_status":"open","ping_status":"open","sticky":false,"template":"","format":"standard","meta":{"footnotes":""},"categories":[8],"tags":[],"class_list":["post-189789","post","type-post","status-publish","format-standard","has-post-thumbnail","hentry","category-pais","entry","has-media"],"jetpack_featured_media_url":"http:\/\/vertienteglobal.com\/wp-content\/uploads\/2021\/10\/156806.jpg","_links":{"self":[{"href":"http:\/\/vertienteglobal.com\/index.php?rest_route=\/wp\/v2\/posts\/189789","targetHints":{"allow":["GET"]}}],"collection":[{"href":"http:\/\/vertienteglobal.com\/index.php?rest_route=\/wp\/v2\/posts"}],"about":[{"href":"http:\/\/vertienteglobal.com\/index.php?rest_route=\/wp\/v2\/types\/post"}],"author":[{"embeddable":true,"href":"http:\/\/vertienteglobal.com\/index.php?rest_route=\/wp\/v2\/users\/1"}],"replies":[{"embeddable":true,"href":"http:\/\/vertienteglobal.com\/index.php?rest_route=%2Fwp%2Fv2%2Fcomments&post=189789"}],"version-history":[{"count":0,"href":"http:\/\/vertienteglobal.com\/index.php?rest_route=\/wp\/v2\/posts\/189789\/revisions"}],"wp:featuredmedia":[{"embeddable":true,"href":"http:\/\/vertienteglobal.com\/index.php?rest_route=\/wp\/v2\/media\/189790"}],"wp:attachment":[{"href":"http:\/\/vertienteglobal.com\/index.php?rest_route=%2Fwp%2Fv2%2Fmedia&parent=189789"}],"wp:term":[{"taxonomy":"category","embeddable":true,"href":"http:\/\/vertienteglobal.com\/index.php?rest_route=%2Fwp%2Fv2%2Fcategories&post=189789"},{"taxonomy":"post_tag","embeddable":true,"href":"http:\/\/vertienteglobal.com\/index.php?rest_route=%2Fwp%2Fv2%2Ftags&post=189789"}],"curies":[{"name":"wp","href":"https:\/\/api.w.org\/{rel}","templated":true}]}}