{"id":189723,"date":"2021-09-30T19:41:00","date_gmt":"2021-10-01T00:41:00","guid":{"rendered":"http:\/\/vertienteglobal.com\/?p=189723"},"modified":"2021-09-30T20:03:54","modified_gmt":"2021-10-01T01:03:54","slug":"el-presidente-municipal-de-tulum-marciano-dzul-caamal-nombra-a-los-primeros-funcionarios-publicos","status":"publish","type":"post","link":"http:\/\/vertienteglobal.com\/?p=189723","title":{"rendered":"El presidente municipal de Tulum, Marciano Dzul Caamal, nombra a los primeros funcionarios p\u00fablicos"},"content":{"rendered":"\n<div class=\"twitterbutton\" style=\"float: right; padding-left: 5px;\"><a href=\"http:\/\/twitter.com\/share\" class=\"twitter-share-button\" data-count=\"horizontal\" data-text=\"El presidente municipal de Tulum, Marciano Dzul Caamal, nombra a los primeros fu...\" data-via=\"https:\/\/twitter.com\/VertienteGloba1\" data-url=\"http:\/\/vertienteglobal.com\/?p=189723\" data-lang=\"es\" data-related=\"Informaci\u00f3n general:S\u00edguenos para que est\u00e9ss informado\"><\/a><\/div>\n<figure class=\"wp-block-image size-large\"><img loading=\"lazy\" decoding=\"async\" width=\"696\" height=\"392\" src=\"http:\/\/vertienteglobal.com\/wp-content\/uploads\/2021\/09\/MARCIANO-DZUL-696x392-1.jpg\" alt=\"\" class=\"wp-image-189724\" srcset=\"http:\/\/vertienteglobal.com\/wp-content\/uploads\/2021\/09\/MARCIANO-DZUL-696x392-1.jpg 696w, http:\/\/vertienteglobal.com\/wp-content\/uploads\/2021\/09\/MARCIANO-DZUL-696x392-1-300x169.jpg 300w, http:\/\/vertienteglobal.com\/wp-content\/uploads\/2021\/09\/MARCIANO-DZUL-696x392-1-150x84.jpg 150w\" sizes=\"auto, (max-width: 696px) 100vw, 696px\" \/><\/figure>\n\n\n\n<p>(Antonio Rivera)<\/p>\n\n\n\n<p>Los regidores nombraron a Jorge Alberto Portilla M\u00e1nica, como Secretario General del Ayuntamiento; Hugo Zabaleta Aparicio, como director general de Seguridad P\u00fablica y Tr\u00e1nsito; Diego Casta\u00f1\u00f3n Trejo, como Tesorero Municipal<\/p>\n\n\n\n<p>Tulum, Quintana Roo a 30 de septiembre de 2021.-El Cabildo de Tulum design\u00f3 en su primera sesi\u00f3n ordinaria a los titulares de la Secretar\u00eda General, director de Seguridad P\u00fablica y Tr\u00e1nsito, Tesorero, Director de Ingresos, Director de Egresos, Contralor\u00eda y Director de Transparencia y protecci\u00f3n de datos personales.<\/p>\n\n\n\n<p>Y es que por unanimidad, los regidores nombraron a Jorge Alberto Portilla M\u00e1nica, como Secretario General del Ayuntamiento; Hugo Zabaleta Aparicio, como director general de Seguridad P\u00fablica y Tr\u00e1nsito; Diego Casta\u00f1\u00f3n Trejo, como Tesorero Municipal; Araceli D\u00edaz Garc\u00eda como Contralora de Tulum; Grisel Mateus Garc\u00eda como directora de Ingresos; Leny Jaqueline P\u00e9rez Salazar como directora de Egresos; y Sonia S\u00e1nchez Che como directora de Transparencia y Acceso a la Informaci\u00f3n P\u00fablica y Protecci\u00f3n de Datos Personales.<\/p>\n\n\n\n<p>As\u00edmismo, distribuyeron las Comisiones ordinarias que quedaron integradas de la siguiente manera: Hacienda, patrimonio y cuenta, Maria Teresa Arana S\u00e1nchez; Obras P\u00fablicas, Carlos Alberto Basulto; Desarrollo Urbano, Paulina Yadira Ya\u00f1ez qued\u00f3 en Turismo; Industria y comercio, Beatriz Anah\u00ed Mendoza Samos; de Educaci\u00f3n, Fani Adriana Gallegos; de Desarrollo Social, David Tah Balam.<\/p>\n\n\n\n<p>Mientras que en Anticorrupci\u00f3n qued\u00f3 Mart\u00edn Dzib Chimal; Seguridad P\u00fablica, Iv\u00e1n Alfredo Dzul Caba\u00f1as; Desarrollo Familiar y Grupos Vulnerables, Eva Rocha Gedet; y para la Comisi\u00f3n de Espect\u00e1culos y eventos qued\u00f3 V\u00edctor Mas Tah.<\/p>\n\n\n\n<p>Tambi\u00e9n se aprob\u00f3 el Nuevo reglamento de Tulum y la sesi\u00f3n concluy\u00f3 con el Informe de entrega recepci\u00f3n.<\/p>\n\n\n\n<p>El comit\u00e9 de transici\u00f3n inform\u00f3 que hubo atrasos en la instalaci\u00f3n del Comit\u00e9 de entrega recepci\u00f3n, adem\u00e1s de la negaci\u00f3n de la Tesorer\u00eda, la Contralor\u00eda y Obras p\u00fablicas para colaborar con el procedimiento.<\/p>\n\n\n\n<p>Ante estos hechos advierten la existencia de un ocultamiento doloso de informaci\u00f3n y solicita dar vista al \u00d3rgano de Control y a la Auditor\u00eda Superior del Estado.<\/p>\n\n\n\n<p>Por su parte, la s\u00edndico, Mar\u00eda Teresa A. S\u00e1nchez explic\u00f3 que es necesaria la transferencia, y en ejercicio de sus facultades propone instruir a la Contralor\u00eda Municipal para que diagnostique c\u00f3mo est\u00e1 la situaci\u00f3n del Ayuntamiento y contrate una auditor\u00eda externa para saber c\u00f3mo est\u00e1 la administraci\u00f3n p\u00fablica.<\/p>\n\n\n\n<figure class=\"wp-block-image size-large\"><img loading=\"lazy\" decoding=\"async\" width=\"696\" height=\"392\" src=\"http:\/\/vertienteglobal.com\/wp-content\/uploads\/2021\/09\/PRIMEROS-FUNCIONARIOS-PUBLICOS-696x392-1.jpg\" alt=\"\" class=\"wp-image-189725\" srcset=\"http:\/\/vertienteglobal.com\/wp-content\/uploads\/2021\/09\/PRIMEROS-FUNCIONARIOS-PUBLICOS-696x392-1.jpg 696w, http:\/\/vertienteglobal.com\/wp-content\/uploads\/2021\/09\/PRIMEROS-FUNCIONARIOS-PUBLICOS-696x392-1-300x169.jpg 300w, http:\/\/vertienteglobal.com\/wp-content\/uploads\/2021\/09\/PRIMEROS-FUNCIONARIOS-PUBLICOS-696x392-1-150x84.jpg 150w\" sizes=\"auto, (max-width: 696px) 100vw, 696px\" \/><\/figure>\n\n\n\n<figure class=\"wp-block-image size-large\"><img loading=\"lazy\" decoding=\"async\" width=\"696\" height=\"522\" src=\"http:\/\/vertienteglobal.com\/wp-content\/uploads\/2021\/09\/CABILDO-DE-TULUM-1-696x522-1.jpg\" alt=\"\" class=\"wp-image-189726\" srcset=\"http:\/\/vertienteglobal.com\/wp-content\/uploads\/2021\/09\/CABILDO-DE-TULUM-1-696x522-1.jpg 696w, http:\/\/vertienteglobal.com\/wp-content\/uploads\/2021\/09\/CABILDO-DE-TULUM-1-696x522-1-300x225.jpg 300w, http:\/\/vertienteglobal.com\/wp-content\/uploads\/2021\/09\/CABILDO-DE-TULUM-1-696x522-1-150x113.jpg 150w\" sizes=\"auto, (max-width: 696px) 100vw, 696px\" \/><\/figure>\n","protected":false},"excerpt":{"rendered":"<p>(Antonio Rivera) Los regidores nombraron a Jorge Alberto Portilla M\u00e1nica, como Secretario General del Ayuntamiento; Hugo Zabaleta Aparicio, como director general de Seguridad P\u00fablica y Tr\u00e1nsito; Diego Casta\u00f1\u00f3n Trejo, como Tesorero Municipal Tulum, Quintana Roo a 30 de septiembre de 2021.-El Cabildo de Tulum design\u00f3 en su primera sesi\u00f3n ordinaria a los titulares de la [&hellip;]<\/p>\n","protected":false},"author":1,"featured_media":189724,"comment_status":"open","ping_status":"open","sticky":false,"template":"","format":"standard","meta":{"footnotes":""},"categories":[3],"tags":[],"class_list":["post-189723","post","type-post","status-publish","format-standard","has-post-thumbnail","hentry","category-quintana-roo","entry","has-media"],"jetpack_featured_media_url":"http:\/\/vertienteglobal.com\/wp-content\/uploads\/2021\/09\/MARCIANO-DZUL-696x392-1.jpg","_links":{"self":[{"href":"http:\/\/vertienteglobal.com\/index.php?rest_route=\/wp\/v2\/posts\/189723","targetHints":{"allow":["GET"]}}],"collection":[{"href":"http:\/\/vertienteglobal.com\/index.php?rest_route=\/wp\/v2\/posts"}],"about":[{"href":"http:\/\/vertienteglobal.com\/index.php?rest_route=\/wp\/v2\/types\/post"}],"author":[{"embeddable":true,"href":"http:\/\/vertienteglobal.com\/index.php?rest_route=\/wp\/v2\/users\/1"}],"replies":[{"embeddable":true,"href":"http:\/\/vertienteglobal.com\/index.php?rest_route=%2Fwp%2Fv2%2Fcomments&post=189723"}],"version-history":[{"count":0,"href":"http:\/\/vertienteglobal.com\/index.php?rest_route=\/wp\/v2\/posts\/189723\/revisions"}],"wp:featuredmedia":[{"embeddable":true,"href":"http:\/\/vertienteglobal.com\/index.php?rest_route=\/wp\/v2\/media\/189724"}],"wp:attachment":[{"href":"http:\/\/vertienteglobal.com\/index.php?rest_route=%2Fwp%2Fv2%2Fmedia&parent=189723"}],"wp:term":[{"taxonomy":"category","embeddable":true,"href":"http:\/\/vertienteglobal.com\/index.php?rest_route=%2Fwp%2Fv2%2Fcategories&post=189723"},{"taxonomy":"post_tag","embeddable":true,"href":"http:\/\/vertienteglobal.com\/index.php?rest_route=%2Fwp%2Fv2%2Ftags&post=189723"}],"curies":[{"name":"wp","href":"https:\/\/api.w.org\/{rel}","templated":true}]}}