{"id":189494,"date":"2021-09-29T09:40:00","date_gmt":"2021-09-29T14:40:00","guid":{"rendered":"http:\/\/vertienteglobal.com\/?p=189494"},"modified":"2021-09-29T10:59:14","modified_gmt":"2021-09-29T15:59:14","slug":"por-que-el-29-de-septiembre-se-conmemora-el-dia-mundial-del-corazon","status":"publish","type":"post","link":"http:\/\/vertienteglobal.com\/?p=189494","title":{"rendered":"\u00bfPor qu\u00e9 el 29 de septiembre se conmemora el D\u00eda Mundial del Coraz\u00f3n?"},"content":{"rendered":"\n<div class=\"twitterbutton\" style=\"float: right; padding-left: 5px;\"><a href=\"http:\/\/twitter.com\/share\" class=\"twitter-share-button\" data-count=\"horizontal\" data-text=\"\u00bfPor qu\u00e9 el 29 de septiembre se conmemora el D\u00eda Mundial del Coraz\u00f3n?\" data-via=\"https:\/\/twitter.com\/VertienteGloba1\" data-url=\"http:\/\/vertienteglobal.com\/?p=189494\" data-lang=\"es\" data-related=\"Informaci\u00f3n general:S\u00edguenos para que est\u00e9ss informado\"><\/a><\/div>\n<figure class=\"wp-block-image size-large\"><img loading=\"lazy\" decoding=\"async\" width=\"1024\" height=\"681\" src=\"http:\/\/vertienteglobal.com\/wp-content\/uploads\/2021\/09\/1180083.jpg\" alt=\"\" class=\"wp-image-189495\" srcset=\"http:\/\/vertienteglobal.com\/wp-content\/uploads\/2021\/09\/1180083.jpg 1024w, http:\/\/vertienteglobal.com\/wp-content\/uploads\/2021\/09\/1180083-300x200.jpg 300w, http:\/\/vertienteglobal.com\/wp-content\/uploads\/2021\/09\/1180083-150x100.jpg 150w, http:\/\/vertienteglobal.com\/wp-content\/uploads\/2021\/09\/1180083-768x511.jpg 768w\" sizes=\"auto, (max-width: 1024px) 100vw, 1024px\" \/><\/figure>\n\n\n\n<p>(Redacci\u00f3n)<\/p>\n\n\n\n<p>Seg\u00fan datos de la Organizaci\u00f3n Mundial de la Salud, las enfermedades cardiovasculares son la principal causa de muerte en todo el planeta y puede derivarse por diferentes factores como la diabetes y obesidad<\/p>\n\n\n\n<p>Ciudad de M\u00e9xico a 29 de septiembre de 2021.-La Federaci\u00f3n Mundial del Coraz\u00f3n, en conjunto con la Organizaci\u00f3n Mundial de la Salud (OMS) y la Organizaci\u00f3n de las Naciones Unidas para la Educaci\u00f3n, la Ciencia y la Cultura (Unesco)\u00a0eligieron el\u00a029 de septiembre\u00a0como el\u00a0D\u00eda Mundial del Coraz\u00f3n\u00a0que forma parte de una iniciativa para difundir de manera masiva el conocimiento de las\u00a0enfermedades cardiovasculares, as\u00ed como su prevenci\u00f3n, control y tratamiento.<\/p>\n\n\n\n<p>Los d\u00edas&nbsp;29 de septiembre&nbsp;la OMS y la Federaci\u00f3n Mundial del Coraz\u00f3n organizan eventos en m\u00e1s de 100 pa\u00edses con el objetivo de difundir el conocimiento de los padecimientos cardiacos, tales como&nbsp;el accidente cerebrovascular (ACV) y el infarto al miocardio.<\/p>\n\n\n\n<p>Seg\u00fan datos de la Organizaci\u00f3n Mundial de la Salud, las enfermedades cardiovasculares son la principal causa de muerte en todo el planeta y puede derivarse por diferentes factores como la diabetes y obesidad.<\/p>\n\n\n\n<p>De acuerdo con expertos, durante la pandemia del COVID-19, las personas que tienen enfermedades cardiovasculares son m\u00e1s propensas a contagiarse de la enfermedad.<\/p>\n","protected":false},"excerpt":{"rendered":"<p>(Redacci\u00f3n) Seg\u00fan datos de la Organizaci\u00f3n Mundial de la Salud, las enfermedades cardiovasculares son la principal causa de muerte en todo el planeta y puede derivarse por diferentes factores como la diabetes y obesidad Ciudad de M\u00e9xico a 29 de septiembre de 2021.-La Federaci\u00f3n Mundial del Coraz\u00f3n, en conjunto con la Organizaci\u00f3n Mundial de la [&hellip;]<\/p>\n","protected":false},"author":1,"featured_media":189495,"comment_status":"open","ping_status":"open","sticky":false,"template":"","format":"standard","meta":{"footnotes":""},"categories":[8],"tags":[],"class_list":["post-189494","post","type-post","status-publish","format-standard","has-post-thumbnail","hentry","category-pais","entry","has-media"],"jetpack_featured_media_url":"http:\/\/vertienteglobal.com\/wp-content\/uploads\/2021\/09\/1180083.jpg","_links":{"self":[{"href":"http:\/\/vertienteglobal.com\/index.php?rest_route=\/wp\/v2\/posts\/189494","targetHints":{"allow":["GET"]}}],"collection":[{"href":"http:\/\/vertienteglobal.com\/index.php?rest_route=\/wp\/v2\/posts"}],"about":[{"href":"http:\/\/vertienteglobal.com\/index.php?rest_route=\/wp\/v2\/types\/post"}],"author":[{"embeddable":true,"href":"http:\/\/vertienteglobal.com\/index.php?rest_route=\/wp\/v2\/users\/1"}],"replies":[{"embeddable":true,"href":"http:\/\/vertienteglobal.com\/index.php?rest_route=%2Fwp%2Fv2%2Fcomments&post=189494"}],"version-history":[{"count":0,"href":"http:\/\/vertienteglobal.com\/index.php?rest_route=\/wp\/v2\/posts\/189494\/revisions"}],"wp:featuredmedia":[{"embeddable":true,"href":"http:\/\/vertienteglobal.com\/index.php?rest_route=\/wp\/v2\/media\/189495"}],"wp:attachment":[{"href":"http:\/\/vertienteglobal.com\/index.php?rest_route=%2Fwp%2Fv2%2Fmedia&parent=189494"}],"wp:term":[{"taxonomy":"category","embeddable":true,"href":"http:\/\/vertienteglobal.com\/index.php?rest_route=%2Fwp%2Fv2%2Fcategories&post=189494"},{"taxonomy":"post_tag","embeddable":true,"href":"http:\/\/vertienteglobal.com\/index.php?rest_route=%2Fwp%2Fv2%2Ftags&post=189494"}],"curies":[{"name":"wp","href":"https:\/\/api.w.org\/{rel}","templated":true}]}}