{"id":189342,"date":"2021-09-27T20:19:00","date_gmt":"2021-09-28T01:19:00","guid":{"rendered":"http:\/\/vertienteglobal.com\/?p=189342"},"modified":"2021-09-28T08:06:05","modified_gmt":"2021-09-28T13:06:05","slug":"lanzan-convocatoria-del-galardon-turistico-mi-veracruz-2021","status":"publish","type":"post","link":"http:\/\/vertienteglobal.com\/?p=189342","title":{"rendered":"Lanzan convocatoria del Galard\u00f3n Tur\u00edstico Mi Veracruz 2021"},"content":{"rendered":"\n<div class=\"twitterbutton\" style=\"float: right; padding-left: 5px;\"><a href=\"http:\/\/twitter.com\/share\" class=\"twitter-share-button\" data-count=\"horizontal\" data-text=\"Lanzan convocatoria del Galard\u00f3n Tur\u00edstico Mi Veracruz 2021\" data-via=\"https:\/\/twitter.com\/VertienteGloba1\" data-url=\"http:\/\/vertienteglobal.com\/?p=189342\" data-lang=\"es\" data-related=\"Informaci\u00f3n general:S\u00edguenos para que est\u00e9ss informado\"><\/a><\/div>\n<figure class=\"wp-block-image size-large\"><img loading=\"lazy\" decoding=\"async\" width=\"1024\" height=\"636\" src=\"http:\/\/vertienteglobal.com\/wp-content\/uploads\/2021\/09\/1179750.jpg\" alt=\"\" class=\"wp-image-189343\" srcset=\"http:\/\/vertienteglobal.com\/wp-content\/uploads\/2021\/09\/1179750.jpg 1024w, http:\/\/vertienteglobal.com\/wp-content\/uploads\/2021\/09\/1179750-300x186.jpg 300w, http:\/\/vertienteglobal.com\/wp-content\/uploads\/2021\/09\/1179750-150x93.jpg 150w, http:\/\/vertienteglobal.com\/wp-content\/uploads\/2021\/09\/1179750-768x477.jpg 768w\" sizes=\"auto, (max-width: 1024px) 100vw, 1024px\" \/><\/figure>\n\n\n\n<p>(Redacci\u00f3n)<\/p>\n\n\n\n<p>El galard\u00f3n premiar\u00e1 en el apartado de restaurantes al mejor en: Cocina recional, cocina nacional, cocina internacional, cocina de autor, servicio al comensal y dise\u00f1o y arquitectura<\/p>\n\n\n\n<p>Xalapa, Veracruz, a 27 de septiembre de 2021.-La Secretar\u00eda de Turismo de Veracruz lanz\u00f3 este lunes 27 de septiembre la convocatoria para el Galard\u00f3n Tur\u00edstico Mi Veracruz 2021, el cual reconoce los m\u00e1s est\u00e1ndares de calidad de los servidores de servicios tur\u00edsticos del estado.<\/p>\n\n\n\n<p>La secretaria de Turismo, X\u00f3chitl Arbes\u00fa Lago, reconoci\u00f3 que el principal beneficio que obtienen los galardonados no es econ\u00f3mico, sino en promoci\u00f3n y difusi\u00f3n en medios estatales y nacionales.<\/p>\n\n\n\n<p>\u201cSe busca reconocer a gente extraordinaria que aporta su talento y su amor, no nada m\u00e1s para atender a la gente que nos visita, sino tambi\u00e9n para labrar un nombre muy importante para el estado\u201d.<\/p>\n\n\n\n<p>En rueda de prensa, reconoci\u00f3 que en los peores momentos de la pandemia de coronavirus, se lleg\u00f3 a tener el cierre temporal de 250 hoteles en el estado, de los cuales solo ocho o nueve cerraron definitivamente sus puertas.<\/p>\n\n\n\n<p>Fue a finales del 2020 cuando se empez\u00f3 a observar en la entidad una peque\u00f1a recuperaci\u00f3n y mientras en este momento grandes destinos tur\u00edsticos como Ciudad de M\u00e9xico, Canc\u00fan, Los Cabos o Mazatl\u00e1n, tuvieron un retroceso importante en ocupaci\u00f3n hotelera, otros como Veracruz o Chiapas, que se especializaron en turismo ecol\u00f3gico, rural y de naturaleza, crecieron.<\/p>\n\n\n\n<p>Asegur\u00f3 que hoy existe la certeza de que los turistas llegan a cualquier punto del estado contentos, se van contentos y sobre todo que se van sanos.<\/p>\n\n\n\n<p>De tal suerte que se busca suba la ocupaci\u00f3n en los diferentes destinos tur\u00edsticos al cierre del a\u00f1o, y si bien esto depender\u00e1 de los sem\u00e1foros, en este momento la tercera ola va hacia abajo, gracias al trabajo conjunto de sociedad, gobierno y la conciencia de los veracruzanos.<\/p>\n\n\n\n<p>Categor\u00edas<\/p>\n\n\n\n<p>El galard\u00f3n premiar\u00e1 en el apartado de restaurantes al mejor en: Cocina recional, cocina nacional, cocina internacional, cocina de autor, servicio al comensal y dise\u00f1o y arquitectura.<\/p>\n\n\n\n<p>En el premio a los profesionales de la gastronom\u00eda se reconocer\u00e1 al Chef revelaci\u00f3n del a\u00f1o, el platillo receta original y el platillo tradicional.<\/p>\n\n\n\n<p>En el premio a la excelencia en el sector de la hoteler\u00eda se reconocer\u00e1 al mejor servicio al hu\u00e9sped, hotel familiar, hotel de negocios, hotel de aventura, hotel con buenas pr\u00e1cticas sociales y hotel boutique.<\/p>\n\n\n\n<p>En el premio a la operaci\u00f3n tur\u00edstica se reconocer\u00e1 al mejor producto tur\u00edstico y gu\u00eda tur\u00edstico.<\/p>\n\n\n\n<p>Tambi\u00e9n se reconocer\u00e1 al Pueblo M\u00e1gico m\u00e1s votado por la sociedad, entre Coatepec, Xico, Papantla, Orizaba, Coscomatepec y Zozocolco.<\/p>\n\n\n\n<p>De igual manera se entregar\u00e1 el premio al m\u00e9rito veracruzano en la gastronom\u00eda a nivel internacional.<\/p>\n\n\n\n<p>Finalmente se reconocer\u00e1 a la mejor regi\u00f3n tur\u00edstica: Huasteca, totonaca, cultura y aventura, altas monta\u00f1as, primeros pasos de cort\u00e9s, Los Tuxtlas y Olmeca.<\/p>\n\n\n\n<p>Premio mi pueblo m\u00e1gico, el mas votado<\/p>\n\n\n\n<p>El proceso de inscripciones ser\u00e1 del 1 de octubre al 1 de diciembre de 2021 y la premiaci\u00f3n se realizar\u00e1 el 16 de diciembre en el Hotel Fiesta Americana del puerto de Veracruz. (Fuente y Foto: AVC)<\/p>\n","protected":false},"excerpt":{"rendered":"<p>(Redacci\u00f3n) El galard\u00f3n premiar\u00e1 en el apartado de restaurantes al mejor en: Cocina recional, cocina nacional, cocina internacional, cocina de autor, servicio al comensal y dise\u00f1o y arquitectura Xalapa, Veracruz, a 27 de septiembre de 2021.-La Secretar\u00eda de Turismo de Veracruz lanz\u00f3 este lunes 27 de septiembre la convocatoria para el Galard\u00f3n Tur\u00edstico Mi Veracruz [&hellip;]<\/p>\n","protected":false},"author":1,"featured_media":189343,"comment_status":"open","ping_status":"open","sticky":false,"template":"","format":"standard","meta":{"footnotes":""},"categories":[7],"tags":[],"class_list":["post-189342","post","type-post","status-publish","format-standard","has-post-thumbnail","hentry","category-veracruz","entry","has-media"],"jetpack_featured_media_url":"http:\/\/vertienteglobal.com\/wp-content\/uploads\/2021\/09\/1179750.jpg","_links":{"self":[{"href":"http:\/\/vertienteglobal.com\/index.php?rest_route=\/wp\/v2\/posts\/189342","targetHints":{"allow":["GET"]}}],"collection":[{"href":"http:\/\/vertienteglobal.com\/index.php?rest_route=\/wp\/v2\/posts"}],"about":[{"href":"http:\/\/vertienteglobal.com\/index.php?rest_route=\/wp\/v2\/types\/post"}],"author":[{"embeddable":true,"href":"http:\/\/vertienteglobal.com\/index.php?rest_route=\/wp\/v2\/users\/1"}],"replies":[{"embeddable":true,"href":"http:\/\/vertienteglobal.com\/index.php?rest_route=%2Fwp%2Fv2%2Fcomments&post=189342"}],"version-history":[{"count":0,"href":"http:\/\/vertienteglobal.com\/index.php?rest_route=\/wp\/v2\/posts\/189342\/revisions"}],"wp:featuredmedia":[{"embeddable":true,"href":"http:\/\/vertienteglobal.com\/index.php?rest_route=\/wp\/v2\/media\/189343"}],"wp:attachment":[{"href":"http:\/\/vertienteglobal.com\/index.php?rest_route=%2Fwp%2Fv2%2Fmedia&parent=189342"}],"wp:term":[{"taxonomy":"category","embeddable":true,"href":"http:\/\/vertienteglobal.com\/index.php?rest_route=%2Fwp%2Fv2%2Fcategories&post=189342"},{"taxonomy":"post_tag","embeddable":true,"href":"http:\/\/vertienteglobal.com\/index.php?rest_route=%2Fwp%2Fv2%2Ftags&post=189342"}],"curies":[{"name":"wp","href":"https:\/\/api.w.org\/{rel}","templated":true}]}}