{"id":189231,"date":"2021-09-25T21:43:14","date_gmt":"2021-09-26T02:43:14","guid":{"rendered":"http:\/\/vertienteglobal.com\/?p=189231"},"modified":"2021-09-27T12:45:22","modified_gmt":"2021-09-27T17:45:22","slug":"mexico-es-el-pais-mas-caro-para-tener-un-smartphone","status":"publish","type":"post","link":"http:\/\/vertienteglobal.com\/?p=189231","title":{"rendered":"M\u00e9xico es el pa\u00eds m\u00e1s caro para tener un smartphone"},"content":{"rendered":"\n<div class=\"twitterbutton\" style=\"float: right; padding-left: 5px;\"><a href=\"http:\/\/twitter.com\/share\" class=\"twitter-share-button\" data-count=\"horizontal\" data-text=\"M\u00e9xico es el pa\u00eds m\u00e1s caro para tener un smartphone\" data-via=\"https:\/\/twitter.com\/VertienteGloba1\" data-url=\"http:\/\/vertienteglobal.com\/?p=189231\" data-lang=\"es\" data-related=\"Informaci\u00f3n general:S\u00edguenos para que est\u00e9ss informado\"><\/a><\/div>\n<figure class=\"wp-block-image size-large\"><img loading=\"lazy\" decoding=\"async\" width=\"1024\" height=\"683\" src=\"http:\/\/vertienteglobal.com\/wp-content\/uploads\/2021\/09\/156207.jpg\" alt=\"\" class=\"wp-image-189232\" srcset=\"http:\/\/vertienteglobal.com\/wp-content\/uploads\/2021\/09\/156207.jpg 1024w, http:\/\/vertienteglobal.com\/wp-content\/uploads\/2021\/09\/156207-300x200.jpg 300w, http:\/\/vertienteglobal.com\/wp-content\/uploads\/2021\/09\/156207-150x100.jpg 150w, http:\/\/vertienteglobal.com\/wp-content\/uploads\/2021\/09\/156207-768x512.jpg 768w\" sizes=\"auto, (max-width: 1024px) 100vw, 1024px\" \/><\/figure>\n\n\n\n<p>(Redacci\u00f3n)<\/p>\n\n\n\n<p>Explic\u00f3 que la pandemia tambi\u00e9n trajo consigo que en M\u00e9xico se acrecentara la brecha digital de g\u00e9nero, pues actualmente el pa\u00eds lidera en este tema en toda Latinoam\u00e9rica<\/p>\n\n\n\n<p>Ciudad de M\u00e9xico a 25 de septiembre de 2021.-M\u00e9xico se ubic\u00f3 como la naci\u00f3n en Latinoam\u00e9rica que tiene los costos m\u00e1s elevados para acceder a un tel\u00e9fono m\u00f3vil, en un contexto en donde la crisis sanitaria demanda mayor asequibilidad a los smartphones para continuar con actividades esenciales como estudios y trabajo, revel\u00f3 Lester Garc\u00eda, director de pol\u00edtica p\u00fablica, acceso y conectividad para Am\u00e9rica Latina de Facebook.<\/p>\n\n\n\n<p>\u2018En el costo de los tel\u00e9fonos m\u00f3viles somos, s\u00f3lo debajo de Uruguay, el pa\u00eds m\u00e1s caro en Latinoam\u00e9rica en acceso a dispositivos m\u00f3viles, por lo que es un tema que se tiene que trabajar\u2019, advirti\u00f3 Garc\u00eda en su participaci\u00f3n en el Foro \u2018M\u00e9xico 5G transformaci\u00f3n para el futuro digital\u2019.<\/p>\n\n\n\n<p>Por otra parte, explic\u00f3 que la pandemia tambi\u00e9n trajo consigo que en M\u00e9xico se acrecentara la brecha digital de g\u00e9nero, pues actualmente el pa\u00eds lidera en este tema en toda Latinoam\u00e9rica.<\/p>\n\n\n\n<p>\u2018En la brecha digital por g\u00e9nero, M\u00e9xico desgraciadamente est\u00e1 por encima de Latinoam\u00e9rica en este caso lo que significa que la brecha es m\u00e1s alta en el caso de M\u00e9xico, mientras que en Norteam\u00e9rica la brecha es muy peque\u00f1a y en Argentina tambi\u00e9n se mantiene con brechas bajas y eso deja un trabajo para pol\u00edticas p\u00fablicas en acceso a internet y en telefon\u00eda m\u00f3vil\u2019, coment\u00f3 el experto. (Fuente: EF)<\/p>\n","protected":false},"excerpt":{"rendered":"<p>(Redacci\u00f3n) Explic\u00f3 que la pandemia tambi\u00e9n trajo consigo que en M\u00e9xico se acrecentara la brecha digital de g\u00e9nero, pues actualmente el pa\u00eds lidera en este tema en toda Latinoam\u00e9rica Ciudad de M\u00e9xico a 25 de septiembre de 2021.-M\u00e9xico se ubic\u00f3 como la naci\u00f3n en Latinoam\u00e9rica que tiene los costos m\u00e1s elevados para acceder a un [&hellip;]<\/p>\n","protected":false},"author":1,"featured_media":189232,"comment_status":"open","ping_status":"open","sticky":false,"template":"","format":"standard","meta":{"footnotes":""},"categories":[8],"tags":[],"class_list":["post-189231","post","type-post","status-publish","format-standard","has-post-thumbnail","hentry","category-pais","entry","has-media"],"jetpack_featured_media_url":"http:\/\/vertienteglobal.com\/wp-content\/uploads\/2021\/09\/156207.jpg","_links":{"self":[{"href":"http:\/\/vertienteglobal.com\/index.php?rest_route=\/wp\/v2\/posts\/189231","targetHints":{"allow":["GET"]}}],"collection":[{"href":"http:\/\/vertienteglobal.com\/index.php?rest_route=\/wp\/v2\/posts"}],"about":[{"href":"http:\/\/vertienteglobal.com\/index.php?rest_route=\/wp\/v2\/types\/post"}],"author":[{"embeddable":true,"href":"http:\/\/vertienteglobal.com\/index.php?rest_route=\/wp\/v2\/users\/1"}],"replies":[{"embeddable":true,"href":"http:\/\/vertienteglobal.com\/index.php?rest_route=%2Fwp%2Fv2%2Fcomments&post=189231"}],"version-history":[{"count":0,"href":"http:\/\/vertienteglobal.com\/index.php?rest_route=\/wp\/v2\/posts\/189231\/revisions"}],"wp:featuredmedia":[{"embeddable":true,"href":"http:\/\/vertienteglobal.com\/index.php?rest_route=\/wp\/v2\/media\/189232"}],"wp:attachment":[{"href":"http:\/\/vertienteglobal.com\/index.php?rest_route=%2Fwp%2Fv2%2Fmedia&parent=189231"}],"wp:term":[{"taxonomy":"category","embeddable":true,"href":"http:\/\/vertienteglobal.com\/index.php?rest_route=%2Fwp%2Fv2%2Fcategories&post=189231"},{"taxonomy":"post_tag","embeddable":true,"href":"http:\/\/vertienteglobal.com\/index.php?rest_route=%2Fwp%2Fv2%2Ftags&post=189231"}],"curies":[{"name":"wp","href":"https:\/\/api.w.org\/{rel}","templated":true}]}}