{"id":188774,"date":"2021-09-14T21:19:31","date_gmt":"2021-09-15T02:19:31","guid":{"rendered":"http:\/\/vertienteglobal.com\/?p=188774"},"modified":"2021-09-15T12:22:30","modified_gmt":"2021-09-15T17:22:30","slug":"tabasco-fue-incluido-en-convocatoria-del-senado-para-renovar-magistraturas-electorales","status":"publish","type":"post","link":"http:\/\/vertienteglobal.com\/?p=188774","title":{"rendered":"Tabasco fue incluido en convocatoria del Senado para renovar magistraturas electorales"},"content":{"rendered":"\n<div class=\"twitterbutton\" style=\"float: right; padding-left: 5px;\"><a href=\"http:\/\/twitter.com\/share\" class=\"twitter-share-button\" data-count=\"horizontal\" data-text=\"Tabasco fue incluido en convocatoria del Senado para renovar magistraturas elect...\" data-via=\"https:\/\/twitter.com\/VertienteGloba1\" data-url=\"http:\/\/vertienteglobal.com\/?p=188774\" data-lang=\"es\" data-related=\"Informaci\u00f3n general:S\u00edguenos para que est\u00e9ss informado\"><\/a><\/div>\n<figure class=\"wp-block-image size-large\"><img loading=\"lazy\" decoding=\"async\" width=\"1024\" height=\"683\" src=\"http:\/\/vertienteglobal.com\/wp-content\/uploads\/2021\/09\/155240.jpg\" alt=\"\" class=\"wp-image-188776\" srcset=\"http:\/\/vertienteglobal.com\/wp-content\/uploads\/2021\/09\/155240.jpg 1024w, http:\/\/vertienteglobal.com\/wp-content\/uploads\/2021\/09\/155240-300x200.jpg 300w, http:\/\/vertienteglobal.com\/wp-content\/uploads\/2021\/09\/155240-150x100.jpg 150w, http:\/\/vertienteglobal.com\/wp-content\/uploads\/2021\/09\/155240-768x512.jpg 768w\" sizes=\"auto, (max-width: 1024px) 100vw, 1024px\" \/><\/figure>\n\n\n\n<p>(Redacci\u00f3n)<\/p>\n\n\n\n<p>Alvarado de la Cruz, estar\u00eda concluyendo el periodo de 7 a\u00f1os para el que fue electa, aunque el documento, dirigido a 18 entidades, abre la posibilidad de una ratificaci\u00f3n por un segundo per\u00edodo<\/p>\n\n\n\n<p>Ciudad de M\u00e9xico a 14 de septiembre de 2021.-El Estado de Tabasco fue inclu\u00eddo en la convocatoria emitida por el Senado para la designaci\u00f3n de Magistraturas Electorales Locales, ello porque Yolidabey Alvarado de la Cruz concluye este a\u00f1o su per\u00edodo como magistrada del Tribunal Electoral de Tabasco (TET).<\/p>\n\n\n\n<p>Alvarado de la Cruz, estar\u00eda concluyendo el periodo de 7 a\u00f1os para el que fue electa, aunque el documento, dirigido a 18 entidades, abre la posibilidad de una ratificaci\u00f3n por un segundo per\u00edodo.<\/p>\n\n\n\n<p>Adem\u00e1s tambi\u00e9n se nombrar\u00e1n magistrados en los estados de Baja California Sur, Colima, Chiapas, Ciudad de M\u00e9xico, Estado de M\u00e9xico, Guanajuato, Guerrero, Jalisco, Michoac\u00e1n, Morelos, Nayarit, Nuevo Le\u00f3n, Quer\u00e9taro, San Luis Potos\u00ed, Sonora y Yucat\u00e1n.<\/p>\n\n\n\n<p>El registro virtual para los interesados estar\u00e1 disponible desde las 8 de la ma\u00f1ana del 20 de septiembre, hasta las 5 de la tarde del d\u00eda 24 de este mismo mes.&nbsp;<\/p>\n\n\n\n<p>La Comisi\u00f3n de Justicia llevara? a cabo las comparecencias para el an\u00e1lisis de candidaturas y presentara?, a m\u00e1s tardar, el 14 de octubre del presente el dictamen y el listado de quienes re\u00fanan las condiciones de elegibilidad.<\/p>\n\n\n\n<p>Una vez recibido el listado de las candidatas y los candidatos, la Junta de Coordinaci\u00f3n Pol\u00edtica propondr\u00e1 mediante Acuerdo al Pleno de la C\u00e1mara de Senadores, a las candidatas\/candidatos que considere ser\u00e1n elegibles para cubrir los cargos de Magistrada\/Magistrado de \u00d3rgano Jurisdiccional Local en Materia Electoral, por un periodo de 7 a\u00f1os.<\/p>\n\n\n\n<figure class=\"wp-block-image size-large\"><img loading=\"lazy\" decoding=\"async\" width=\"766\" height=\"800\" src=\"http:\/\/vertienteglobal.com\/wp-content\/uploads\/2021\/09\/E_NWYOXWUAMEJ8H.jpg\" alt=\"\" class=\"wp-image-188775\" srcset=\"http:\/\/vertienteglobal.com\/wp-content\/uploads\/2021\/09\/E_NWYOXWUAMEJ8H.jpg 766w, http:\/\/vertienteglobal.com\/wp-content\/uploads\/2021\/09\/E_NWYOXWUAMEJ8H-287x300.jpg 287w, http:\/\/vertienteglobal.com\/wp-content\/uploads\/2021\/09\/E_NWYOXWUAMEJ8H-144x150.jpg 144w\" sizes=\"auto, (max-width: 766px) 100vw, 766px\" \/><\/figure>\n","protected":false},"excerpt":{"rendered":"<p>(Redacci\u00f3n) Alvarado de la Cruz, estar\u00eda concluyendo el periodo de 7 a\u00f1os para el que fue electa, aunque el documento, dirigido a 18 entidades, abre la posibilidad de una ratificaci\u00f3n por un segundo per\u00edodo Ciudad de M\u00e9xico a 14 de septiembre de 2021.-El Estado de Tabasco fue inclu\u00eddo en la convocatoria emitida por el Senado [&hellip;]<\/p>\n","protected":false},"author":1,"featured_media":188776,"comment_status":"open","ping_status":"open","sticky":false,"template":"","format":"standard","meta":{"footnotes":""},"categories":[8,5],"tags":[],"class_list":["post-188774","post","type-post","status-publish","format-standard","has-post-thumbnail","hentry","category-pais","category-tabasco","entry","has-media"],"jetpack_featured_media_url":"http:\/\/vertienteglobal.com\/wp-content\/uploads\/2021\/09\/155240.jpg","_links":{"self":[{"href":"http:\/\/vertienteglobal.com\/index.php?rest_route=\/wp\/v2\/posts\/188774","targetHints":{"allow":["GET"]}}],"collection":[{"href":"http:\/\/vertienteglobal.com\/index.php?rest_route=\/wp\/v2\/posts"}],"about":[{"href":"http:\/\/vertienteglobal.com\/index.php?rest_route=\/wp\/v2\/types\/post"}],"author":[{"embeddable":true,"href":"http:\/\/vertienteglobal.com\/index.php?rest_route=\/wp\/v2\/users\/1"}],"replies":[{"embeddable":true,"href":"http:\/\/vertienteglobal.com\/index.php?rest_route=%2Fwp%2Fv2%2Fcomments&post=188774"}],"version-history":[{"count":0,"href":"http:\/\/vertienteglobal.com\/index.php?rest_route=\/wp\/v2\/posts\/188774\/revisions"}],"wp:featuredmedia":[{"embeddable":true,"href":"http:\/\/vertienteglobal.com\/index.php?rest_route=\/wp\/v2\/media\/188776"}],"wp:attachment":[{"href":"http:\/\/vertienteglobal.com\/index.php?rest_route=%2Fwp%2Fv2%2Fmedia&parent=188774"}],"wp:term":[{"taxonomy":"category","embeddable":true,"href":"http:\/\/vertienteglobal.com\/index.php?rest_route=%2Fwp%2Fv2%2Fcategories&post=188774"},{"taxonomy":"post_tag","embeddable":true,"href":"http:\/\/vertienteglobal.com\/index.php?rest_route=%2Fwp%2Fv2%2Ftags&post=188774"}],"curies":[{"name":"wp","href":"https:\/\/api.w.org\/{rel}","templated":true}]}}