{"id":188700,"date":"2021-09-14T09:50:00","date_gmt":"2021-09-14T14:50:00","guid":{"rendered":"http:\/\/vertienteglobal.com\/?p=188700"},"modified":"2021-09-14T11:00:05","modified_gmt":"2021-09-14T16:00:05","slug":"liberaran-a-681-personas-previo-al-grito-de-independencia-segob","status":"publish","type":"post","link":"http:\/\/vertienteglobal.com\/?p=188700","title":{"rendered":"Liberar\u00e1n a 681 personas previo al Grito de Independencia: SEGOB"},"content":{"rendered":"\n<div class=\"twitterbutton\" style=\"float: right; padding-left: 5px;\"><a href=\"http:\/\/twitter.com\/share\" class=\"twitter-share-button\" data-count=\"horizontal\" data-text=\"Liberar\u00e1n a 681 personas previo al Grito de Independencia: SEGOB\" data-via=\"https:\/\/twitter.com\/VertienteGloba1\" data-url=\"http:\/\/vertienteglobal.com\/?p=188700\" data-lang=\"es\" data-related=\"Informaci\u00f3n general:S\u00edguenos para que est\u00e9ss informado\"><\/a><\/div>\n<figure class=\"wp-block-image size-large\"><img loading=\"lazy\" decoding=\"async\" width=\"800\" height=\"600\" src=\"http:\/\/vertienteglobal.com\/wp-content\/uploads\/2021\/09\/20210914_104911.jpg\" alt=\"\" class=\"wp-image-188701\" srcset=\"http:\/\/vertienteglobal.com\/wp-content\/uploads\/2021\/09\/20210914_104911.jpg 800w, http:\/\/vertienteglobal.com\/wp-content\/uploads\/2021\/09\/20210914_104911-300x225.jpg 300w, http:\/\/vertienteglobal.com\/wp-content\/uploads\/2021\/09\/20210914_104911-150x113.jpg 150w, http:\/\/vertienteglobal.com\/wp-content\/uploads\/2021\/09\/20210914_104911-768x576.jpg 768w\" sizes=\"auto, (max-width: 800px) 100vw, 800px\" \/><\/figure>\n\n\n\n<p>(Redacci\u00f3n)<\/p>\n\n\n\n<p>Anuncia el titular de la Segob, Ad\u00e1n Augusto L\u00f3pez, que estos reclusos cumplieron con requisitos para ser beneficiados con preliberaci\u00f3n; se analizan 4,233 expedientes<\/p>\n\n\n\n<p>Ciudad de M\u00e9xico a 14 de septiembre de 2021.-En el marco de las fiestas patrias, el Gobierno federal anunci\u00f3 que este 15 de septiembre 681 personas privadas de su libertad de manera injusta ser\u00e1n beneficiados, por decreto presidencial, con su preliberaci\u00f3n.<\/p>\n\n\n\n<p>Y es que desde Palacio Nacional, el secretario de Gobernaci\u00f3n, Ad\u00e1n Augusto L\u00f3pez, explic\u00f3 que el d\u00eda de ma\u00f1ana este n\u00famero de personas, de distintas entidades del pa\u00eds, ser\u00e1n preliberadas debido a que cumplieron con los requisitos previstos en la ley, e inform\u00f3 que jueces y autoridades correspondientes ya cuentan 4 mil 233 expedientes para su an\u00e1lisis.<\/p>\n\n\n\n<p>\u201cDichos expedientes ya fueron entregados a los jueces competentes, al Consejo de la Judicatura, al Instituto de Defensor\u00eda P\u00fablica y a la FGR, seg\u00fan corresponda cada caso, por lo que confiamos en que ser\u00e1n resueltos gradualmente para que las personas puedan obtener su libertad\u201d, dijo.<\/p>\n\n\n\n<p>De acuerdo con el Gobierno federal, las 681 personas que ser\u00e1n preliberadas en penales estatales y federales se distribuyen de la siguiente manera:<\/p>\n\n\n\n<p>Baja California 63<br>Baja California Sur 10<br>Chiapas 198<br>Ciudad de M\u00e9xico 40<br>Colima 13<br>Durango 100<br>Nayarit 30<br>Oaxaca 48<br>San Luis Potos\u00ed 7<br>Sinaloa 15<br>Tabasco 12<br>Veracruz 50<br>Zacatecas 57<br>Penales federales 36<br>Total 681.<\/p>\n\n\n\n<p>L\u00f3pez Hern\u00e1ndez inform\u00f3 que con estas preliberaciones se abona a la consolidaci\u00f3n de instrumentos legales y al proceso de transformaci\u00f3n impulsado por el actual gobierno, \u201ctodo bajo una perspectiva humanista y de justicia\u201d.<\/p>\n\n\n\n<p>Aclar\u00f3 adem\u00e1s que quienes no pueden ser beneficiado son aquellas personas en prisi\u00f3n por delitos contra el libre desarrollo de la personalidad, por trata de personas, por delincuencia organizada, secuestro o cualquier delito que requiera prisi\u00f3n preventiva oficiosa, que, la mayor\u00eda, es del fuero federal<\/p>\n\n\n\n<p>Por su parte, el presidente Andr\u00e9s Manuel L\u00f3pez Obrador celebr\u00f3 esta acci\u00f3n y asegur\u00f3 que la preliberaci\u00f3n de estas 681 personas es \u201capenas el inicio\u201d, pues a\u00fan hay m\u00e1s de 4mil expedientes a revisi\u00f3n. (Fuente: Exc\u00e9lsior)<\/p>\n","protected":false},"excerpt":{"rendered":"<p>(Redacci\u00f3n) Anuncia el titular de la Segob, Ad\u00e1n Augusto L\u00f3pez, que estos reclusos cumplieron con requisitos para ser beneficiados con preliberaci\u00f3n; se analizan 4,233 expedientes Ciudad de M\u00e9xico a 14 de septiembre de 2021.-En el marco de las fiestas patrias, el Gobierno federal anunci\u00f3 que este 15 de septiembre 681 personas privadas de su libertad [&hellip;]<\/p>\n","protected":false},"author":1,"featured_media":188701,"comment_status":"open","ping_status":"open","sticky":false,"template":"","format":"standard","meta":{"footnotes":""},"categories":[8],"tags":[],"class_list":["post-188700","post","type-post","status-publish","format-standard","has-post-thumbnail","hentry","category-pais","entry","has-media"],"jetpack_featured_media_url":"http:\/\/vertienteglobal.com\/wp-content\/uploads\/2021\/09\/20210914_104911.jpg","_links":{"self":[{"href":"http:\/\/vertienteglobal.com\/index.php?rest_route=\/wp\/v2\/posts\/188700","targetHints":{"allow":["GET"]}}],"collection":[{"href":"http:\/\/vertienteglobal.com\/index.php?rest_route=\/wp\/v2\/posts"}],"about":[{"href":"http:\/\/vertienteglobal.com\/index.php?rest_route=\/wp\/v2\/types\/post"}],"author":[{"embeddable":true,"href":"http:\/\/vertienteglobal.com\/index.php?rest_route=\/wp\/v2\/users\/1"}],"replies":[{"embeddable":true,"href":"http:\/\/vertienteglobal.com\/index.php?rest_route=%2Fwp%2Fv2%2Fcomments&post=188700"}],"version-history":[{"count":0,"href":"http:\/\/vertienteglobal.com\/index.php?rest_route=\/wp\/v2\/posts\/188700\/revisions"}],"wp:featuredmedia":[{"embeddable":true,"href":"http:\/\/vertienteglobal.com\/index.php?rest_route=\/wp\/v2\/media\/188701"}],"wp:attachment":[{"href":"http:\/\/vertienteglobal.com\/index.php?rest_route=%2Fwp%2Fv2%2Fmedia&parent=188700"}],"wp:term":[{"taxonomy":"category","embeddable":true,"href":"http:\/\/vertienteglobal.com\/index.php?rest_route=%2Fwp%2Fv2%2Fcategories&post=188700"},{"taxonomy":"post_tag","embeddable":true,"href":"http:\/\/vertienteglobal.com\/index.php?rest_route=%2Fwp%2Fv2%2Ftags&post=188700"}],"curies":[{"name":"wp","href":"https:\/\/api.w.org\/{rel}","templated":true}]}}