{"id":188621,"date":"2021-09-13T12:56:00","date_gmt":"2021-09-13T17:56:00","guid":{"rendered":"http:\/\/vertienteglobal.com\/?p=188621"},"modified":"2021-09-13T17:03:47","modified_gmt":"2021-09-13T22:03:47","slug":"conmemoran-en-benito-juarez-174-aniversario-de-la-gesta-heroica-de-los-ninos-heroes","status":"publish","type":"post","link":"http:\/\/vertienteglobal.com\/?p=188621","title":{"rendered":"Conmemoran en Benito Ju\u00e1rez 174 aniversario de la gesta heroica de los Ni\u00f1os H\u00e9roes"},"content":{"rendered":"\n<div class=\"twitterbutton\" style=\"float: right; padding-left: 5px;\"><a href=\"http:\/\/twitter.com\/share\" class=\"twitter-share-button\" data-count=\"horizontal\" data-text=\"Conmemoran en Benito Ju\u00e1rez 174 aniversario de la gesta heroica de los Ni\u00f1os H...\" data-via=\"https:\/\/twitter.com\/VertienteGloba1\" data-url=\"http:\/\/vertienteglobal.com\/?p=188621\" data-lang=\"es\" data-related=\"Informaci\u00f3n general:S\u00edguenos para que est\u00e9ss informado\"><\/a><\/div>\n<figure class=\"wp-block-image size-large\"><img loading=\"lazy\" decoding=\"async\" width=\"1024\" height=\"626\" src=\"http:\/\/vertienteglobal.com\/wp-content\/uploads\/2021\/09\/01_COMUNICADO-3066_CONMEMORAN-EN-BENITO-JUAREZ-174-ANIVERSARIO-DE-LA-GESTA-HEROICA-DE-LOS-NINOS-HEROES-1024x626.jpeg\" alt=\"\" class=\"wp-image-188622\" srcset=\"http:\/\/vertienteglobal.com\/wp-content\/uploads\/2021\/09\/01_COMUNICADO-3066_CONMEMORAN-EN-BENITO-JUAREZ-174-ANIVERSARIO-DE-LA-GESTA-HEROICA-DE-LOS-NINOS-HEROES-1024x626.jpeg 1024w, http:\/\/vertienteglobal.com\/wp-content\/uploads\/2021\/09\/01_COMUNICADO-3066_CONMEMORAN-EN-BENITO-JUAREZ-174-ANIVERSARIO-DE-LA-GESTA-HEROICA-DE-LOS-NINOS-HEROES-300x184.jpeg 300w, http:\/\/vertienteglobal.com\/wp-content\/uploads\/2021\/09\/01_COMUNICADO-3066_CONMEMORAN-EN-BENITO-JUAREZ-174-ANIVERSARIO-DE-LA-GESTA-HEROICA-DE-LOS-NINOS-HEROES-150x92.jpeg 150w, http:\/\/vertienteglobal.com\/wp-content\/uploads\/2021\/09\/01_COMUNICADO-3066_CONMEMORAN-EN-BENITO-JUAREZ-174-ANIVERSARIO-DE-LA-GESTA-HEROICA-DE-LOS-NINOS-HEROES-768x470.jpeg 768w, http:\/\/vertienteglobal.com\/wp-content\/uploads\/2021\/09\/01_COMUNICADO-3066_CONMEMORAN-EN-BENITO-JUAREZ-174-ANIVERSARIO-DE-LA-GESTA-HEROICA-DE-LOS-NINOS-HEROES.jpeg 1280w\" sizes=\"auto, (max-width: 1024px) 100vw, 1024px\" \/><\/figure>\n\n\n\n<p>(Redacci\u00f3n)<\/p>\n\n\n\n<p>Mara Lezama destac\u00f3 la gran valent\u00eda de Vicente Su\u00e1rez, Juan de la Barrera, Francisco M\u00e1rquez, Agust\u00edn Melgar, Fernando Montes de Oca y Juan Escutia, h\u00e9roes nacionales, que entregaron su vida en protecci\u00f3n de la soberan\u00eda de M\u00e9xico<\/p>\n\n\n\n<p>Canc\u00fan, Quintana Roo, a 13 de septiembre de 2021.- Autoridades del Ayuntamiento de Benito Ju\u00e1rez, la Guarnici\u00f3n Militar y el 64 Batall\u00f3n de Infanter\u00eda llevaron a cabo la ceremonia de conmemoraci\u00f3n del 174 Aniversario de la Gesta Heroica de los Ni\u00f1os H\u00e9roes de Chapultepec, al pie del Monumento a los Ni\u00f1os H\u00e9roes.<\/p>\n\n\n\n<p>Al encabezar el evento c\u00edvico, la Presidenta Municipal Mara Lezama destac\u00f3 la gran valent\u00eda de Vicente Su\u00e1rez, Juan de la Barrera, Francisco M\u00e1rquez, Agust\u00edn Melgar, Fernando Montes de Oca y Juan Escutia, h\u00e9roes nacionales, que entregaron su vida en protecci\u00f3n de la soberan\u00eda de M\u00e9xico.<\/p>\n\n\n\n<p>\u201cHoy conmemoramos el sacrificio de estos h\u00e9roes, a quienes la batalla no les fue impuesta y, siendo apenas ni\u00f1os y j\u00f3venes, con un alto sentido del honor y amor a la patria, defendieron a M\u00e9xico, defendieron tambi\u00e9n el derecho a la libertad que hoy gozamos, como una naci\u00f3n soberana\u201d, expres\u00f3.<\/p>\n\n\n\n<p>Adem\u00e1s, record\u00f3 que estos reconocidos h\u00e9roes nacionales han dejado un legado de lucha por la libertad, la cual corresponde a las generaciones actuales proteger y mantener al pa\u00eds como una tierra donde imperen el honor, la unidad, la solidaridad y la justicia.<\/p>\n\n\n\n<p>\u201cS\u00f3lo en el recuerdo y la honra de nuestra historia patria, podremos encontrar el camino presente, para que juntas y juntos, construyamos la historia del Canc\u00fan, de los pr\u00f3ximos 50 a\u00f1os\u201d.<\/p>\n\n\n\n<p>Por su parte, el General Brigadier D.E.M., Jos\u00e9 Luis Bucio Quiroz, Comandante de la Guarnici\u00f3n Militar de Canc\u00fan, reconoci\u00f3 el esfuerzo de los elementos del Ej\u00e9rcito Mexicano, la Fuerza \u00c1erea, la Guardia Nacional y la Armada de M\u00e9xico, que velan por la seguridad de las y los mexicanos.<\/p>\n\n\n\n<p>Asimismo, con la bandera a media asta, una secci\u00f3n de fusileros pertenecientes al 64 Batall\u00f3n de Infanter\u00eda ejecut\u00f3 una salva de honor, la cual forma parte de los honores militares realizadas a todos los hijos de la patria quienes han ofrendado su vida en el cumplimiento de su deber visti\u00e9ndose de gloria<\/p>\n\n\n\n<p>Durante el evento, la banda de m\u00fasica del Ayuntamiento de Benito Ju\u00e1rez acompa\u00f1\u00f3 con la entonaci\u00f3n del Himno a Quintana Roo; de la misma forma, se cantaron los himnos Nacional Mexicano y del Heroico Cuerpo Militar.<\/p>\n\n\n\n<p>Al concluir el acto protocolario, las autoridades presentes colocaron una ofrenda floral en el monumento que lleva el nombre de los seis ni\u00f1os h\u00e9roes que arriesgaron su vida en misi\u00f3n de proteger a M\u00e9xico del ej\u00e9rcito invasor, tanto en honor a ellos, como a quienes han perdido la vida a causa de la pandemia de COVID-19.<\/p>\n","protected":false},"excerpt":{"rendered":"<p>(Redacci\u00f3n) Mara Lezama destac\u00f3 la gran valent\u00eda de Vicente Su\u00e1rez, Juan de la Barrera, Francisco M\u00e1rquez, Agust\u00edn Melgar, Fernando Montes de Oca y Juan Escutia, h\u00e9roes nacionales, que entregaron su vida en protecci\u00f3n de la soberan\u00eda de M\u00e9xico Canc\u00fan, Quintana Roo, a 13 de septiembre de 2021.- Autoridades del Ayuntamiento de Benito Ju\u00e1rez, la Guarnici\u00f3n [&hellip;]<\/p>\n","protected":false},"author":1,"featured_media":188622,"comment_status":"open","ping_status":"open","sticky":false,"template":"","format":"standard","meta":{"footnotes":""},"categories":[3],"tags":[],"class_list":["post-188621","post","type-post","status-publish","format-standard","has-post-thumbnail","hentry","category-quintana-roo","entry","has-media"],"jetpack_featured_media_url":"http:\/\/vertienteglobal.com\/wp-content\/uploads\/2021\/09\/01_COMUNICADO-3066_CONMEMORAN-EN-BENITO-JUAREZ-174-ANIVERSARIO-DE-LA-GESTA-HEROICA-DE-LOS-NINOS-HEROES.jpeg","_links":{"self":[{"href":"http:\/\/vertienteglobal.com\/index.php?rest_route=\/wp\/v2\/posts\/188621","targetHints":{"allow":["GET"]}}],"collection":[{"href":"http:\/\/vertienteglobal.com\/index.php?rest_route=\/wp\/v2\/posts"}],"about":[{"href":"http:\/\/vertienteglobal.com\/index.php?rest_route=\/wp\/v2\/types\/post"}],"author":[{"embeddable":true,"href":"http:\/\/vertienteglobal.com\/index.php?rest_route=\/wp\/v2\/users\/1"}],"replies":[{"embeddable":true,"href":"http:\/\/vertienteglobal.com\/index.php?rest_route=%2Fwp%2Fv2%2Fcomments&post=188621"}],"version-history":[{"count":0,"href":"http:\/\/vertienteglobal.com\/index.php?rest_route=\/wp\/v2\/posts\/188621\/revisions"}],"wp:featuredmedia":[{"embeddable":true,"href":"http:\/\/vertienteglobal.com\/index.php?rest_route=\/wp\/v2\/media\/188622"}],"wp:attachment":[{"href":"http:\/\/vertienteglobal.com\/index.php?rest_route=%2Fwp%2Fv2%2Fmedia&parent=188621"}],"wp:term":[{"taxonomy":"category","embeddable":true,"href":"http:\/\/vertienteglobal.com\/index.php?rest_route=%2Fwp%2Fv2%2Fcategories&post=188621"},{"taxonomy":"post_tag","embeddable":true,"href":"http:\/\/vertienteglobal.com\/index.php?rest_route=%2Fwp%2Fv2%2Ftags&post=188621"}],"curies":[{"name":"wp","href":"https:\/\/api.w.org\/{rel}","templated":true}]}}