{"id":188389,"date":"2021-09-09T13:36:00","date_gmt":"2021-09-09T18:36:00","guid":{"rendered":"http:\/\/vertienteglobal.com\/?p=188389"},"modified":"2021-09-09T23:38:41","modified_gmt":"2021-09-10T04:38:41","slug":"abatir-la-inseguridad-de-tulum-principal-preocupacion-marciano-dzul-caamal","status":"publish","type":"post","link":"http:\/\/vertienteglobal.com\/?p=188389","title":{"rendered":"Abatir la inseguridad de Tulum, principal preocupaci\u00f3n Marciano Dzul Caamal"},"content":{"rendered":"\n<div class=\"twitterbutton\" style=\"float: right; padding-left: 5px;\"><a href=\"http:\/\/twitter.com\/share\" class=\"twitter-share-button\" data-count=\"horizontal\" data-text=\"Abatir la inseguridad de Tulum, principal preocupaci\u00f3n Marciano Dzul Caamal\" data-via=\"https:\/\/twitter.com\/VertienteGloba1\" data-url=\"http:\/\/vertienteglobal.com\/?p=188389\" data-lang=\"es\" data-related=\"Informaci\u00f3n general:S\u00edguenos para que est\u00e9ss informado\"><\/a><\/div>\n<figure class=\"wp-block-image size-large\"><img loading=\"lazy\" decoding=\"async\" width=\"800\" height=\"600\" src=\"http:\/\/vertienteglobal.com\/wp-content\/uploads\/2021\/09\/20210909_190240.jpg\" alt=\"\" class=\"wp-image-188390\" srcset=\"http:\/\/vertienteglobal.com\/wp-content\/uploads\/2021\/09\/20210909_190240.jpg 800w, http:\/\/vertienteglobal.com\/wp-content\/uploads\/2021\/09\/20210909_190240-300x225.jpg 300w, http:\/\/vertienteglobal.com\/wp-content\/uploads\/2021\/09\/20210909_190240-150x113.jpg 150w, http:\/\/vertienteglobal.com\/wp-content\/uploads\/2021\/09\/20210909_190240-768x576.jpg 768w\" sizes=\"auto, (max-width: 800px) 100vw, 800px\" \/><\/figure>\n\n\n\n<p>(Redacci\u00f3n)<\/p>\n\n\n\n<p>Reafirm\u00f3 que Jorge Portilla M\u00e1nica ser\u00e1 el secretario de Gobierno; Antonio Miranda estar\u00e1 en la Oficial\u00eda Mayor; y Lorenzo Miranda en la Tesorer\u00eda<\/p>\n\n\n\n<p>Chetumal, Quintqna Roo a 09 de septiembre de 2021.- El presidente municipal electo de Tulum, Marciano Dzul Caamal, dejo en claro que abatir la inseguridad es el primer y principal preocupaci\u00f3n de su futura administraci\u00f3n, as\u00ed como los dem\u00e1s rubros se ir\u00e1n resolviendo a su debido tiempo.<\/p>\n\n\n\n<p>Y es que entrevistado por diversos medios de comunicaci\u00f3n, acerca de las deficiencias en cuanto a drenaje y agua potable en el noveno municipio, el edil elecyo se\u00f1al\u00f3 que se trata de una atribuci\u00f3n de la Comisi\u00f3n de Agua Potable y Alcantarillado (CAPA) que revisar\u00e1n en cuanto asuma el poder.<\/p>\n\n\n\n<p>Dijo que en caso que la paraestatal no pueda resolverlo, puede delegar esta atribuci\u00f3n al municipio para que ellos sean quienes atiendan el problema.<\/p>\n\n\n\n<p>Por lo que aclar\u00f3 que est\u00e1 en espera de los tiempos para asumir, y que en cuanto arranque su administraci\u00f3n, lo primero que atender\u00e1n ser\u00e1 la inseguridad.<\/p>\n\n\n\n<p>Afirmo: \u00abLo que no quiero es retrasarme en temas que debemos atender, como la seguridad, que es lo principal. Todo lo dem\u00e1s que siga se ir\u00e1 solucion\u00e1ndose a su tiempo\u201d.<\/p>\n\n\n\n<p>Detall\u00f3 que ya est\u00e1n instaladas las comisiones de transici\u00f3n para el proceso de entrega-recepci\u00f3n, donde han visto apertura.<\/p>\n\n\n\n<p>El alcalde electo dejo en claro que, \u00e9l no ha sostenido un encuentro con el edil saliente, V\u00edctor Mas Tah, y ni siquiera est\u00e1 invitado, de momento, a su tercer informe, hecho que no le incomoda, pues dice respetar al todav\u00eda alcalde, quien es quien decide si hay acercamiento o no.<\/p>\n\n\n\n<p>Marciano Dzul Caamal, sostuvo que \u00e9l seguir\u00e1 los tiempos legales para comenzar a gobernar.<\/p>\n\n\n\n<p>Tambien rechaz\u00f3 que esto se deba a \u201crencores\u201d, luego de una contienda electoral marcada por la \u201cguerra sucia\u201d, al indicar que finalmente cada quien responder\u00e1 por lo que hizo o har\u00e1.<\/p>\n\n\n\n<p>Por \u00faltimo y en cuanto a su futuro gobierno, reiter\u00f3 que Jorge Portilla M\u00e1nica ser\u00e1 el secretario de Gobierno; Antonio Miranda estar\u00e1 en la Oficial\u00eda Mayor; y Lorenzo Miranda en la Tesorer\u00eda.<\/p>\n","protected":false},"excerpt":{"rendered":"<p>(Redacci\u00f3n) Reafirm\u00f3 que Jorge Portilla M\u00e1nica ser\u00e1 el secretario de Gobierno; Antonio Miranda estar\u00e1 en la Oficial\u00eda Mayor; y Lorenzo Miranda en la Tesorer\u00eda Chetumal, Quintqna Roo a 09 de septiembre de 2021.- El presidente municipal electo de Tulum, Marciano Dzul Caamal, dejo en claro que abatir la inseguridad es el primer y principal preocupaci\u00f3n [&hellip;]<\/p>\n","protected":false},"author":1,"featured_media":188390,"comment_status":"open","ping_status":"open","sticky":false,"template":"","format":"standard","meta":{"footnotes":""},"categories":[3],"tags":[],"class_list":["post-188389","post","type-post","status-publish","format-standard","has-post-thumbnail","hentry","category-quintana-roo","entry","has-media"],"jetpack_featured_media_url":"http:\/\/vertienteglobal.com\/wp-content\/uploads\/2021\/09\/20210909_190240.jpg","_links":{"self":[{"href":"http:\/\/vertienteglobal.com\/index.php?rest_route=\/wp\/v2\/posts\/188389","targetHints":{"allow":["GET"]}}],"collection":[{"href":"http:\/\/vertienteglobal.com\/index.php?rest_route=\/wp\/v2\/posts"}],"about":[{"href":"http:\/\/vertienteglobal.com\/index.php?rest_route=\/wp\/v2\/types\/post"}],"author":[{"embeddable":true,"href":"http:\/\/vertienteglobal.com\/index.php?rest_route=\/wp\/v2\/users\/1"}],"replies":[{"embeddable":true,"href":"http:\/\/vertienteglobal.com\/index.php?rest_route=%2Fwp%2Fv2%2Fcomments&post=188389"}],"version-history":[{"count":0,"href":"http:\/\/vertienteglobal.com\/index.php?rest_route=\/wp\/v2\/posts\/188389\/revisions"}],"wp:featuredmedia":[{"embeddable":true,"href":"http:\/\/vertienteglobal.com\/index.php?rest_route=\/wp\/v2\/media\/188390"}],"wp:attachment":[{"href":"http:\/\/vertienteglobal.com\/index.php?rest_route=%2Fwp%2Fv2%2Fmedia&parent=188389"}],"wp:term":[{"taxonomy":"category","embeddable":true,"href":"http:\/\/vertienteglobal.com\/index.php?rest_route=%2Fwp%2Fv2%2Fcategories&post=188389"},{"taxonomy":"post_tag","embeddable":true,"href":"http:\/\/vertienteglobal.com\/index.php?rest_route=%2Fwp%2Fv2%2Ftags&post=188389"}],"curies":[{"name":"wp","href":"https:\/\/api.w.org\/{rel}","templated":true}]}}