{"id":188252,"date":"2021-09-05T17:24:00","date_gmt":"2021-09-05T22:24:00","guid":{"rendered":"http:\/\/vertienteglobal.com\/?p=188252"},"modified":"2021-09-05T19:26:45","modified_gmt":"2021-09-06T00:26:45","slug":"gobierno-de-benito-juarez-pondera-bienestar-de-familias","status":"publish","type":"post","link":"http:\/\/vertienteglobal.com\/?p=188252","title":{"rendered":"Gobierno de Benito Ju\u00e1rez pondera bienestar de familias"},"content":{"rendered":"\n<div class=\"twitterbutton\" style=\"float: right; padding-left: 5px;\"><a href=\"http:\/\/twitter.com\/share\" class=\"twitter-share-button\" data-count=\"horizontal\" data-text=\"Gobierno de Benito Ju\u00e1rez pondera bienestar de familias\" data-via=\"https:\/\/twitter.com\/VertienteGloba1\" data-url=\"http:\/\/vertienteglobal.com\/?p=188252\" data-lang=\"es\" data-related=\"Informaci\u00f3n general:S\u00edguenos para que est\u00e9ss informado\"><\/a><\/div>\n<figure class=\"wp-block-image size-large\"><img loading=\"lazy\" decoding=\"async\" width=\"768\" height=\"512\" src=\"http:\/\/vertienteglobal.com\/wp-content\/uploads\/2021\/09\/WhatsApp-Image-2021-09-05-at-4.49.57-PM-768x512-1.jpeg\" alt=\"\" class=\"wp-image-188253\" srcset=\"http:\/\/vertienteglobal.com\/wp-content\/uploads\/2021\/09\/WhatsApp-Image-2021-09-05-at-4.49.57-PM-768x512-1.jpeg 768w, http:\/\/vertienteglobal.com\/wp-content\/uploads\/2021\/09\/WhatsApp-Image-2021-09-05-at-4.49.57-PM-768x512-1-300x200.jpeg 300w, http:\/\/vertienteglobal.com\/wp-content\/uploads\/2021\/09\/WhatsApp-Image-2021-09-05-at-4.49.57-PM-768x512-1-150x100.jpeg 150w\" sizes=\"auto, (max-width: 768px) 100vw, 768px\" \/><\/figure>\n\n\n\n<p>(Redacci\u00f3n)<\/p>\n\n\n\n<p><\/p>\n\n\n\n<p>Canc\u00fan, Quintana Roo a 05 de septiembre de 2021.- El gobierno de Benito Ju\u00e1rez genera bienestar para las familias al mantener estrategias vinculadas al mejoramiento de la calidad de vida y su entorno, as\u00ed como para la promoci\u00f3n de empleo y condiciones que les permitan generar ingresos y cubrir sus necesidades b\u00e1sicas.<\/p>\n\n\n\n<p>Y es que entrevistada al respecto, la Presidenta Municipal Mara Lezama record\u00f3 que ha sido una prioridad para su gobierno poner al centro de las decisiones a los benitojuarenses, por eso las acciones han sido para intervenir socialmente con el objetivo de lograr una transformaci\u00f3n, como la remodelaci\u00f3n de Puerto Ju\u00e1rez y el fortalecimiento de la red de drenaje en la Supermanzana 227.<\/p>\n\n\n\n<p>Asimismo se focalizan los esfuerzos p\u00fablicos en promover modalidades de capacitaci\u00f3n para beneficiar a mujeres y hombres con herramientas que les permitan aprender oficios para iniciar su propio negocio y as\u00ed contribuir en el gasto familiar.<\/p>\n\n\n\n<p>En el tema de capacitaci\u00f3n, en los nueve Centros de Desarrollo Comunitario (CDC) a cargo de la direcci\u00f3n de Desarrollo Social, ubicados en las supermanzanas 77, 99, 101, 103, 217, 220, 228, 236 y 510, se imparten talleres de actividades de autoempleo como: corte y confecci\u00f3n, belleza, colocaci\u00f3n de u\u00f1as postizas, barber\u00eda, bisuter\u00eda, entre otros, con una duraci\u00f3n aproximada de tres meses cada uno.<\/p>\n\n\n\n<p>La Presidenta Municipal explic\u00f3 que por el tema de la pandemia, en 2020 se suspendieron los cursos durante los meses del confinamiento, sin embargo una vez que as\u00ed lo permiti\u00f3 el Sem\u00e1foro Epidemiol\u00f3gico Estatal, \u00e9stos se retomaron desde octubre pasado con todos los protocolos sanitarios para recibir a los alumnos interesados.<\/p>\n\n\n\n<p>Tales cuidados tanto para instructores como para ciudadanos son: filtro sanitario en la entrada, grupos reducidos, maestros capacitados en el tema de medidas de higiene y con certificados de vacunas, as\u00ed como realizaci\u00f3n de actividades f\u00edsicas al aire libre.<\/p>\n\n\n\n<p>Mara Lezama expres\u00f3 que a ello se suman los exitosos programas de fomento al empleo a trav\u00e9s de la Direcci\u00f3n de Desarrollo Econ\u00f3mico, como son las diferentes modalidades del programa \u201c\u00a1Ven y Empl\u00e9ate!\u201d tanto de manera presencial como en l\u00ednea o en oficina, que vinculan a las empresas con los buscadores para que accedan a un espacio laboral fijo.<\/p>\n\n\n\n<p>Destac\u00f3 que se han tenido jornadas espec\u00edficas para ofrecer vacantes a ciertos grupos poblacionales como j\u00f3venes, personas con discapacidad, mujeres y adultos mayores, mientras que por otro lado las opciones digitales como \u201cEmpl\u00e9ate Web\u201d y el subprograma \u201cEmpl\u00e9ame\u201d est\u00e1n al alcance de los usuarios de un dispositivo m\u00f3vil como una tableta, tel\u00e9fono celular y computadora, con lo que se reducen contactos para prevenir el COVID-19.<\/p>\n\n\n\n<figure class=\"wp-block-image size-large\"><img loading=\"lazy\" decoding=\"async\" width=\"768\" height=\"427\" src=\"http:\/\/vertienteglobal.com\/wp-content\/uploads\/2021\/09\/WhatsApp-Image-2021-09-05-at-4.49.57-PM-1-768x427-1.jpeg\" alt=\"\" class=\"wp-image-188254\" srcset=\"http:\/\/vertienteglobal.com\/wp-content\/uploads\/2021\/09\/WhatsApp-Image-2021-09-05-at-4.49.57-PM-1-768x427-1.jpeg 768w, http:\/\/vertienteglobal.com\/wp-content\/uploads\/2021\/09\/WhatsApp-Image-2021-09-05-at-4.49.57-PM-1-768x427-1-300x167.jpeg 300w, http:\/\/vertienteglobal.com\/wp-content\/uploads\/2021\/09\/WhatsApp-Image-2021-09-05-at-4.49.57-PM-1-768x427-1-150x83.jpeg 150w\" sizes=\"auto, (max-width: 768px) 100vw, 768px\" \/><\/figure>\n\n\n\n<figure class=\"wp-block-image size-large\"><img loading=\"lazy\" decoding=\"async\" width=\"768\" height=\"492\" src=\"http:\/\/vertienteglobal.com\/wp-content\/uploads\/2021\/09\/WhatsApp-Image-2021-09-05-at-4.49.58-PM-768x492-1.jpeg\" alt=\"\" class=\"wp-image-188255\" srcset=\"http:\/\/vertienteglobal.com\/wp-content\/uploads\/2021\/09\/WhatsApp-Image-2021-09-05-at-4.49.58-PM-768x492-1.jpeg 768w, http:\/\/vertienteglobal.com\/wp-content\/uploads\/2021\/09\/WhatsApp-Image-2021-09-05-at-4.49.58-PM-768x492-1-300x192.jpeg 300w, http:\/\/vertienteglobal.com\/wp-content\/uploads\/2021\/09\/WhatsApp-Image-2021-09-05-at-4.49.58-PM-768x492-1-150x96.jpeg 150w\" sizes=\"auto, (max-width: 768px) 100vw, 768px\" \/><\/figure>\n","protected":false},"excerpt":{"rendered":"<p>(Redacci\u00f3n) Canc\u00fan, Quintana Roo a 05 de septiembre de 2021.- El gobierno de Benito Ju\u00e1rez genera bienestar para las familias al mantener estrategias vinculadas al mejoramiento de la calidad de vida y su entorno, as\u00ed como para la promoci\u00f3n de empleo y condiciones que les permitan generar ingresos y cubrir sus necesidades b\u00e1sicas. Y es [&hellip;]<\/p>\n","protected":false},"author":1,"featured_media":188253,"comment_status":"open","ping_status":"open","sticky":false,"template":"","format":"standard","meta":{"footnotes":""},"categories":[3],"tags":[],"class_list":["post-188252","post","type-post","status-publish","format-standard","has-post-thumbnail","hentry","category-quintana-roo","entry","has-media"],"jetpack_featured_media_url":"http:\/\/vertienteglobal.com\/wp-content\/uploads\/2021\/09\/WhatsApp-Image-2021-09-05-at-4.49.57-PM-768x512-1.jpeg","_links":{"self":[{"href":"http:\/\/vertienteglobal.com\/index.php?rest_route=\/wp\/v2\/posts\/188252","targetHints":{"allow":["GET"]}}],"collection":[{"href":"http:\/\/vertienteglobal.com\/index.php?rest_route=\/wp\/v2\/posts"}],"about":[{"href":"http:\/\/vertienteglobal.com\/index.php?rest_route=\/wp\/v2\/types\/post"}],"author":[{"embeddable":true,"href":"http:\/\/vertienteglobal.com\/index.php?rest_route=\/wp\/v2\/users\/1"}],"replies":[{"embeddable":true,"href":"http:\/\/vertienteglobal.com\/index.php?rest_route=%2Fwp%2Fv2%2Fcomments&post=188252"}],"version-history":[{"count":0,"href":"http:\/\/vertienteglobal.com\/index.php?rest_route=\/wp\/v2\/posts\/188252\/revisions"}],"wp:featuredmedia":[{"embeddable":true,"href":"http:\/\/vertienteglobal.com\/index.php?rest_route=\/wp\/v2\/media\/188253"}],"wp:attachment":[{"href":"http:\/\/vertienteglobal.com\/index.php?rest_route=%2Fwp%2Fv2%2Fmedia&parent=188252"}],"wp:term":[{"taxonomy":"category","embeddable":true,"href":"http:\/\/vertienteglobal.com\/index.php?rest_route=%2Fwp%2Fv2%2Fcategories&post=188252"},{"taxonomy":"post_tag","embeddable":true,"href":"http:\/\/vertienteglobal.com\/index.php?rest_route=%2Fwp%2Fv2%2Ftags&post=188252"}],"curies":[{"name":"wp","href":"https:\/\/api.w.org\/{rel}","templated":true}]}}