{"id":188053,"date":"2021-09-02T13:24:00","date_gmt":"2021-09-02T18:24:00","guid":{"rendered":"http:\/\/vertienteglobal.com\/?p=188053"},"modified":"2021-09-02T15:49:48","modified_gmt":"2021-09-02T20:49:48","slug":"shcp-anuncia-nombramientos-en-cuatro-areas","status":"publish","type":"post","link":"http:\/\/vertienteglobal.com\/?p=188053","title":{"rendered":"SHCP anuncia nombramientos en cuatro \u00e1reas"},"content":{"rendered":"\n<div class=\"twitterbutton\" style=\"float: right; padding-left: 5px;\"><a href=\"http:\/\/twitter.com\/share\" class=\"twitter-share-button\" data-count=\"horizontal\" data-text=\"SHCP anuncia nombramientos en cuatro \u00e1reas\" data-via=\"https:\/\/twitter.com\/VertienteGloba1\" data-url=\"http:\/\/vertienteglobal.com\/?p=188053\" data-lang=\"es\" data-related=\"Informaci\u00f3n general:S\u00edguenos para que est\u00e9ss informado\"><\/a><\/div>\n<figure class=\"wp-block-image size-large\"><img loading=\"lazy\" decoding=\"async\" width=\"1024\" height=\"576\" src=\"http:\/\/vertienteglobal.com\/wp-content\/uploads\/2021\/09\/154131.jpg\" alt=\"\" class=\"wp-image-188054\" srcset=\"http:\/\/vertienteglobal.com\/wp-content\/uploads\/2021\/09\/154131.jpg 1024w, http:\/\/vertienteglobal.com\/wp-content\/uploads\/2021\/09\/154131-300x169.jpg 300w, http:\/\/vertienteglobal.com\/wp-content\/uploads\/2021\/09\/154131-150x84.jpg 150w, http:\/\/vertienteglobal.com\/wp-content\/uploads\/2021\/09\/154131-768x432.jpg 768w\" sizes=\"auto, (max-width: 1024px) 100vw, 1024px\" \/><\/figure>\n\n\n\n<p>(Redacci\u00f3n)<\/p>\n\n\n\n<p>En la Unidad de Coordinaci\u00f3n con Entidades Federativas (UCEF) se design\u00f3 a Fernando Renoir Baca Rivera, su nombramiento ya fue enviado por el Ejecutivo al Congreso para su ratificaci\u00f3n<\/p>\n\n\n\n<p>Ciudad de M\u00e9xico  a 02 de septiembre de 2021.- La Secretar\u00eda de Hacienda y Cr\u00e9dito P\u00fablico (SHCP) dio a conocer cuatro nuevos nombramientos para ocupar las unidades de Coordinaci\u00f3n con Entidades Federativas, la de Cr\u00e9dito P\u00fablico con la primera mujer al frente, de Banca, y la de Seguros y Pensiones.<\/p>\n\n\n\n<p>Y es que al frente de la Unidad de Coordinaci\u00f3n con Entidades Federativas (UCEF) se design\u00f3 a Fernando Renoir Baca Rivera, su nombramiento ya fue enviado por el Ejecutivo al Congreso para su ratificaci\u00f3n.<\/p>\n\n\n\n<p>Para dirigir la Unidad de Cr\u00e9dito P\u00fablico y Asuntos Internacionales se nombr\u00f3 a Mar\u00eda del Carmen Bonilla Rodr\u00edguez, la primera mujer en ocupar este cargo, \u2018en l\u00ednea con el compromiso de la SHCP para contribuir a fortalecer la presencia de mujeres en la toma de decisiones\u2019. Su proceso de ratificaci\u00f3n ya inici\u00f3 ante el Congreso.<\/p>\n\n\n\n<p>Como titular de la Unidad de Banca, Valores y Ahorro se nombr\u00f3 a Alfredo Federico Navarrete Mart\u00ednez, quien tiene una amplia trayectoria tanto en el sector financiero, como en el \u00e1mbito p\u00fablico y privado.<\/p>\n\n\n\n<p>Finalmente, en la Unidad de Seguros, Pensiones y Seguridad Social se nombr\u00f3 titular a H\u00e9ctor Santana Su\u00e1rez, quien es licenciado en Relaciones Internacionales por el Colegio de M\u00e9xico, maestro Ciencias en Gobierno Comparado y candidato a doctor en Gobierno por la Escuela de Econom\u00eda y Ciencia Pol\u00edtica de Londres. (Fuente: SHCP)<\/p>\n","protected":false},"excerpt":{"rendered":"<p>(Redacci\u00f3n) En la Unidad de Coordinaci\u00f3n con Entidades Federativas (UCEF) se design\u00f3 a Fernando Renoir Baca Rivera, su nombramiento ya fue enviado por el Ejecutivo al Congreso para su ratificaci\u00f3n Ciudad de M\u00e9xico a 02 de septiembre de 2021.- La Secretar\u00eda de Hacienda y Cr\u00e9dito P\u00fablico (SHCP) dio a conocer cuatro nuevos nombramientos para ocupar [&hellip;]<\/p>\n","protected":false},"author":1,"featured_media":188055,"comment_status":"open","ping_status":"open","sticky":false,"template":"","format":"standard","meta":{"footnotes":""},"categories":[8],"tags":[],"class_list":["post-188053","post","type-post","status-publish","format-standard","has-post-thumbnail","hentry","category-pais","entry","has-media"],"jetpack_featured_media_url":"http:\/\/vertienteglobal.com\/wp-content\/uploads\/2021\/09\/154131-1.jpg","_links":{"self":[{"href":"http:\/\/vertienteglobal.com\/index.php?rest_route=\/wp\/v2\/posts\/188053","targetHints":{"allow":["GET"]}}],"collection":[{"href":"http:\/\/vertienteglobal.com\/index.php?rest_route=\/wp\/v2\/posts"}],"about":[{"href":"http:\/\/vertienteglobal.com\/index.php?rest_route=\/wp\/v2\/types\/post"}],"author":[{"embeddable":true,"href":"http:\/\/vertienteglobal.com\/index.php?rest_route=\/wp\/v2\/users\/1"}],"replies":[{"embeddable":true,"href":"http:\/\/vertienteglobal.com\/index.php?rest_route=%2Fwp%2Fv2%2Fcomments&post=188053"}],"version-history":[{"count":0,"href":"http:\/\/vertienteglobal.com\/index.php?rest_route=\/wp\/v2\/posts\/188053\/revisions"}],"wp:featuredmedia":[{"embeddable":true,"href":"http:\/\/vertienteglobal.com\/index.php?rest_route=\/wp\/v2\/media\/188055"}],"wp:attachment":[{"href":"http:\/\/vertienteglobal.com\/index.php?rest_route=%2Fwp%2Fv2%2Fmedia&parent=188053"}],"wp:term":[{"taxonomy":"category","embeddable":true,"href":"http:\/\/vertienteglobal.com\/index.php?rest_route=%2Fwp%2Fv2%2Fcategories&post=188053"},{"taxonomy":"post_tag","embeddable":true,"href":"http:\/\/vertienteglobal.com\/index.php?rest_route=%2Fwp%2Fv2%2Ftags&post=188053"}],"curies":[{"name":"wp","href":"https:\/\/api.w.org\/{rel}","templated":true}]}}