{"id":188035,"date":"2021-09-02T11:24:00","date_gmt":"2021-09-02T16:24:00","guid":{"rendered":"http:\/\/vertienteglobal.com\/?p=188035"},"modified":"2021-09-02T11:57:32","modified_gmt":"2021-09-02T16:57:32","slug":"jornada-de-subsidios-fiscales-se-amplia-este-septiembre-en-benito-juarez","status":"publish","type":"post","link":"http:\/\/vertienteglobal.com\/?p=188035","title":{"rendered":"Jornada de subsidios Fiscales se amplia este septiembre en Benito Ju\u00e1rez"},"content":{"rendered":"\n<div class=\"twitterbutton\" style=\"float: right; padding-left: 5px;\"><a href=\"http:\/\/twitter.com\/share\" class=\"twitter-share-button\" data-count=\"horizontal\" data-text=\"Jornada de subsidios Fiscales se amplia este septiembre en Benito Ju\u00e1rez\" data-via=\"https:\/\/twitter.com\/VertienteGloba1\" data-url=\"http:\/\/vertienteglobal.com\/?p=188035\" data-lang=\"es\" data-related=\"Informaci\u00f3n general:S\u00edguenos para que est\u00e9ss informado\"><\/a><\/div>\n<figure class=\"wp-block-image size-large\"><img loading=\"lazy\" decoding=\"async\" width=\"1024\" height=\"683\" src=\"http:\/\/vertienteglobal.com\/wp-content\/uploads\/2021\/09\/01_COMUNICADO-3048_JORNADA-DE-SUBSIDIOS-FISCALES-SE-AMPLIA-ESTE-SEPTIEMBRE-1024x683.jpeg\" alt=\"\" class=\"wp-image-188036\" srcset=\"http:\/\/vertienteglobal.com\/wp-content\/uploads\/2021\/09\/01_COMUNICADO-3048_JORNADA-DE-SUBSIDIOS-FISCALES-SE-AMPLIA-ESTE-SEPTIEMBRE-1024x683.jpeg 1024w, http:\/\/vertienteglobal.com\/wp-content\/uploads\/2021\/09\/01_COMUNICADO-3048_JORNADA-DE-SUBSIDIOS-FISCALES-SE-AMPLIA-ESTE-SEPTIEMBRE-300x200.jpeg 300w, http:\/\/vertienteglobal.com\/wp-content\/uploads\/2021\/09\/01_COMUNICADO-3048_JORNADA-DE-SUBSIDIOS-FISCALES-SE-AMPLIA-ESTE-SEPTIEMBRE-150x100.jpeg 150w, http:\/\/vertienteglobal.com\/wp-content\/uploads\/2021\/09\/01_COMUNICADO-3048_JORNADA-DE-SUBSIDIOS-FISCALES-SE-AMPLIA-ESTE-SEPTIEMBRE-768x512.jpeg 768w, http:\/\/vertienteglobal.com\/wp-content\/uploads\/2021\/09\/01_COMUNICADO-3048_JORNADA-DE-SUBSIDIOS-FISCALES-SE-AMPLIA-ESTE-SEPTIEMBRE.jpeg 1500w\" sizes=\"auto, (max-width: 1024px) 100vw, 1024px\" \/><\/figure>\n\n\n\n<p>(Redacci\u00f3n)<\/p>\n\n\n\n<p>La direcci\u00f3n de Ingresos ofrecer\u00e1 el 75 por ciento en recargos y 100 por ciento en multas en impuesto predial; as\u00ed como 50 por ciento en multas por extemporaneidad en licencias de funcionamiento para negocio de bajo y mediano riesgo del 2020 hacia a\u00f1os atr\u00e1s<\/p>\n\n\n\n<p>Canc\u00fan, Quintana Roo, a 02 de septiembre de 2021.- El Ayuntamiento de Benito Ju\u00e1rez renov\u00f3 los beneficios de entre 15 y 100 por ciento correspondientes a la \u201cJornada de Subsidios y Est\u00edmulos Fiscales y Regularizaci\u00f3n de Tr\u00e1mites 2021\u201d hasta el 30 de septiembre, con ocho dependencias municipales para los que los ciudadanos se pongan al corriente en sus documentos oficiales, reduzcan gastos en el hogar y contin\u00fae la reactivaci\u00f3n econ\u00f3mica en Canc\u00fan.<\/p>\n\n\n\n<p>La direcci\u00f3n de Ingresos ofrecer\u00e1 el 75 por ciento en recargos y 100 por ciento en multas en impuesto predial; as\u00ed como 50 por ciento en multas por extemporaneidad en licencias de funcionamiento para negocio de bajo y mediano riesgo del 2020 hacia a\u00f1os atr\u00e1s.<\/p>\n\n\n\n<p>Por su parte, Protecci\u00f3n Civil tendr\u00e1 50 por ciento menos en multas de tr\u00e1mites para negocios de bajo riesgo, aunque no aplica en caso de que ya tengan acta o un procedimiento administrativo iniciado derivado de una visita de inspecci\u00f3n.<\/p>\n\n\n\n<p>La Direcci\u00f3n de Catastro Municipal mantendr\u00e1 un 50 por ciento de descuento en los derechos de cambio de propietario y cambio de condici\u00f3n; mientras que Siresol ofrecer\u00e1 50 por ciento en recargos.<\/p>\n\n\n\n<p>A su vez, Desarrollo Urbano realizar\u00e1 nuevamente un 100 por ciento de descuento en sanciones y multas por omisi\u00f3n o extemporaneidad en el registro y regularizaci\u00f3n de obra habitacional a nombre de personas f\u00edsicas, lo que no aplica en caso de la zona hotelera.<\/p>\n\n\n\n<p>Esa dependencia contempla tambi\u00e9n un subsidio del 100 por ciento en multas y recargos en anuncios adosados (pintados) para negocios de bajo riesgo, excepto cadenas comerciales o m\u00e1s de dos sucursales, y que no tengan acta o visita de inspecci\u00f3n.<\/p>\n\n\n\n<p>La Direcci\u00f3n de Registro Civil tendr\u00e1 50 por ciento de descuento en copias certificadas y Ecolog\u00eda, un 15 por ciento menos en el pago de derechos por concepto de permiso de operaci\u00f3n municipal para nuevo ingreso y renovaci\u00f3n.<\/p>\n\n\n\n<p>Para finalizar, Tr\u00e1nsito Municipal contar\u00e1 con descuentos del 100 por ciento en recargos aplicados en 2018, 2019 y 2020; as\u00ed como 75 por ciento en multas impuestas en 2018, 2019 y 2020; y 25 por ciento en licencias de conducir tipo A, B y C, desde 1 hasta 5 a\u00f1os; adem\u00e1s de un pago \u00fanico de 500 pesos en accesorios y multas impuestos en 2016 y 2017.<\/p>\n\n\n\n<figure class=\"wp-block-image size-large\"><img loading=\"lazy\" decoding=\"async\" width=\"1024\" height=\"683\" src=\"http:\/\/vertienteglobal.com\/wp-content\/uploads\/2021\/09\/02_COMUNICADO-3048_JORNADA-DE-SUBSIDIOS-FISCALES-SE-AMPLIA-ESTE-SEPTIEMBRE-1024x683.jpeg\" alt=\"\" class=\"wp-image-188037\" srcset=\"http:\/\/vertienteglobal.com\/wp-content\/uploads\/2021\/09\/02_COMUNICADO-3048_JORNADA-DE-SUBSIDIOS-FISCALES-SE-AMPLIA-ESTE-SEPTIEMBRE-1024x683.jpeg 1024w, http:\/\/vertienteglobal.com\/wp-content\/uploads\/2021\/09\/02_COMUNICADO-3048_JORNADA-DE-SUBSIDIOS-FISCALES-SE-AMPLIA-ESTE-SEPTIEMBRE-300x200.jpeg 300w, http:\/\/vertienteglobal.com\/wp-content\/uploads\/2021\/09\/02_COMUNICADO-3048_JORNADA-DE-SUBSIDIOS-FISCALES-SE-AMPLIA-ESTE-SEPTIEMBRE-150x100.jpeg 150w, http:\/\/vertienteglobal.com\/wp-content\/uploads\/2021\/09\/02_COMUNICADO-3048_JORNADA-DE-SUBSIDIOS-FISCALES-SE-AMPLIA-ESTE-SEPTIEMBRE-768x512.jpeg 768w, http:\/\/vertienteglobal.com\/wp-content\/uploads\/2021\/09\/02_COMUNICADO-3048_JORNADA-DE-SUBSIDIOS-FISCALES-SE-AMPLIA-ESTE-SEPTIEMBRE.jpeg 1500w\" sizes=\"auto, (max-width: 1024px) 100vw, 1024px\" \/><\/figure>\n\n\n\n<figure class=\"wp-block-image size-large\"><img loading=\"lazy\" decoding=\"async\" width=\"807\" height=\"1024\" src=\"http:\/\/vertienteglobal.com\/wp-content\/uploads\/2021\/09\/CARTEL_COMUNICADO-3048_JORNADA-DE-SUBSIDIOS-FISCALES-SE-AMPLIA-ESTE-SEPTIEMBRE-807x1024.jpeg\" alt=\"\" class=\"wp-image-188038\" srcset=\"http:\/\/vertienteglobal.com\/wp-content\/uploads\/2021\/09\/CARTEL_COMUNICADO-3048_JORNADA-DE-SUBSIDIOS-FISCALES-SE-AMPLIA-ESTE-SEPTIEMBRE-807x1024.jpeg 807w, http:\/\/vertienteglobal.com\/wp-content\/uploads\/2021\/09\/CARTEL_COMUNICADO-3048_JORNADA-DE-SUBSIDIOS-FISCALES-SE-AMPLIA-ESTE-SEPTIEMBRE-236x300.jpeg 236w, http:\/\/vertienteglobal.com\/wp-content\/uploads\/2021\/09\/CARTEL_COMUNICADO-3048_JORNADA-DE-SUBSIDIOS-FISCALES-SE-AMPLIA-ESTE-SEPTIEMBRE-118x150.jpeg 118w, http:\/\/vertienteglobal.com\/wp-content\/uploads\/2021\/09\/CARTEL_COMUNICADO-3048_JORNADA-DE-SUBSIDIOS-FISCALES-SE-AMPLIA-ESTE-SEPTIEMBRE-768x974.jpeg 768w, http:\/\/vertienteglobal.com\/wp-content\/uploads\/2021\/09\/CARTEL_COMUNICADO-3048_JORNADA-DE-SUBSIDIOS-FISCALES-SE-AMPLIA-ESTE-SEPTIEMBRE.jpeg 1009w\" sizes=\"auto, (max-width: 807px) 100vw, 807px\" \/><\/figure>\n","protected":false},"excerpt":{"rendered":"<p>(Redacci\u00f3n) La direcci\u00f3n de Ingresos ofrecer\u00e1 el 75 por ciento en recargos y 100 por ciento en multas en impuesto predial; as\u00ed como 50 por ciento en multas por extemporaneidad en licencias de funcionamiento para negocio de bajo y mediano riesgo del 2020 hacia a\u00f1os atr\u00e1s Canc\u00fan, Quintana Roo, a 02 de septiembre de 2021.- [&hellip;]<\/p>\n","protected":false},"author":1,"featured_media":188036,"comment_status":"open","ping_status":"open","sticky":false,"template":"","format":"standard","meta":{"footnotes":""},"categories":[3],"tags":[],"class_list":["post-188035","post","type-post","status-publish","format-standard","has-post-thumbnail","hentry","category-quintana-roo","entry","has-media"],"jetpack_featured_media_url":"http:\/\/vertienteglobal.com\/wp-content\/uploads\/2021\/09\/01_COMUNICADO-3048_JORNADA-DE-SUBSIDIOS-FISCALES-SE-AMPLIA-ESTE-SEPTIEMBRE.jpeg","_links":{"self":[{"href":"http:\/\/vertienteglobal.com\/index.php?rest_route=\/wp\/v2\/posts\/188035","targetHints":{"allow":["GET"]}}],"collection":[{"href":"http:\/\/vertienteglobal.com\/index.php?rest_route=\/wp\/v2\/posts"}],"about":[{"href":"http:\/\/vertienteglobal.com\/index.php?rest_route=\/wp\/v2\/types\/post"}],"author":[{"embeddable":true,"href":"http:\/\/vertienteglobal.com\/index.php?rest_route=\/wp\/v2\/users\/1"}],"replies":[{"embeddable":true,"href":"http:\/\/vertienteglobal.com\/index.php?rest_route=%2Fwp%2Fv2%2Fcomments&post=188035"}],"version-history":[{"count":0,"href":"http:\/\/vertienteglobal.com\/index.php?rest_route=\/wp\/v2\/posts\/188035\/revisions"}],"wp:featuredmedia":[{"embeddable":true,"href":"http:\/\/vertienteglobal.com\/index.php?rest_route=\/wp\/v2\/media\/188036"}],"wp:attachment":[{"href":"http:\/\/vertienteglobal.com\/index.php?rest_route=%2Fwp%2Fv2%2Fmedia&parent=188035"}],"wp:term":[{"taxonomy":"category","embeddable":true,"href":"http:\/\/vertienteglobal.com\/index.php?rest_route=%2Fwp%2Fv2%2Fcategories&post=188035"},{"taxonomy":"post_tag","embeddable":true,"href":"http:\/\/vertienteglobal.com\/index.php?rest_route=%2Fwp%2Fv2%2Ftags&post=188035"}],"curies":[{"name":"wp","href":"https:\/\/api.w.org\/{rel}","templated":true}]}}