{"id":187965,"date":"2021-09-01T13:08:00","date_gmt":"2021-09-01T18:08:00","guid":{"rendered":"http:\/\/vertienteglobal.com\/?p=187965"},"modified":"2021-09-01T18:10:01","modified_gmt":"2021-09-01T23:10:01","slug":"realiza-imss-yucatan-jornada-de-vacunacion-intensiva-para-completar-esquemas-de-salud-este-1-2-y-3-de-septiembre","status":"publish","type":"post","link":"http:\/\/vertienteglobal.com\/?p=187965","title":{"rendered":"Realiza IMSS Yucat\u00e1n Jornada de Vacunaci\u00f3n intensiva para completar esquemas de salud este 1, 2 y 3 de septiembre"},"content":{"rendered":"\n<div class=\"twitterbutton\" style=\"float: right; padding-left: 5px;\"><a href=\"http:\/\/twitter.com\/share\" class=\"twitter-share-button\" data-count=\"horizontal\" data-text=\"Realiza IMSS Yucat\u00e1n Jornada de Vacunaci\u00f3n intensiva para completar esquemas d...\" data-via=\"https:\/\/twitter.com\/VertienteGloba1\" data-url=\"http:\/\/vertienteglobal.com\/?p=187965\" data-lang=\"es\" data-related=\"Informaci\u00f3n general:S\u00edguenos para que est\u00e9ss informado\"><\/a><\/div>\n<figure class=\"wp-block-image size-large\"><img loading=\"lazy\" decoding=\"async\" width=\"660\" height=\"330\" src=\"http:\/\/vertienteglobal.com\/wp-content\/uploads\/2021\/09\/Imagen1-660x330-1.jpg\" alt=\"\" class=\"wp-image-187966\" srcset=\"http:\/\/vertienteglobal.com\/wp-content\/uploads\/2021\/09\/Imagen1-660x330-1.jpg 660w, http:\/\/vertienteglobal.com\/wp-content\/uploads\/2021\/09\/Imagen1-660x330-1-300x150.jpg 300w, http:\/\/vertienteglobal.com\/wp-content\/uploads\/2021\/09\/Imagen1-660x330-1-150x75.jpg 150w\" sizes=\"auto, (max-width: 660px) 100vw, 660px\" \/><\/figure>\n\n\n\n<p>(Redacci\u00f3n)<\/p>\n\n\n\n<p>Invita IMSS Yucat\u00e1n a las y los interesados a acudir a la UMF m\u00e1s cercana en horario de 8:30 a 19:00 horas<\/p>\n\n\n\n<p>La jornada se realiza con el objetivo de completar esquemas de vacunaci\u00f3n contra BCG, hepatitis B, Hexavalente, rotavirus, SRP (sarampi\u00f3n, rub\u00e9ola y parotiditis), SR (sarampi\u00f3n y rub\u00e9ola), as\u00ed como neumococo 13, con \u00e9nfasis en menores de 8 a\u00f1os<\/p>\n\n\n\n<p>Merida, Yucatan, a 01 de septiembre de 2021.- Con el objetivo de completar esquemas de vacunaci\u00f3n de la poblaci\u00f3n en general, con \u00e9nfasis en menores de 8 a\u00f1os y adolescentes de 10 a 19 a\u00f1os y para brindar protecci\u00f3n a su salud, el Instituto Mexicano del Seguro Social (IMSS) en Yucat\u00e1n lleva a cabo los d\u00edas 1, 2 y 3 de septiembre una Jornada de Vacunaci\u00f3n en todas las Unidades de Medicina Familiar (UMF), donde adem\u00e1s de aplicar los biol\u00f3gicos en los consultorios PrevenIMSS, se colocan puestos de vacunaci\u00f3n de manera estrat\u00e9gica en los accesos de entrada a las instalaciones.<\/p>\n\n\n\n<p>La doctora Mirna L\u00f3pez Guti\u00e9rrez, coordinadora auxiliar m\u00e9dica en Salud P\u00fablica, explic\u00f3 que estas acciones est\u00e1n destinadas para poblaci\u00f3n derechohabiente y no derechohabiente, por lo que se invita a las y los interesados a acudir a la UMF m\u00e1s cercana en horario de 8:30 a 19:00 horas.<\/p>\n\n\n\n<p>Entre las vacunas que se aplican en esta jornada se encuentran las siguientes: BCG, hepatitis B, Hexavalente, rotavirus, SRP (sarampi\u00f3n, rub\u00e9ola y parotiditis), SR (sarampi\u00f3n y rub\u00e9ola), as\u00ed como neumococo 13.<\/p>\n\n\n\n<p>La especialista del IMSS Yucat\u00e1n subray\u00f3 que es de especial importancia la vacunaci\u00f3n a ni\u00f1os de 1 y 6 a\u00f1os de edad con la vacuna contra sarampi\u00f3n, rub\u00e9ola y parotiditis.<\/p>\n\n\n\n<p>\u201cQue traigan a sus ni\u00f1os, se les aplicar\u00e1n las vacunas que les falten de acuerdo a la edad. Es muy importante que lleven su Cartilla Nacional de Salud y no olviden que todos deben acudir con cubrebocas, guardar distancia de al menos 1.5 metros entre personas, as\u00ed como respetar los filtros sanitarios\u201d, recomend\u00f3 L\u00f3pez Guti\u00e9rrez.<\/p>\n\n\n\n<p>Las acciones que se llevan a cabo en esta jornada se basan en el Programa de Vacunaci\u00f3n Universal, pol\u00edtica p\u00fablica de salud, cuyo objetivo es otorgar protecci\u00f3n espec\u00edfica a la poblaci\u00f3n a trav\u00e9s de la aplicaci\u00f3n de vacunas, para alcanzar el control, eliminaci\u00f3n y erradicaci\u00f3n de las enfermedades prevenibles por vacunaci\u00f3n.<\/p>\n\n\n\n<p>Para finalizar, recalc\u00f3 que estas acciones se realizan con todos los protocolos de seguridad e higiene para prevenir contagios por COVID-19 y salvaguardar la salud de todas y todos los participantes, por lo que se invita a acudir y aplicar las medidas mencionadas.<\/p>\n","protected":false},"excerpt":{"rendered":"<p>(Redacci\u00f3n) Invita IMSS Yucat\u00e1n a las y los interesados a acudir a la UMF m\u00e1s cercana en horario de 8:30 a 19:00 horas La jornada se realiza con el objetivo de completar esquemas de vacunaci\u00f3n contra BCG, hepatitis B, Hexavalente, rotavirus, SRP (sarampi\u00f3n, rub\u00e9ola y parotiditis), SR (sarampi\u00f3n y rub\u00e9ola), as\u00ed como neumococo 13, con [&hellip;]<\/p>\n","protected":false},"author":1,"featured_media":187966,"comment_status":"open","ping_status":"open","sticky":false,"template":"","format":"standard","meta":{"footnotes":""},"categories":[2],"tags":[],"class_list":["post-187965","post","type-post","status-publish","format-standard","has-post-thumbnail","hentry","category-yucatan","entry","has-media"],"jetpack_featured_media_url":"http:\/\/vertienteglobal.com\/wp-content\/uploads\/2021\/09\/Imagen1-660x330-1.jpg","_links":{"self":[{"href":"http:\/\/vertienteglobal.com\/index.php?rest_route=\/wp\/v2\/posts\/187965","targetHints":{"allow":["GET"]}}],"collection":[{"href":"http:\/\/vertienteglobal.com\/index.php?rest_route=\/wp\/v2\/posts"}],"about":[{"href":"http:\/\/vertienteglobal.com\/index.php?rest_route=\/wp\/v2\/types\/post"}],"author":[{"embeddable":true,"href":"http:\/\/vertienteglobal.com\/index.php?rest_route=\/wp\/v2\/users\/1"}],"replies":[{"embeddable":true,"href":"http:\/\/vertienteglobal.com\/index.php?rest_route=%2Fwp%2Fv2%2Fcomments&post=187965"}],"version-history":[{"count":0,"href":"http:\/\/vertienteglobal.com\/index.php?rest_route=\/wp\/v2\/posts\/187965\/revisions"}],"wp:featuredmedia":[{"embeddable":true,"href":"http:\/\/vertienteglobal.com\/index.php?rest_route=\/wp\/v2\/media\/187966"}],"wp:attachment":[{"href":"http:\/\/vertienteglobal.com\/index.php?rest_route=%2Fwp%2Fv2%2Fmedia&parent=187965"}],"wp:term":[{"taxonomy":"category","embeddable":true,"href":"http:\/\/vertienteglobal.com\/index.php?rest_route=%2Fwp%2Fv2%2Fcategories&post=187965"},{"taxonomy":"post_tag","embeddable":true,"href":"http:\/\/vertienteglobal.com\/index.php?rest_route=%2Fwp%2Fv2%2Ftags&post=187965"}],"curies":[{"name":"wp","href":"https:\/\/api.w.org\/{rel}","templated":true}]}}