{"id":187807,"date":"2021-08-30T09:19:00","date_gmt":"2021-08-30T14:19:00","guid":{"rendered":"http:\/\/vertienteglobal.com\/?p=187807"},"modified":"2021-08-30T21:18:02","modified_gmt":"2021-08-31T02:18:02","slug":"es-un-dia-muy-importante-amlo-por-regreso-a-clases-para-nuevo-ciclo-escolar-2021-2022","status":"publish","type":"post","link":"http:\/\/vertienteglobal.com\/?p=187807","title":{"rendered":"Es un d\u00eda muy importante\u2019: AMLO por regreso a clases para nuevo ciclo escolar 2021-2022"},"content":{"rendered":"\n<div class=\"twitterbutton\" style=\"float: right; padding-left: 5px;\"><a href=\"http:\/\/twitter.com\/share\" class=\"twitter-share-button\" data-count=\"horizontal\" data-text=\"Es un d\u00eda muy importante\u2019: AMLO por regreso a clases para nuevo ciclo escolar...\" data-via=\"https:\/\/twitter.com\/VertienteGloba1\" data-url=\"http:\/\/vertienteglobal.com\/?p=187807\" data-lang=\"es\" data-related=\"Informaci\u00f3n general:S\u00edguenos para que est\u00e9ss informado\"><\/a><\/div>\n<figure class=\"wp-block-image size-large\"><img loading=\"lazy\" decoding=\"async\" width=\"1024\" height=\"576\" src=\"http:\/\/vertienteglobal.com\/wp-content\/uploads\/2021\/08\/20210830_211658-1024x576.jpg\" alt=\"\" class=\"wp-image-187808\" srcset=\"http:\/\/vertienteglobal.com\/wp-content\/uploads\/2021\/08\/20210830_211658-1024x576.jpg 1024w, http:\/\/vertienteglobal.com\/wp-content\/uploads\/2021\/08\/20210830_211658-300x169.jpg 300w, http:\/\/vertienteglobal.com\/wp-content\/uploads\/2021\/08\/20210830_211658-150x84.jpg 150w, http:\/\/vertienteglobal.com\/wp-content\/uploads\/2021\/08\/20210830_211658-768x432.jpg 768w, http:\/\/vertienteglobal.com\/wp-content\/uploads\/2021\/08\/20210830_211658-1536x865.jpg 1536w, http:\/\/vertienteglobal.com\/wp-content\/uploads\/2021\/08\/20210830_211658.jpg 1908w\" sizes=\"auto, (max-width: 1024px) 100vw, 1024px\" \/><\/figure>\n\n\n\n<p>(Redacci\u00f3n)<\/p>\n\n\n\n<p><em><strong>AMLO destaca el esfuerzo de maestros, maestras, padres y madres de familia para el regreso a clases presenciales<\/strong><\/em><\/p>\n\n\n\n<p>Ciudad de M\u00e9xico, 30 de agosto 2021.- El presidente de M\u00e9xico, Andr\u00e9s Manuel L\u00f3pez Obrador (AMLO), calific\u00f3 este lunes 30 de agosto de 2021 como un \u201cd\u00eda muy importante\u201d por el regreso a clases presenciales para el nuevo ciclo escolar 2021-2022.<\/p>\n\n\n\n<p>\u201cEstamos regresando a clases presenciales en el pa\u00eds el d\u00eda de hoy, es un d\u00eda muy importante porque regresan ni\u00f1as, ni\u00f1os, adolescentes a escuelas p\u00fablicas del pa\u00eds y tambi\u00e9n a escuelas particulares. Se inicia el nuevo ciclo escolar, se ha hecho todo un esfuerzo, est\u00e1n participando maestras, maestros, padres, madres de familia, autoridades municipales, gobernadores, la Secretar\u00eda de Educaci\u00f3n P\u00fablica, el sindicato de maestros, integrantes de escuelas particulares, con mucho entusiasmo\u201d.<\/p>\n\n\n\n<p>Durante la conferencia de prensa ma\u00f1anera desde Palacio Nacional hubo una serie de enlaces a distintos puntos del pa\u00eds, donde los gobernadores dieron el banderazo por el regreso a clases presenciales.<\/p>\n\n\n\n<p>Entre los presentes se encontraban Claudia Sheinbaum, jefa de gobierno de la CDMX; Mauricio Vila, gobernador de Yucat\u00e1n; Rutilio Escand\u00f3n, gobernador de Chiapas; Alfredo del Mazo, gobernador del Estado de M\u00e9xico; Enrique Hern\u00e1ndez, secretario de Educaci\u00f3n de Guanajuato; Javier Corral, Gobernador de Chihuahua; Miguel Barbosa, gobernador de Puebla; Mart\u00edn Orozco, gobernador de Aguascalientes; Enrique Alfaro, gobernador de Jalisco; Carlos Miguel Aysa, gobernador de Campeche; Cuitl\u00e1huac Garc\u00eda, gobernador de Veracruz.<\/p>\n\n\n\n<p>La secretaria de Educaci\u00f3n P\u00fablica, Delfina G\u00f3mez, se enlaz\u00f3 desde Veracruz y destac\u00f3 la labor de maestros, maestras y padres y madres de familiaa. (Fuente: Presidencia de la Rep\u00fablica\/Televisa)<\/p>\n","protected":false},"excerpt":{"rendered":"<p>(Redacci\u00f3n) AMLO destaca el esfuerzo de maestros, maestras, padres y madres de familia para el regreso a clases presenciales Ciudad de M\u00e9xico, 30 de agosto 2021.- El presidente de M\u00e9xico, Andr\u00e9s Manuel L\u00f3pez Obrador (AMLO), calific\u00f3 este lunes 30 de agosto de 2021 como un \u201cd\u00eda muy importante\u201d por el regreso a clases presenciales para [&hellip;]<\/p>\n","protected":false},"author":1,"featured_media":187808,"comment_status":"open","ping_status":"open","sticky":false,"template":"","format":"standard","meta":{"footnotes":""},"categories":[9,8],"tags":[],"class_list":["post-187807","post","type-post","status-publish","format-standard","has-post-thumbnail","hentry","category-educacion","category-pais","entry","has-media"],"jetpack_featured_media_url":"http:\/\/vertienteglobal.com\/wp-content\/uploads\/2021\/08\/20210830_211658.jpg","_links":{"self":[{"href":"http:\/\/vertienteglobal.com\/index.php?rest_route=\/wp\/v2\/posts\/187807","targetHints":{"allow":["GET"]}}],"collection":[{"href":"http:\/\/vertienteglobal.com\/index.php?rest_route=\/wp\/v2\/posts"}],"about":[{"href":"http:\/\/vertienteglobal.com\/index.php?rest_route=\/wp\/v2\/types\/post"}],"author":[{"embeddable":true,"href":"http:\/\/vertienteglobal.com\/index.php?rest_route=\/wp\/v2\/users\/1"}],"replies":[{"embeddable":true,"href":"http:\/\/vertienteglobal.com\/index.php?rest_route=%2Fwp%2Fv2%2Fcomments&post=187807"}],"version-history":[{"count":0,"href":"http:\/\/vertienteglobal.com\/index.php?rest_route=\/wp\/v2\/posts\/187807\/revisions"}],"wp:featuredmedia":[{"embeddable":true,"href":"http:\/\/vertienteglobal.com\/index.php?rest_route=\/wp\/v2\/media\/187808"}],"wp:attachment":[{"href":"http:\/\/vertienteglobal.com\/index.php?rest_route=%2Fwp%2Fv2%2Fmedia&parent=187807"}],"wp:term":[{"taxonomy":"category","embeddable":true,"href":"http:\/\/vertienteglobal.com\/index.php?rest_route=%2Fwp%2Fv2%2Fcategories&post=187807"},{"taxonomy":"post_tag","embeddable":true,"href":"http:\/\/vertienteglobal.com\/index.php?rest_route=%2Fwp%2Fv2%2Ftags&post=187807"}],"curies":[{"name":"wp","href":"https:\/\/api.w.org\/{rel}","templated":true}]}}