{"id":187786,"date":"2021-08-30T16:49:00","date_gmt":"2021-08-30T21:49:00","guid":{"rendered":"http:\/\/vertienteglobal.com\/?p=187786"},"modified":"2021-08-30T17:51:33","modified_gmt":"2021-08-30T22:51:33","slug":"abre-la-primera-casa-transitoria-para-adultos-mayores-grandes-corazones","status":"publish","type":"post","link":"http:\/\/vertienteglobal.com\/?p=187786","title":{"rendered":"Abre la Primera Casa Transitoria para Adultos Mayores \u201cGrandes Corazones\u201d"},"content":{"rendered":"\n<div class=\"twitterbutton\" style=\"float: right; padding-left: 5px;\"><a href=\"http:\/\/twitter.com\/share\" class=\"twitter-share-button\" data-count=\"horizontal\" data-text=\"Abre la Primera Casa Transitoria para Adultos Mayores \u201cGrandes Corazones\u201d\" data-via=\"https:\/\/twitter.com\/VertienteGloba1\" data-url=\"http:\/\/vertienteglobal.com\/?p=187786\" data-lang=\"es\" data-related=\"Informaci\u00f3n general:S\u00edguenos para que est\u00e9ss informado\"><\/a><\/div>\n<figure class=\"wp-block-image size-large\"><img loading=\"lazy\" decoding=\"async\" width=\"768\" height=\"478\" src=\"http:\/\/vertienteglobal.com\/wp-content\/uploads\/2021\/08\/WhatsApp-Image-2021-08-30-at-2.36.38-PM-768x478-1.jpeg\" alt=\"\" class=\"wp-image-187787\" srcset=\"http:\/\/vertienteglobal.com\/wp-content\/uploads\/2021\/08\/WhatsApp-Image-2021-08-30-at-2.36.38-PM-768x478-1.jpeg 768w, http:\/\/vertienteglobal.com\/wp-content\/uploads\/2021\/08\/WhatsApp-Image-2021-08-30-at-2.36.38-PM-768x478-1-300x187.jpeg 300w, http:\/\/vertienteglobal.com\/wp-content\/uploads\/2021\/08\/WhatsApp-Image-2021-08-30-at-2.36.38-PM-768x478-1-150x93.jpeg 150w\" sizes=\"auto, (max-width: 768px) 100vw, 768px\" \/><\/figure>\n\n\n\n<p>(Redacci\u00f3n)<\/p>\n\n\n\n<p>Mara Lezama indic\u00f3 que este recinto ubicado en las instalaciones del DIF Municipal en la Supermanzana 94, se consolid\u00f3 gracias a diferentes donaciones econ\u00f3micas y en especie de corporativos, fundaciones, instituciones y clubes<\/p>\n\n\n\n<p>Canc\u00fan, Quintana Roo a 30 de agosto.- Las Autoridades del Ayuntamiento de Benito Ju\u00e1rez inauguraron la Primera Casa Transitoria para Adultos Mayores \u201cGrandes Corazones\u201d, que tendr\u00e1 servicios gratuitos para personas de ese sector poblacional en situaci\u00f3n de vulnerabilidad, con el fin de salvaguardar su bienestar f\u00edsico, psicol\u00f3gico y emocional.<\/p>\n\n\n\n<p>Al encabezar el evento, la Presidenta Municipal Mara Lezama, acompa\u00f1ada de la directora general del DIF Quintana Roo, Mar\u00eda Elba Carranza Aguirre, la primera autoridad subray\u00f3 que se atender\u00e1 a benitojuarenses de edad avanzada que necesitan ayuda, cari\u00f1o y cuidados, para que cuenten con un lugar al cual acudir para sentirse otra vez en familia.<\/p>\n\n\n\n<p>\u201cA sus 51 a\u00f1os de haberse fundado, Canc\u00fan tiene la primera Casa P\u00fablica de Asistencia Temporal, en la cual las personas mayores en situaci\u00f3n de calle, podr\u00e1n contar con alojamiento, recibir alimentos diarios, ropa, atenci\u00f3n m\u00e9dica, activaci\u00f3n f\u00edsica y cuidados integrales, mientras que a trav\u00e9s de los trabajadores sociales y jur\u00eddicos del sistema DIF, podamos ubicar a sus familiares y en la medida de lo posible, reintegrarlos con ellos\u201d, dijo.<\/p>\n\n\n\n<p>Agreg\u00f3 que a partir del inicio de operaciones, se recibir\u00e1 a seis ciudadanos con esa condici\u00f3n y en lo que va del 2021, se ha brindado atenci\u00f3n a 369 adultos mayores en estado de vulnerabilidad, de los cuales se logr\u00f3 albergar a 23 en diferentes redes de apoyo.<\/p>\n\n\n\n<p>Mara Lezama indic\u00f3 que este recinto ubicado en las instalaciones del DIF Municipal en la Supermanzana 94, se consolid\u00f3 gracias a diferentes donaciones econ\u00f3micas y en especie de corporativos, fundaciones, instituciones y clubes.<\/p>\n\n\n\n<p>\u201cGracias por ayudarnos a encender nuevamente la llama de la esperanza, por convertir a Benito Ju\u00e1rez en un municipio solidario y m\u00e1s humano, que siempre mira por el pr\u00f3jimo y ayuda al vulnerable\u201d, dijo.<\/p>\n\n\n\n<p>El director del DIF Benito Ju\u00e1rez, Flavio Carlos Rosado, resalt\u00f3 que se tuvo una importante contribuci\u00f3n a trav\u00e9s del programa \u201cRedondeo\u201d de las tiendas Oxxo para remodelar y adaptar la Casa Transitoria para Adultos Mayores, que podr\u00e1 recibir hasta a 30 abuelitos con m\u00faltiples servicios, que ser\u00e1n atendidos por un equipo capacitado y multidisciplinario.<\/p>\n\n\n\n<figure class=\"wp-block-image size-large\"><img loading=\"lazy\" decoding=\"async\" width=\"768\" height=\"542\" src=\"http:\/\/vertienteglobal.com\/wp-content\/uploads\/2021\/08\/WhatsApp-Image-2021-08-30-at-2.36.44-PM-768x542-1.jpeg\" alt=\"\" class=\"wp-image-187788\" srcset=\"http:\/\/vertienteglobal.com\/wp-content\/uploads\/2021\/08\/WhatsApp-Image-2021-08-30-at-2.36.44-PM-768x542-1.jpeg 768w, http:\/\/vertienteglobal.com\/wp-content\/uploads\/2021\/08\/WhatsApp-Image-2021-08-30-at-2.36.44-PM-768x542-1-300x212.jpeg 300w, http:\/\/vertienteglobal.com\/wp-content\/uploads\/2021\/08\/WhatsApp-Image-2021-08-30-at-2.36.44-PM-768x542-1-150x106.jpeg 150w\" sizes=\"auto, (max-width: 768px) 100vw, 768px\" \/><\/figure>\n\n\n\n<figure class=\"wp-block-image size-large\"><img loading=\"lazy\" decoding=\"async\" width=\"768\" height=\"512\" src=\"http:\/\/vertienteglobal.com\/wp-content\/uploads\/2021\/08\/WhatsApp-Image-2021-08-30-at-2.36.43-PM-768x512-1.jpeg\" alt=\"\" class=\"wp-image-187789\" srcset=\"http:\/\/vertienteglobal.com\/wp-content\/uploads\/2021\/08\/WhatsApp-Image-2021-08-30-at-2.36.43-PM-768x512-1.jpeg 768w, http:\/\/vertienteglobal.com\/wp-content\/uploads\/2021\/08\/WhatsApp-Image-2021-08-30-at-2.36.43-PM-768x512-1-300x200.jpeg 300w, http:\/\/vertienteglobal.com\/wp-content\/uploads\/2021\/08\/WhatsApp-Image-2021-08-30-at-2.36.43-PM-768x512-1-150x100.jpeg 150w\" sizes=\"auto, (max-width: 768px) 100vw, 768px\" \/><\/figure>\n\n\n\n<figure class=\"wp-block-image size-large\"><img loading=\"lazy\" decoding=\"async\" width=\"768\" height=\"512\" src=\"http:\/\/vertienteglobal.com\/wp-content\/uploads\/2021\/08\/WhatsApp-Image-2021-08-30-at-2.36.45-PM-768x512-1.jpeg\" alt=\"\" class=\"wp-image-187790\" srcset=\"http:\/\/vertienteglobal.com\/wp-content\/uploads\/2021\/08\/WhatsApp-Image-2021-08-30-at-2.36.45-PM-768x512-1.jpeg 768w, http:\/\/vertienteglobal.com\/wp-content\/uploads\/2021\/08\/WhatsApp-Image-2021-08-30-at-2.36.45-PM-768x512-1-300x200.jpeg 300w, http:\/\/vertienteglobal.com\/wp-content\/uploads\/2021\/08\/WhatsApp-Image-2021-08-30-at-2.36.45-PM-768x512-1-150x100.jpeg 150w\" sizes=\"auto, (max-width: 768px) 100vw, 768px\" \/><\/figure>\n","protected":false},"excerpt":{"rendered":"<p>(Redacci\u00f3n) Mara Lezama indic\u00f3 que este recinto ubicado en las instalaciones del DIF Municipal en la Supermanzana 94, se consolid\u00f3 gracias a diferentes donaciones econ\u00f3micas y en especie de corporativos, fundaciones, instituciones y clubes Canc\u00fan, Quintana Roo a 30 de agosto.- Las Autoridades del Ayuntamiento de Benito Ju\u00e1rez inauguraron la Primera Casa Transitoria para Adultos [&hellip;]<\/p>\n","protected":false},"author":1,"featured_media":187787,"comment_status":"open","ping_status":"open","sticky":false,"template":"","format":"standard","meta":{"footnotes":""},"categories":[3],"tags":[],"class_list":["post-187786","post","type-post","status-publish","format-standard","has-post-thumbnail","hentry","category-quintana-roo","entry","has-media"],"jetpack_featured_media_url":"http:\/\/vertienteglobal.com\/wp-content\/uploads\/2021\/08\/WhatsApp-Image-2021-08-30-at-2.36.38-PM-768x478-1.jpeg","_links":{"self":[{"href":"http:\/\/vertienteglobal.com\/index.php?rest_route=\/wp\/v2\/posts\/187786","targetHints":{"allow":["GET"]}}],"collection":[{"href":"http:\/\/vertienteglobal.com\/index.php?rest_route=\/wp\/v2\/posts"}],"about":[{"href":"http:\/\/vertienteglobal.com\/index.php?rest_route=\/wp\/v2\/types\/post"}],"author":[{"embeddable":true,"href":"http:\/\/vertienteglobal.com\/index.php?rest_route=\/wp\/v2\/users\/1"}],"replies":[{"embeddable":true,"href":"http:\/\/vertienteglobal.com\/index.php?rest_route=%2Fwp%2Fv2%2Fcomments&post=187786"}],"version-history":[{"count":0,"href":"http:\/\/vertienteglobal.com\/index.php?rest_route=\/wp\/v2\/posts\/187786\/revisions"}],"wp:featuredmedia":[{"embeddable":true,"href":"http:\/\/vertienteglobal.com\/index.php?rest_route=\/wp\/v2\/media\/187787"}],"wp:attachment":[{"href":"http:\/\/vertienteglobal.com\/index.php?rest_route=%2Fwp%2Fv2%2Fmedia&parent=187786"}],"wp:term":[{"taxonomy":"category","embeddable":true,"href":"http:\/\/vertienteglobal.com\/index.php?rest_route=%2Fwp%2Fv2%2Fcategories&post=187786"},{"taxonomy":"post_tag","embeddable":true,"href":"http:\/\/vertienteglobal.com\/index.php?rest_route=%2Fwp%2Fv2%2Ftags&post=187786"}],"curies":[{"name":"wp","href":"https:\/\/api.w.org\/{rel}","templated":true}]}}