{"id":187701,"date":"2021-08-28T15:29:01","date_gmt":"2021-08-28T20:29:01","guid":{"rendered":"http:\/\/vertienteglobal.com\/?p=187701"},"modified":"2021-08-29T11:33:52","modified_gmt":"2021-08-29T16:33:52","slug":"proceso-de-regreso-seguro-a-clases-en-yucatan","status":"publish","type":"post","link":"http:\/\/vertienteglobal.com\/?p=187701","title":{"rendered":"Proceso de regreso seguro a clases en Yucat\u00e1n"},"content":{"rendered":"\n<div class=\"twitterbutton\" style=\"float: right; padding-left: 5px;\"><a href=\"http:\/\/twitter.com\/share\" class=\"twitter-share-button\" data-count=\"horizontal\" data-text=\"Proceso de regreso seguro a clases en Yucat\u00e1n\" data-via=\"https:\/\/twitter.com\/VertienteGloba1\" data-url=\"http:\/\/vertienteglobal.com\/?p=187701\" data-lang=\"es\" data-related=\"Informaci\u00f3n general:S\u00edguenos para que est\u00e9ss informado\"><\/a><\/div>\n<figure class=\"wp-block-image size-large\"><img loading=\"lazy\" decoding=\"async\" width=\"660\" height=\"330\" src=\"http:\/\/vertienteglobal.com\/wp-content\/uploads\/2021\/08\/Regreso-a-clases-chihuahua-obligatorio-780x470-1-660x330-2.jpeg\" alt=\"\" class=\"wp-image-187702\" srcset=\"http:\/\/vertienteglobal.com\/wp-content\/uploads\/2021\/08\/Regreso-a-clases-chihuahua-obligatorio-780x470-1-660x330-2.jpeg 660w, http:\/\/vertienteglobal.com\/wp-content\/uploads\/2021\/08\/Regreso-a-clases-chihuahua-obligatorio-780x470-1-660x330-2-300x150.jpeg 300w, http:\/\/vertienteglobal.com\/wp-content\/uploads\/2021\/08\/Regreso-a-clases-chihuahua-obligatorio-780x470-1-660x330-2-150x75.jpeg 150w\" sizes=\"auto, (max-width: 660px) 100vw, 660px\" \/><\/figure>\n\n\n\n<p>(Redacci\u00f3n)<\/p>\n\n\n\n<p>El calendario escolar indica que la primera semana de actividades, los profesores de educaci\u00f3n b\u00e1sica realicen reuniones preparatorias con los padres de familia para efectos de trabajar el m\u00e9todo de regreso y consensuar en ese sentido<\/p>\n\n\n\n<p>M\u00e9rida, Yucat\u00e1n, 28 de agosto de 2021.- El pr\u00f3ximo lunes 30 de agosto inicia el Proceso de Regreso Seguro a Clases, que corresponde al ciclo escolar 2021-2022, del 30 de agosto al 3 de septiembre, los maestros recibir\u00e1n a las madres, padres y tutores para ponerse de acuerdo sobre c\u00f3mo se desarrollar\u00e1 el curso, para que el pr\u00f3ximo 6 de septiembre, los ni\u00f1os regresen voluntariamente a clases.<\/p>\n\n\n\n<p>Cabe recordar que el regreso a clases en Yucat\u00e1n es voluntario, cada mam\u00e1, pap\u00e1 y tutor decidir\u00e1n si mandan a sus hijos a clases presenciales o contin\u00faan con el m\u00e9todo a distancia. Quienes tengan alguna raz\u00f3n para no mandar a sus hijos a la escuela, no ser\u00e1 necesario hacerlo y podr\u00e1n continuar estudiando a trav\u00e9s de los medios digitales como se ha hecho hasta ahora y quienes s\u00ed tienen el deseo de que sus hijos regresen a la escuela, podr\u00e1n hacerlo con todas las medidas y filtros sanitarios para proteger la salud de todos los yucatecos.<\/p>\n\n\n\n<p>El calendario escolar indica que la primera semana de actividades, los profesores de educaci\u00f3n b\u00e1sica realicen reuniones preparatorias con los padres de familia para efectos de trabajar el m\u00e9todo de regreso y consensuar en ese sentido.<\/p>\n\n\n\n<p>En Yucat\u00e1n tenemos un modelo h\u00edbrido voluntario, por lo que las entrevistas con los padres de familia son fundamentales para conocer cu\u00e1ntos alumnos volver\u00e1n a clases presenciales y, a partir de eso, definir la modalidad y la distribuci\u00f3n de los y las estudiantes en subgrupos, de ser necesario.<\/p>\n\n\n\n<p>Desde este lunes todos los docentes se presentar\u00e1n a sus aulas para, en distintos horarios, recibir a las madres, padres y tutores, y comenzar a organizar el desarrollo de todo el ciclo escolar, que culmina el pr\u00f3ximo 8 de julio.<\/p>\n\n\n\n<p>Entre los instrumentos que se aplicar\u00e1n se encuentra un cuestionario de sensibilizaci\u00f3n para que ellos cuenten con las herramientas necesarias para decidir si sus hijos o el tutorado, acude a clases de forma presencial o no presencial.<\/p>\n\n\n\n<p>Para m\u00e1s informaci\u00f3n, se puede consultar la p\u00e1gina regresoaclases.yucatan.gob.mx o llamar al Centro de Atenci\u00f3n Telef\u00f3nica, a trav\u00e9s de la l\u00ednea 800-YUCAT\u00c1N, en el que se brinda el servicio de manera coordinada por las Secretar\u00edas de Educaci\u00f3n del Gobierno del Estado de Yucat\u00e1n (SEGEY), de Investigaci\u00f3n, Innovaci\u00f3n y Educaci\u00f3n Superior (Siies) y de Salud de Yucat\u00e1n (SSY).<\/p>\n","protected":false},"excerpt":{"rendered":"<p>(Redacci\u00f3n) El calendario escolar indica que la primera semana de actividades, los profesores de educaci\u00f3n b\u00e1sica realicen reuniones preparatorias con los padres de familia para efectos de trabajar el m\u00e9todo de regreso y consensuar en ese sentido M\u00e9rida, Yucat\u00e1n, 28 de agosto de 2021.- El pr\u00f3ximo lunes 30 de agosto inicia el Proceso de Regreso [&hellip;]<\/p>\n","protected":false},"author":1,"featured_media":187702,"comment_status":"open","ping_status":"open","sticky":false,"template":"","format":"standard","meta":{"footnotes":""},"categories":[9,2],"tags":[],"class_list":["post-187701","post","type-post","status-publish","format-standard","has-post-thumbnail","hentry","category-educacion","category-yucatan","entry","has-media"],"jetpack_featured_media_url":"http:\/\/vertienteglobal.com\/wp-content\/uploads\/2021\/08\/Regreso-a-clases-chihuahua-obligatorio-780x470-1-660x330-2.jpeg","_links":{"self":[{"href":"http:\/\/vertienteglobal.com\/index.php?rest_route=\/wp\/v2\/posts\/187701","targetHints":{"allow":["GET"]}}],"collection":[{"href":"http:\/\/vertienteglobal.com\/index.php?rest_route=\/wp\/v2\/posts"}],"about":[{"href":"http:\/\/vertienteglobal.com\/index.php?rest_route=\/wp\/v2\/types\/post"}],"author":[{"embeddable":true,"href":"http:\/\/vertienteglobal.com\/index.php?rest_route=\/wp\/v2\/users\/1"}],"replies":[{"embeddable":true,"href":"http:\/\/vertienteglobal.com\/index.php?rest_route=%2Fwp%2Fv2%2Fcomments&post=187701"}],"version-history":[{"count":0,"href":"http:\/\/vertienteglobal.com\/index.php?rest_route=\/wp\/v2\/posts\/187701\/revisions"}],"wp:featuredmedia":[{"embeddable":true,"href":"http:\/\/vertienteglobal.com\/index.php?rest_route=\/wp\/v2\/media\/187702"}],"wp:attachment":[{"href":"http:\/\/vertienteglobal.com\/index.php?rest_route=%2Fwp%2Fv2%2Fmedia&parent=187701"}],"wp:term":[{"taxonomy":"category","embeddable":true,"href":"http:\/\/vertienteglobal.com\/index.php?rest_route=%2Fwp%2Fv2%2Fcategories&post=187701"},{"taxonomy":"post_tag","embeddable":true,"href":"http:\/\/vertienteglobal.com\/index.php?rest_route=%2Fwp%2Fv2%2Ftags&post=187701"}],"curies":[{"name":"wp","href":"https:\/\/api.w.org\/{rel}","templated":true}]}}