{"id":187627,"date":"2021-08-28T09:19:00","date_gmt":"2021-08-28T14:19:00","guid":{"rendered":"http:\/\/vertienteglobal.com\/?p=187627"},"modified":"2021-08-28T10:32:27","modified_gmt":"2021-08-28T15:32:27","slug":"empleados-de-pemex-sortean-riesgos-en-la-plataforma-marina-ku-alfa","status":"publish","type":"post","link":"http:\/\/vertienteglobal.com\/?p=187627","title":{"rendered":"Empleados de Pemex sortean riesgos en la plataforma marina Ku-Alfa"},"content":{"rendered":"\n<div class=\"twitterbutton\" style=\"float: right; padding-left: 5px;\"><a href=\"http:\/\/twitter.com\/share\" class=\"twitter-share-button\" data-count=\"horizontal\" data-text=\"Empleados de Pemex sortean riesgos en la plataforma marina Ku-Alfa\" data-via=\"https:\/\/twitter.com\/VertienteGloba1\" data-url=\"http:\/\/vertienteglobal.com\/?p=187627\" data-lang=\"es\" data-related=\"Informaci\u00f3n general:S\u00edguenos para que est\u00e9ss informado\"><\/a><\/div>\n<figure class=\"wp-block-image size-large\"><img loading=\"lazy\" decoding=\"async\" width=\"1024\" height=\"683\" src=\"http:\/\/vertienteglobal.com\/wp-content\/uploads\/2021\/08\/153679.jpg\" alt=\"\" class=\"wp-image-187628\" srcset=\"http:\/\/vertienteglobal.com\/wp-content\/uploads\/2021\/08\/153679.jpg 1024w, http:\/\/vertienteglobal.com\/wp-content\/uploads\/2021\/08\/153679-300x200.jpg 300w, http:\/\/vertienteglobal.com\/wp-content\/uploads\/2021\/08\/153679-150x100.jpg 150w, http:\/\/vertienteglobal.com\/wp-content\/uploads\/2021\/08\/153679-768x512.jpg 768w\" sizes=\"auto, (max-width: 1024px) 100vw, 1024px\" \/><\/figure>\n\n\n\n<p>(Redacci\u00f3n)<\/p>\n\n\n\n<p>Al cierre de 2020, Pemex ten\u00eda en promedio 4 mil 100 plazas bloqueadas y para 2021 proyect\u00f3 9 mil 374 m\u00e1s, de acuerdo con datos de la propia empresa<\/p>\n\n\n\n<p>Ciudad del Carmen, Campeche 28 de agosto de 2021.- Empleados de Pemex, compa\u00f1eros de cinco de los siete trabajadores fallecidos en la plataforma marina Ku-Alfa, llamaron a las autoridades a renovar los equipos y protocolos de seguridad ante los riesgos que enfrentan, as\u00ed como a descongelar las plazas del personal.<\/p>\n\n\n\n<p>Y es que el percance ocurrido el pasado 22 de agosto en la base ubicada en el Golfo de M\u00e9xico se habr\u00eda producido por una fuga de gas, mientras se realizaban trabajos de mantenimiento, inform\u00f3 en esa ocasi\u00f3n el director de la petrolera, Octavio Romero.<\/p>\n\n\n\n<p>Esteban L\u00f3pez, petrolero de Coatzacoalcos y amigo de Jair Mandujano P\u00e9rez, uno de los fallecidos, urgi\u00f3 al Sindicato de Trabajadores Petroleros de la Rep\u00fablica Mexicana (STPRM) a que atienda las necesidades de los trabajadores, quienes urgen de equipo, personal y mantenimiento de sus centros de trabajo.<\/p>\n\n\n\n<p>\u00abNosotros fuimos en enero pasado a la sede del sindicato en la Ciudad de M\u00e9xico, para exigir al sindicato que se pusiera r\u00edgido con la empresa, que no bajar\u00e1 la moral de los trabajadores con el congelamiento de plazas y se cruzara de brazos\u00bb, refiri\u00f3 en entrevista.<\/p>\n\n\n\n<p>Exigieron hablar con Manuel Lim\u00f3n Hern\u00e1ndez, a quien el ex l\u00edder Carlos Romero Deschamps dej\u00f3 como encargado de despacho.<\/p>\n\n\n\n<p>Sin embargo, los recibi\u00f3 un funcionario menor, Genaro Blanco, secretario del Consejo de Vigilancia, quien prometi\u00f3 que el sindicato sostendr\u00e1 reuniones con Pemex.<\/p>\n\n\n\n<p>De acuerdo con Esteban L\u00f3pez, a principios de agosto el sindicato le pidi\u00f3 a la empresa ropa, calzado, condiciones para laborar.<\/p>\n\n\n\n<p>\u00ab\u00bfQu\u00e9 pas\u00f3 con ese documento? La empresa ya debi\u00f3 contestar o es una negativa a la petici\u00f3n\u00bb, expuso.<\/p>\n\n\n\n<p>A la fecha, lament\u00f3, no se ha solucionado el problema.<\/p>\n\n\n\n<p>\u00abMientras, se reportan incendios y accidentes no s\u00f3lo en las plataformas, sino en instalaciones como la Cangrejera y la Refiner\u00eda de Minatitl\u00e1n\u00bb, se\u00f1al\u00f3.<\/p>\n\n\n\n<p>Al cierre de 2020, Pemex ten\u00eda en promedio 4 mil 100 plazas bloqueadas y para 2021 proyect\u00f3 9 mil 374 m\u00e1s, de acuerdo con datos de la propia empresa.<\/p>\n\n\n\n<p>Suman v\u00edctimas<\/p>\n\n\n\n<p>Jair Mandujano P\u00e9rez, petrolero fallecido en el incendio de la plataforma Ku-Alfa, ingres\u00f3 a Pemex Exploraci\u00f3n y Producci\u00f3n (PEP) en 2007.<\/p>\n\n\n\n<p>Lleg\u00f3 como obrero y despu\u00e9s como ayudante B de producci\u00f3n con sede en Ciudad del Carmen, Campeche. Era miembro de la secci\u00f3n 47 del STPRM.<\/p>\n\n\n\n<p>De 36 a\u00f1os, originario de Minatitl\u00e1n, Veracruz, viv\u00eda con su esposa y dos hijos en el puerto veracruzano.<\/p>\n\n\n\n<p>El pasado mi\u00e9rcoles el cuerpo del trabajador fue sepultado en el Pante\u00f3n Hidalgo de Minatitl\u00e1n, entre mariachis, m\u00fasica de banda y cohetes.<\/p>\n\n\n\n<p>Entre los fallecidos tambi\u00e9n se encuentran cuatro trabajadores de la contratista Cotemar, dedicada al sector de petr\u00f3leo y gas en aguas someras, profundas y log\u00edstica.<\/p>\n\n\n\n<p>Uno es Jon\u00e1s Gallegos Hern\u00e1ndez, un joven de 29 a\u00f1os originario de San Blas Atempa, Oaxaca.<\/p>\n\n\n\n<p>Tambi\u00e9n est\u00e1n Jes\u00fas Guadalupe Molina Barrientos, Alejandro Vidal del \u00c1ngel y Belisario Alcudia Custodio, quienes efectuaban trabajos de limpieza en la estaci\u00f3n de Compresi\u00f3n para la instalaci\u00f3n de placas de bloqueo en el arreglo de descarga de los turbocompresores 2 y 3.<\/p>\n\n\n\n<p>Tambi\u00e9n se report\u00f3 el fallecimiento de la ingeniera qu\u00edmica Yesenia Torres Jim\u00e9nez, originaria de Jalpa de M\u00e9ndez, en Tabasco.<\/p>\n\n\n\n<p>La joven fue egresada de la Divisi\u00f3n Acad\u00e9mica de Ingenier\u00eda y Arquitectura de la Universidad Ju\u00e1rez Aut\u00f3noma de Tabasco, en el Municipio de Cunduac\u00e1n.<\/p>\n\n\n\n<p>Junto con el ingeniero \u00c1ngel Roque Esteban de Campeche, ambos pertenec\u00edan a la empresa Bufete de Monitoreo de Condiciones e Integridad (BMCI) quienes realizaban trabajos programados de mantenimiento preventivo y de limpieza de l\u00edneas de los cabezales de succi\u00f3n, as\u00ed como descarga de gas de los compresores de bombeo neum\u00e1tico. (Fuente:Agencia Reforma)<\/p>\n","protected":false},"excerpt":{"rendered":"<p>(Redacci\u00f3n) Al cierre de 2020, Pemex ten\u00eda en promedio 4 mil 100 plazas bloqueadas y para 2021 proyect\u00f3 9 mil 374 m\u00e1s, de acuerdo con datos de la propia empresa Ciudad del Carmen, Campeche 28 de agosto de 2021.- Empleados de Pemex, compa\u00f1eros de cinco de los siete trabajadores fallecidos en la plataforma marina Ku-Alfa, [&hellip;]<\/p>\n","protected":false},"author":1,"featured_media":187628,"comment_status":"open","ping_status":"open","sticky":false,"template":"","format":"standard","meta":{"footnotes":""},"categories":[4,8],"tags":[],"class_list":["post-187627","post","type-post","status-publish","format-standard","has-post-thumbnail","hentry","category-campeche","category-pais","entry","has-media"],"jetpack_featured_media_url":"http:\/\/vertienteglobal.com\/wp-content\/uploads\/2021\/08\/153679.jpg","_links":{"self":[{"href":"http:\/\/vertienteglobal.com\/index.php?rest_route=\/wp\/v2\/posts\/187627","targetHints":{"allow":["GET"]}}],"collection":[{"href":"http:\/\/vertienteglobal.com\/index.php?rest_route=\/wp\/v2\/posts"}],"about":[{"href":"http:\/\/vertienteglobal.com\/index.php?rest_route=\/wp\/v2\/types\/post"}],"author":[{"embeddable":true,"href":"http:\/\/vertienteglobal.com\/index.php?rest_route=\/wp\/v2\/users\/1"}],"replies":[{"embeddable":true,"href":"http:\/\/vertienteglobal.com\/index.php?rest_route=%2Fwp%2Fv2%2Fcomments&post=187627"}],"version-history":[{"count":0,"href":"http:\/\/vertienteglobal.com\/index.php?rest_route=\/wp\/v2\/posts\/187627\/revisions"}],"wp:featuredmedia":[{"embeddable":true,"href":"http:\/\/vertienteglobal.com\/index.php?rest_route=\/wp\/v2\/media\/187628"}],"wp:attachment":[{"href":"http:\/\/vertienteglobal.com\/index.php?rest_route=%2Fwp%2Fv2%2Fmedia&parent=187627"}],"wp:term":[{"taxonomy":"category","embeddable":true,"href":"http:\/\/vertienteglobal.com\/index.php?rest_route=%2Fwp%2Fv2%2Fcategories&post=187627"},{"taxonomy":"post_tag","embeddable":true,"href":"http:\/\/vertienteglobal.com\/index.php?rest_route=%2Fwp%2Fv2%2Ftags&post=187627"}],"curies":[{"name":"wp","href":"https:\/\/api.w.org\/{rel}","templated":true}]}}