{"id":187268,"date":"2021-08-24T19:35:00","date_gmt":"2021-08-25T00:35:00","guid":{"rendered":"http:\/\/vertienteglobal.com\/?p=187268"},"modified":"2021-08-24T23:37:45","modified_gmt":"2021-08-25T04:37:45","slug":"nino-vende-dulces-para-pagar-sus-utiles-escolares","status":"publish","type":"post","link":"http:\/\/vertienteglobal.com\/?p=187268","title":{"rendered":"Ni\u00f1o vende dulces para pagar sus \u00fatiles escolares"},"content":{"rendered":"\n<div class=\"twitterbutton\" style=\"float: right; padding-left: 5px;\"><a href=\"http:\/\/twitter.com\/share\" class=\"twitter-share-button\" data-count=\"horizontal\" data-text=\"Ni\u00f1o vende dulces para pagar sus \u00fatiles escolares\" data-via=\"https:\/\/twitter.com\/VertienteGloba1\" data-url=\"http:\/\/vertienteglobal.com\/?p=187268\" data-lang=\"es\" data-related=\"Informaci\u00f3n general:S\u00edguenos para que est\u00e9ss informado\"><\/a><\/div>\n<figure class=\"wp-block-image size-large\"><img loading=\"lazy\" decoding=\"async\" width=\"1024\" height=\"683\" src=\"http:\/\/vertienteglobal.com\/wp-content\/uploads\/2021\/08\/1174208.jpg\" alt=\"\" class=\"wp-image-187269\" srcset=\"http:\/\/vertienteglobal.com\/wp-content\/uploads\/2021\/08\/1174208.jpg 1024w, http:\/\/vertienteglobal.com\/wp-content\/uploads\/2021\/08\/1174208-300x200.jpg 300w, http:\/\/vertienteglobal.com\/wp-content\/uploads\/2021\/08\/1174208-150x100.jpg 150w, http:\/\/vertienteglobal.com\/wp-content\/uploads\/2021\/08\/1174208-768x512.jpg 768w\" sizes=\"auto, (max-width: 1024px) 100vw, 1024px\" \/><\/figure>\n\n\n\n<p>(Redacci\u00f3n)<\/p>\n\n\n\n<p>Medios locales reportan que\u00a0\u00c1ngel\u00a0decidi\u00f3 poner el puesto de dulces para poder comprar la mochila y el resto de \u00fatiles escolares necesarios para el regreso a clases<\/p>\n\n\n\n<p>Ciudad de M\u00e9xico 24 de agosto de 2021.-\u00c1ngel Antonio es un ni\u00f1o de ocho a\u00f1os que para apoyar a sus pap\u00e1s, decidi\u00f3\u00a0vender dulces en su casa en Ciudad Obreg\u00f3n, Sonora.<\/p>\n\n\n\n<p>As\u00ed busca juntar dinero y poder comprar&nbsp;sus \u00fatiles escolares de cara al&nbsp;regreso a clases&nbsp;en este nuevo ciclo que est\u00e1 por comenzar.<\/p>\n\n\n\n<p>Medios locales reportan que&nbsp;\u00c1ngel&nbsp;decidi\u00f3 poner el puesto de dulces para poder comprar la mochila y el resto de \u00fatiles escolares necesarios para el regreso a clases.<\/p>\n\n\n\n<p>De acuerdo con reportes, el menor tom\u00f3 esta decisi\u00f3n debido a que su familia pasa por una delicada situaci\u00f3n econ\u00f3mica.\u00a0(Fuente: Noticieros Televisa)<\/p>\n","protected":false},"excerpt":{"rendered":"<p>(Redacci\u00f3n) Medios locales reportan que\u00a0\u00c1ngel\u00a0decidi\u00f3 poner el puesto de dulces para poder comprar la mochila y el resto de \u00fatiles escolares necesarios para el regreso a clases Ciudad de M\u00e9xico 24 de agosto de 2021.-\u00c1ngel Antonio es un ni\u00f1o de ocho a\u00f1os que para apoyar a sus pap\u00e1s, decidi\u00f3\u00a0vender dulces en su casa en Ciudad [&hellip;]<\/p>\n","protected":false},"author":1,"featured_media":187269,"comment_status":"open","ping_status":"open","sticky":false,"template":"","format":"standard","meta":{"footnotes":""},"categories":[9,8],"tags":[],"class_list":["post-187268","post","type-post","status-publish","format-standard","has-post-thumbnail","hentry","category-educacion","category-pais","entry","has-media"],"jetpack_featured_media_url":"http:\/\/vertienteglobal.com\/wp-content\/uploads\/2021\/08\/1174208.jpg","_links":{"self":[{"href":"http:\/\/vertienteglobal.com\/index.php?rest_route=\/wp\/v2\/posts\/187268","targetHints":{"allow":["GET"]}}],"collection":[{"href":"http:\/\/vertienteglobal.com\/index.php?rest_route=\/wp\/v2\/posts"}],"about":[{"href":"http:\/\/vertienteglobal.com\/index.php?rest_route=\/wp\/v2\/types\/post"}],"author":[{"embeddable":true,"href":"http:\/\/vertienteglobal.com\/index.php?rest_route=\/wp\/v2\/users\/1"}],"replies":[{"embeddable":true,"href":"http:\/\/vertienteglobal.com\/index.php?rest_route=%2Fwp%2Fv2%2Fcomments&post=187268"}],"version-history":[{"count":0,"href":"http:\/\/vertienteglobal.com\/index.php?rest_route=\/wp\/v2\/posts\/187268\/revisions"}],"wp:featuredmedia":[{"embeddable":true,"href":"http:\/\/vertienteglobal.com\/index.php?rest_route=\/wp\/v2\/media\/187269"}],"wp:attachment":[{"href":"http:\/\/vertienteglobal.com\/index.php?rest_route=%2Fwp%2Fv2%2Fmedia&parent=187268"}],"wp:term":[{"taxonomy":"category","embeddable":true,"href":"http:\/\/vertienteglobal.com\/index.php?rest_route=%2Fwp%2Fv2%2Fcategories&post=187268"},{"taxonomy":"post_tag","embeddable":true,"href":"http:\/\/vertienteglobal.com\/index.php?rest_route=%2Fwp%2Fv2%2Ftags&post=187268"}],"curies":[{"name":"wp","href":"https:\/\/api.w.org\/{rel}","templated":true}]}}