{"id":187133,"date":"2021-08-23T17:49:00","date_gmt":"2021-08-23T22:49:00","guid":{"rendered":"http:\/\/vertienteglobal.com\/?p=187133"},"modified":"2021-08-23T18:18:14","modified_gmt":"2021-08-23T23:18:14","slug":"dif-yucatan-festejara-a-personas-adultas-mayores-con-programa-especial","status":"publish","type":"post","link":"http:\/\/vertienteglobal.com\/?p=187133","title":{"rendered":"DIF Yucat\u00e1n festejar\u00e1 a personas adultas mayores con programa especial"},"content":{"rendered":"\n<div class=\"twitterbutton\" style=\"float: right; padding-left: 5px;\"><a href=\"http:\/\/twitter.com\/share\" class=\"twitter-share-button\" data-count=\"horizontal\" data-text=\"DIF Yucat\u00e1n festejar\u00e1 a personas adultas mayores con programa especial\" data-via=\"https:\/\/twitter.com\/VertienteGloba1\" data-url=\"http:\/\/vertienteglobal.com\/?p=187133\" data-lang=\"es\" data-related=\"Informaci\u00f3n general:S\u00edguenos para que est\u00e9ss informado\"><\/a><\/div>\n<figure class=\"wp-block-image size-large\"><img loading=\"lazy\" decoding=\"async\" width=\"660\" height=\"330\" src=\"http:\/\/vertienteglobal.com\/wp-content\/uploads\/2021\/08\/Juan-Barea-Canul-660x330-1.jpeg\" alt=\"\" class=\"wp-image-187134\" srcset=\"http:\/\/vertienteglobal.com\/wp-content\/uploads\/2021\/08\/Juan-Barea-Canul-660x330-1.jpeg 660w, http:\/\/vertienteglobal.com\/wp-content\/uploads\/2021\/08\/Juan-Barea-Canul-660x330-1-300x150.jpeg 300w, http:\/\/vertienteglobal.com\/wp-content\/uploads\/2021\/08\/Juan-Barea-Canul-660x330-1-150x75.jpeg 150w\" sizes=\"auto, (max-width: 660px) 100vw, 660px\" \/><\/figure>\n\n\n\n<p>(Redacci\u00f3n)<\/p>\n\n\n\n<p>\u201cCelebrando en familia, el D\u00eda de las Personas Adultas Mayores\u201d se realiza por segundo a\u00f1o consecutivo<\/p>\n\n\n\n<p>Se transmitir\u00e1 este domingo 29 de agosto, a las 19:30, a trav\u00e9s del canal 4.1 de Tele Yucat\u00e1n<\/p>\n\n\n\n<p>M\u00e9rida, Yucat\u00e1n, 23 de agosto de 2021.- A fin de reconocer, dignificar y festejar a las personas adultas mayores, adem\u00e1s de informarles sobre los programas de atenci\u00f3n integral que ofrece la administraci\u00f3n que encabeza el Gobernador Mauricio Vila Dosal, el Sistema para el Desarrollo Integral de la Familia (DIF) Yucat\u00e1n las celebrar\u00e1 con un programa especial, por segundo a\u00f1o consecutivo.<\/p>\n\n\n\n<p>\u201cCelebrando en familia, el D\u00eda de las Personas Adultas Mayores\u201d es el nombre de este evento, que se transmitir\u00e1 este domingo 29 de agosto, a las 19:30 horas, a trav\u00e9s del canal 4.1 de Tele Yucat\u00e1n, con la meta de llevar informaci\u00f3n relevante en la materia a los 106 municipios de la entidad, inform\u00f3 el director General de la dependencia, Juan Barea Canul.<\/p>\n\n\n\n<p>\u201cLas personas adultas mayores son parte fundamental de la sociedad y, en el DIF Yucat\u00e1n, estamos comprometidos con ofrecer un servicio integral a este sector de la poblaci\u00f3n, pero sobre todo, promover su dignificaci\u00f3n\u201d, a\u00f1adi\u00f3 el funcionario sobre esta actividad, la cual durar\u00e1 una hora y conducir\u00e1 la locutora Brenda \u201cLa abejita\u201d Cruz, con su singular alegr\u00eda y espontaneidad.<\/p>\n\n\n\n<p>M\u00fasica, danza, activaciones f\u00edsicas y entrevistas formar\u00e1n parte de este programa, coment\u00f3, para que las y los festejados puedan pasar un rato agradable celebrando su fecha, desde la comodidad de sus hogares, en compa\u00f1\u00eda de sus familias y en horario estelar.<\/p>\n\n\n\n<p>Record\u00f3 que el compromiso del DIF es ofrecer mejores oportunidades y programas para que toda la poblaci\u00f3n acceda a una vida plena; por ello, resultado del trabajo coordinado con otras dependencias, en esta edici\u00f3n, se contar\u00e1 con la colaboraci\u00f3n del Servicio Nacional del Empleo (SNEY), el Centro Estatal de Prevenci\u00f3n del Delito y Participaci\u00f3n Ciudadana (Cepredey) y el Palacio de la M\u00fasica.<\/p>\n\n\n\n<p>Amenizar\u00e1n Los M\u00e9ndez con sus mejores \u00e9xitos; presentar\u00e1n bailables los Clubes del Adulto Mayor y de Jazz, de los respectivos Centros de Desarrollo Familiar Urbanos \u201cCastilla C\u00e1mara\u201d y \u201cMar\u00eda Luisa\u201d; habr\u00e1 ejercicios f\u00edsicos o de rehabilitaci\u00f3n y consejos sobre nutrici\u00f3n, y se brindar\u00e1 informaci\u00f3n de los programas y servicios que ofrecen tanto el DIF como el SNEY a este sector.<\/p>\n","protected":false},"excerpt":{"rendered":"<p>(Redacci\u00f3n) \u201cCelebrando en familia, el D\u00eda de las Personas Adultas Mayores\u201d se realiza por segundo a\u00f1o consecutivo Se transmitir\u00e1 este domingo 29 de agosto, a las 19:30, a trav\u00e9s del canal 4.1 de Tele Yucat\u00e1n M\u00e9rida, Yucat\u00e1n, 23 de agosto de 2021.- A fin de reconocer, dignificar y festejar a las personas adultas mayores, adem\u00e1s [&hellip;]<\/p>\n","protected":false},"author":1,"featured_media":187134,"comment_status":"open","ping_status":"open","sticky":false,"template":"","format":"standard","meta":{"footnotes":""},"categories":[2],"tags":[],"class_list":["post-187133","post","type-post","status-publish","format-standard","has-post-thumbnail","hentry","category-yucatan","entry","has-media"],"jetpack_featured_media_url":"http:\/\/vertienteglobal.com\/wp-content\/uploads\/2021\/08\/Juan-Barea-Canul-660x330-1.jpeg","_links":{"self":[{"href":"http:\/\/vertienteglobal.com\/index.php?rest_route=\/wp\/v2\/posts\/187133","targetHints":{"allow":["GET"]}}],"collection":[{"href":"http:\/\/vertienteglobal.com\/index.php?rest_route=\/wp\/v2\/posts"}],"about":[{"href":"http:\/\/vertienteglobal.com\/index.php?rest_route=\/wp\/v2\/types\/post"}],"author":[{"embeddable":true,"href":"http:\/\/vertienteglobal.com\/index.php?rest_route=\/wp\/v2\/users\/1"}],"replies":[{"embeddable":true,"href":"http:\/\/vertienteglobal.com\/index.php?rest_route=%2Fwp%2Fv2%2Fcomments&post=187133"}],"version-history":[{"count":0,"href":"http:\/\/vertienteglobal.com\/index.php?rest_route=\/wp\/v2\/posts\/187133\/revisions"}],"wp:featuredmedia":[{"embeddable":true,"href":"http:\/\/vertienteglobal.com\/index.php?rest_route=\/wp\/v2\/media\/187134"}],"wp:attachment":[{"href":"http:\/\/vertienteglobal.com\/index.php?rest_route=%2Fwp%2Fv2%2Fmedia&parent=187133"}],"wp:term":[{"taxonomy":"category","embeddable":true,"href":"http:\/\/vertienteglobal.com\/index.php?rest_route=%2Fwp%2Fv2%2Fcategories&post=187133"},{"taxonomy":"post_tag","embeddable":true,"href":"http:\/\/vertienteglobal.com\/index.php?rest_route=%2Fwp%2Fv2%2Ftags&post=187133"}],"curies":[{"name":"wp","href":"https:\/\/api.w.org\/{rel}","templated":true}]}}